{"id":7830,"date":"2019-05-29T12:24:50","date_gmt":"2019-05-29T10:24:50","guid":{"rendered":"http:\/\/www.swiftcupeurope.com\/?p=7830"},"modified":"2021-05-22T22:54:58","modified_gmt":"2021-05-22T20:54:58","slug":"salzburgringen-1-kor-lengyel-adammal-2-futam","status":"publish","type":"post","link":"https:\/\/www.swiftcupeurope.com\/en\/2019\/videok\/salzburgringen-1-kor-lengyel-adammal-2-futam\/","title":{"rendered":"Salzburgringen 1 k\u00f6r Lengyel \u00c1d\u00e1mmal (2.futam)"},"content":{"rendered":"<div style=\"width: 800px;\" class=\"wp-video\"><!--[if lt IE 9]><script>document.createElement('video');<\/script><![endif]-->\n<video class=\"wp-video-shortcode\" id=\"video-7830-1\" width=\"800\" height=\"450\" poster=\"http:\/\/www.swiftcupeurope.com\/wp-content\/uploads\/2019\/05\/ADAM_2futam_1kor_thumb0.jpg\" preload=\"metadata\" controls=\"controls\"><source type=\"video\/mp4\" src=\"http:\/\/www.swiftcupeurope.com\/wp-content\/uploads\/2019\/05\/ADAM_2futam_1kor.mp4?_=1\" \/><a href=\"http:\/\/www.swiftcupeurope.com\/wp-content\/uploads\/2019\/05\/ADAM_2futam_1kor.mp4\">http:\/\/www.swiftcupeurope.com\/wp-content\/uploads\/2019\/05\/ADAM_2futam_1kor.mp4<\/a><\/video><\/div>","protected":false},"excerpt":{"rendered":"","protected":false},"author":2,"featured_media":7832,"comment_status":"closed","ping_status":"closed","sticky":false,"template":"","format":"video","meta":{"footnotes":""},"categories":[138],"tags":[80,70],"yoast_head":"<!-- This site is optimized with the Yoast SEO Premium plugin v21.1 (Yoast SEO v21.7) - https:\/\/yoast.com\/wordpress\/plugins\/seo\/ -->\n<title>Salzburgringen 1 k\u00f6r Lengyel \u00c1d\u00e1mmal (2.futam) - FIA Swift Cup Europe<\/title>\n<meta name=\"robots\" content=\"index, follow, max-snippet:-1, max-image-preview:large, max-video-preview:-1\" \/>\n<link rel=\"canonical\" href=\"https:\/\/www.swiftcupeurope.com\/en\/2019\/videok\/salzburgringen-1-kor-lengyel-adammal-2-futam\/\" \/>\n<meta property=\"og:locale\" content=\"en_US\" \/>\n<meta property=\"og:type\" content=\"article\" \/>\n<meta property=\"og:title\" content=\"Salzburgringen 1 k\u00f6r Lengyel \u00c1d\u00e1mmal (2.futam)\" \/>\n<meta property=\"og:url\" content=\"https:\/\/www.swiftcupeurope.com\/en\/2019\/videok\/salzburgringen-1-kor-lengyel-adammal-2-futam\/\" \/>\n<meta property=\"og:site_name\" content=\"FIA Swift Cup Europe\" \/>\n<meta property=\"article:published_time\" content=\"2019-05-29T10:24:50+00:00\" \/>\n<meta property=\"article:modified_time\" content=\"2021-05-22T20:54:58+00:00\" \/>\n<meta property=\"og:image\" content=\"https:\/\/www.swiftcupeurope.com\/wp-content\/uploads\/2019\/05\/ADAM_2futam_1kor_thumb0.jpg\" \/>\n\t<meta property=\"og:image:width\" content=\"1920\" \/>\n\t<meta property=\"og:image:height\" content=\"1080\" \/>\n\t<meta property=\"og:image:type\" content=\"image\/jpeg\" \/>\n<meta name=\"author\" content=\"swiftcupeurope\" \/>\n<meta name=\"twitter:card\" content=\"summary_large_image\" \/>\n<meta name=\"twitter:label1\" content=\"Written by\" \/>\n\t<meta name=\"twitter:data1\" content=\"swiftcupeurope\" \/>\n<script type=\"application\/ld+json\" class=\"yoast-schema-graph\">{\"@context\":\"https:\/\/schema.org\",\"@graph\":[{\"@type\":\"Article\",\"@id\":\"https:\/\/www.swiftcupeurope.com\/en\/2019\/videok\/salzburgringen-1-kor-lengyel-adammal-2-futam\/#article\",\"isPartOf\":{\"@id\":\"https:\/\/www.swiftcupeurope.com\/en\/2019\/videok\/salzburgringen-1-kor-lengyel-adammal-2-futam\/\"},\"author\":{\"name\":\"swiftcupeurope\",\"@id\":\"https:\/\/www.swiftcupeurope.com\/#\/schema\/person\/03cb2427aeeeeac4a49a03160d04e8fe\"},\"headline\":\"Salzburgringen 1 k\u00f6r Lengyel \u00c1d\u00e1mmal (2.futam)\",\"datePublished\":\"2019-05-29T10:24:50+00:00\",\"dateModified\":\"2021-05-22T20:54:58+00:00\",\"mainEntityOfPage\":{\"@id\":\"https:\/\/www.swiftcupeurope.com\/en\/2019\/videok\/salzburgringen-1-kor-lengyel-adammal-2-futam\/\"},\"wordCount\":34,\"publisher\":{\"@id\":\"https:\/\/www.swiftcupeurope.com\/#organization\"},\"keywords\":[\"OnBoard video\",\"salzburgring\"],\"articleSection\":[\"Vide\u00f3k\"],\"inLanguage\":\"en-US\"},{\"@type\":\"WebPage\",\"@id\":\"https:\/\/www.swiftcupeurope.com\/en\/2019\/videok\/salzburgringen-1-kor-lengyel-adammal-2-futam\/\",\"url\":\"https:\/\/www.swiftcupeurope.com\/en\/2019\/videok\/salzburgringen-1-kor-lengyel-adammal-2-futam\/\",\"name\":\"Salzburgringen 1 k\u00f6r Lengyel \u00c1d\u00e1mmal (2.futam) - FIA Swift Cup Europe\",\"isPartOf\":{\"@id\":\"https:\/\/www.swiftcupeurope.com\/#website\"},\"datePublished\":\"2019-05-29T10:24:50+00:00\",\"dateModified\":\"2021-05-22T20:54:58+00:00\",\"breadcrumb\":{\"@id\":\"https:\/\/www.swiftcupeurope.com\/en\/2019\/videok\/salzburgringen-1-kor-lengyel-adammal-2-futam\/#breadcrumb\"},\"inLanguage\":\"en-US\",\"potentialAction\":[{\"@type\":\"ReadAction\",\"target\":[\"https:\/\/www.swiftcupeurope.com\/en\/2019\/videok\/salzburgringen-1-kor-lengyel-adammal-2-futam\/\"]}]},{\"@type\":\"BreadcrumbList\",\"@id\":\"https:\/\/www.swiftcupeurope.com\/en\/2019\/videok\/salzburgringen-1-kor-lengyel-adammal-2-futam\/#breadcrumb\",\"itemListElement\":[{\"@type\":\"ListItem\",\"position\":1,\"name\":\"Kezd\u0151lap\",\"item\":\"https:\/\/www.swiftcupeurope.com\/\"},{\"@type\":\"ListItem\",\"position\":2,\"name\":\"Salzburgringen 1 k\u00f6r Lengyel \u00c1d\u00e1mmal (2.futam)\"}]},{\"@type\":\"WebSite\",\"@id\":\"https:\/\/www.swiftcupeurope.com\/#website\",\"url\":\"https:\/\/www.swiftcupeurope.com\/\",\"name\":\"FIA Swift Cup Europe\",\"description\":\"FIA Swift Cup Europe \/ Official Website\",\"publisher\":{\"@id\":\"https:\/\/www.swiftcupeurope.com\/#organization\"},\"potentialAction\":[{\"@type\":\"SearchAction\",\"target\":{\"@type\":\"EntryPoint\",\"urlTemplate\":\"https:\/\/www.swiftcupeurope.com\/?s={search_term_string}\"},\"query-input\":\"required name=search_term_string\"}],\"inLanguage\":\"en-US\"},{\"@type\":\"Organization\",\"@id\":\"https:\/\/www.swiftcupeurope.com\/#organization\",\"name\":\"FIA Swift Cup Europe\",\"url\":\"https:\/\/www.swiftcupeurope.com\/\",\"logo\":{\"@type\":\"ImageObject\",\"inLanguage\":\"en-US\",\"@id\":\"https:\/\/www.swiftcupeurope.com\/#\/schema\/logo\/image\/\",\"url\":\"https:\/\/www.swiftcupeurope.com\/wp-content\/uploads\/2021\/04\/cropped-sce_logo_2021inv.png\",\"contentUrl\":\"https:\/\/www.swiftcupeurope.com\/wp-content\/uploads\/2021\/04\/cropped-sce_logo_2021inv.png\",\"width\":600,\"height\":120,\"caption\":\"FIA Swift Cup Europe\"},\"image\":{\"@id\":\"https:\/\/www.swiftcupeurope.com\/#\/schema\/logo\/image\/\"}},{\"@type\":\"Person\",\"@id\":\"https:\/\/www.swiftcupeurope.com\/#\/schema\/person\/03cb2427aeeeeac4a49a03160d04e8fe\",\"name\":\"swiftcupeurope\",\"url\":\"https:\/\/www.swiftcupeurope.com\/en\/author\/swiftcupeurope\/\"}]}<\/script>\n<!-- \/ Yoast SEO Premium plugin. -->","yoast_head_json":{"title":"Salzburgringen 1 k\u00f6r Lengyel \u00c1d\u00e1mmal (2.futam) - FIA Swift Cup Europe","robots":{"index":"index","follow":"follow","max-snippet":"max-snippet:-1","max-image-preview":"max-image-preview:large","max-video-preview":"max-video-preview:-1"},"canonical":"https:\/\/www.swiftcupeurope.com\/en\/2019\/videok\/salzburgringen-1-kor-lengyel-adammal-2-futam\/","og_locale":"en_US","og_type":"article","og_title":"Salzburgringen 1 k\u00f6r Lengyel \u00c1d\u00e1mmal (2.futam)","og_url":"https:\/\/www.swiftcupeurope.com\/en\/2019\/videok\/salzburgringen-1-kor-lengyel-adammal-2-futam\/","og_site_name":"FIA Swift Cup Europe","article_published_time":"2019-05-29T10:24:50+00:00","article_modified_time":"2021-05-22T20:54:58+00:00","og_image":[{"width":1920,"height":1080,"url":"https:\/\/www.swiftcupeurope.com\/wp-content\/uploads\/2019\/05\/ADAM_2futam_1kor_thumb0.jpg","type":"image\/jpeg"}],"author":"swiftcupeurope","twitter_card":"summary_large_image","twitter_misc":{"Written by":"swiftcupeurope"},"schema":{"@context":"https:\/\/schema.org","@graph":[{"@type":"Article","@id":"https:\/\/www.swiftcupeurope.com\/en\/2019\/videok\/salzburgringen-1-kor-lengyel-adammal-2-futam\/#article","isPartOf":{"@id":"https:\/\/www.swiftcupeurope.com\/en\/2019\/videok\/salzburgringen-1-kor-lengyel-adammal-2-futam\/"},"author":{"name":"swiftcupeurope","@id":"https:\/\/www.swiftcupeurope.com\/#\/schema\/person\/03cb2427aeeeeac4a49a03160d04e8fe"},"headline":"Salzburgringen 1 k\u00f6r Lengyel \u00c1d\u00e1mmal (2.futam)","datePublished":"2019-05-29T10:24:50+00:00","dateModified":"2021-05-22T20:54:58+00:00","mainEntityOfPage":{"@id":"https:\/\/www.swiftcupeurope.com\/en\/2019\/videok\/salzburgringen-1-kor-lengyel-adammal-2-futam\/"},"wordCount":34,"publisher":{"@id":"https:\/\/www.swiftcupeurope.com\/#organization"},"keywords":["OnBoard video","salzburgring"],"articleSection":["Vide\u00f3k"],"inLanguage":"en-US"},{"@type":"WebPage","@id":"https:\/\/www.swiftcupeurope.com\/en\/2019\/videok\/salzburgringen-1-kor-lengyel-adammal-2-futam\/","url":"https:\/\/www.swiftcupeurope.com\/en\/2019\/videok\/salzburgringen-1-kor-lengyel-adammal-2-futam\/","name":"Salzburgringen 1 k\u00f6r Lengyel \u00c1d\u00e1mmal (2.futam) - FIA Swift Cup Europe","isPartOf":{"@id":"https:\/\/www.swiftcupeurope.com\/#website"},"datePublished":"2019-05-29T10:24:50+00:00","dateModified":"2021-05-22T20:54:58+00:00","breadcrumb":{"@id":"https:\/\/www.swiftcupeurope.com\/en\/2019\/videok\/salzburgringen-1-kor-lengyel-adammal-2-futam\/#breadcrumb"},"inLanguage":"en-US","potentialAction":[{"@type":"ReadAction","target":["https:\/\/www.swiftcupeurope.com\/en\/2019\/videok\/salzburgringen-1-kor-lengyel-adammal-2-futam\/"]}]},{"@type":"BreadcrumbList","@id":"https:\/\/www.swiftcupeurope.com\/en\/2019\/videok\/salzburgringen-1-kor-lengyel-adammal-2-futam\/#breadcrumb","itemListElement":[{"@type":"ListItem","position":1,"name":"Kezd\u0151lap","item":"https:\/\/www.swiftcupeurope.com\/"},{"@type":"ListItem","position":2,"name":"Salzburgringen 1 k\u00f6r Lengyel \u00c1d\u00e1mmal (2.futam)"}]},{"@type":"WebSite","@id":"https:\/\/www.swiftcupeurope.com\/#website","url":"https:\/\/www.swiftcupeurope.com\/","name":"FIA Swift Cup Europe","description":"FIA Swift Cup Europe \/ Official Website","publisher":{"@id":"https:\/\/www.swiftcupeurope.com\/#organization"},"potentialAction":[{"@type":"SearchAction","target":{"@type":"EntryPoint","urlTemplate":"https:\/\/www.swiftcupeurope.com\/?s={search_term_string}"},"query-input":"required name=search_term_string"}],"inLanguage":"en-US"},{"@type":"Organization","@id":"https:\/\/www.swiftcupeurope.com\/#organization","name":"FIA Swift Cup Europe","url":"https:\/\/www.swiftcupeurope.com\/","logo":{"@type":"ImageObject","inLanguage":"en-US","@id":"https:\/\/www.swiftcupeurope.com\/#\/schema\/logo\/image\/","url":"https:\/\/www.swiftcupeurope.com\/wp-content\/uploads\/2021\/04\/cropped-sce_logo_2021inv.png","contentUrl":"https:\/\/www.swiftcupeurope.com\/wp-content\/uploads\/2021\/04\/cropped-sce_logo_2021inv.png","width":600,"height":120,"caption":"FIA Swift Cup Europe"},"image":{"@id":"https:\/\/www.swiftcupeurope.com\/#\/schema\/logo\/image\/"}},{"@type":"Person","@id":"https:\/\/www.swiftcupeurope.com\/#\/schema\/person\/03cb2427aeeeeac4a49a03160d04e8fe","name":"swiftcupeurope","url":"https:\/\/www.swiftcupeurope.com\/en\/author\/swiftcupeurope\/"}]}},"_links":{"self":[{"href":"https:\/\/www.swiftcupeurope.com\/en\/wp-json\/wp\/v2\/posts\/7830"}],"collection":[{"href":"https:\/\/www.swiftcupeurope.com\/en\/wp-json\/wp\/v2\/posts"}],"about":[{"href":"https:\/\/www.swiftcupeurope.com\/en\/wp-json\/wp\/v2\/types\/post"}],"author":[{"embeddable":true,"href":"https:\/\/www.swiftcupeurope.com\/en\/wp-json\/wp\/v2\/users\/2"}],"replies":[{"embeddable":true,"href":"https:\/\/www.swiftcupeurope.com\/en\/wp-json\/wp\/v2\/comments?post=7830"}],"version-history":[{"count":2,"href":"https:\/\/www.swiftcupeurope.com\/en\/wp-json\/wp\/v2\/posts\/7830\/revisions"}],"predecessor-version":[{"id":7834,"href":"https:\/\/www.swiftcupeurope.com\/en\/wp-json\/wp\/v2\/posts\/7830\/revisions\/7834"}],"wp:featuredmedia":[{"embeddable":true,"href":"https:\/\/www.swiftcupeurope.com\/en\/wp-json\/wp\/v2\/media\/7832"}],"wp:attachment":[{"href":"https:\/\/www.swiftcupeurope.com\/en\/wp-json\/wp\/v2\/media?parent=7830"}],"wp:term":[{"taxonomy":"category","embeddable":true,"href":"https:\/\/www.swiftcupeurope.com\/en\/wp-json\/wp\/v2\/categories?post=7830"},{"taxonomy":"post_tag","embeddable":true,"href":"https:\/\/www.swiftcupeurope.com\/en\/wp-json\/wp\/v2\/tags?post=7830"}],"curies":[{"name":"wp","href":"https:\/\/api.w.org\/{rel}","templated":true}]}}