{"id":61,"date":"2014-04-30T14:39:32","date_gmt":"2014-04-30T14:39:32","guid":{"rendered":"http:\/\/td_uid_10_56a4e224e8395"},"modified":"2014-04-30T14:39:32","modified_gmt":"2014-04-30T14:39:32","slug":"hungaroring2014_1","status":"publish","type":"post","link":"https:\/\/www.swiftcupeurope.com\/en\/2014\/uncategorized\/hungaroring2014_1\/","title":{"rendered":"2014. els\u0151 h\u00e9tv\u00e9ge, Hungaroring"},"content":{"rendered":"<p>A DigiSporton fut\u00f3 Swift Cup Europe m\u0171sor 1. r\u00e9sze az \u00e1prilisi szezonnyit\u00f3r\u00f3l a Hungaroringen.<\/p>\n<p>Elindult az FIA Swift Cup Europe sorozat, melynek els\u0151 h\u00e9tv\u00e9g\u00e9j\u00e9nek \u00f6sszefoglal\u00f3ja a DigiSporton ker\u00fcl m\u0171sorra.<\/p>\n<p>A Hungaroringen nyitotta a szezont az imm\u00e1r FIA Eur\u00f3pa-bajnoks\u00e1gg\u00e1 avanzs\u00e1lt Swift Cup Europe \u00e1prilis utols\u00f3 h\u00e9tv\u00e9g\u00e9j\u00e9n. Az osztr\u00e1k suzukisokkal kieg\u00e9sz\u00fclt mez\u0151ny rajtr\u00e1cs\u00e1ra rekordsz\u00e1m\u00fa, 27 aut\u00f3 \u00e1llt fel.<\/p>","protected":false},"excerpt":{"rendered":"<p>A DigiSporton fut\u00f3 Swift Cup Europe m\u0171sor 1. r\u00e9sze az \u00e1prilisi szezonnyit\u00f3r\u00f3l a Hungaroringen. Elindult az FIA Swift Cup Europe sorozat, melynek els\u0151 h\u00e9tv\u00e9g\u00e9j\u00e9nek \u00f6sszefoglal\u00f3ja a DigiSporton ker\u00fcl m\u0171sorra. A Hungaroringen nyitotta a szezont az imm\u00e1r FIA Eur\u00f3pa-bajnoks\u00e1gg\u00e1 avanzs\u00e1lt Swift Cup Europe \u00e1prilis utols\u00f3 h\u00e9tv\u00e9g\u00e9j\u00e9n. Az osztr\u00e1k suzukisokkal kieg\u00e9sz\u00fclt mez\u0151ny rajtr\u00e1cs\u00e1ra rekordsz\u00e1m\u00fa, 27 aut\u00f3 \u00e1llt [&hellip;]<\/p>","protected":false},"author":2,"featured_media":2350,"comment_status":"open","ping_status":"open","sticky":false,"template":"","format":"video","meta":{"footnotes":""},"categories":[1],"tags":[],"yoast_head":"<!-- This site is optimized with the Yoast SEO Premium plugin v21.1 (Yoast SEO v21.7) - https:\/\/yoast.com\/wordpress\/plugins\/seo\/ -->\n<title>2014. els\u0151 h\u00e9tv\u00e9ge, Hungaroring - FIA Swift Cup Europe<\/title>\n<meta name=\"robots\" content=\"index, follow, max-snippet:-1, max-image-preview:large, max-video-preview:-1\" \/>\n<link rel=\"canonical\" href=\"https:\/\/www.swiftcupeurope.com\/en\/2014\/uncategorized\/hungaroring2014_1\/\" \/>\n<meta property=\"og:locale\" content=\"en_US\" \/>\n<meta property=\"og:type\" content=\"article\" \/>\n<meta property=\"og:title\" content=\"2014. els\u0151 h\u00e9tv\u00e9ge, Hungaroring\" \/>\n<meta property=\"og:description\" content=\"A DigiSporton fut\u00f3 Swift Cup Europe m\u0171sor 1. r\u00e9sze az \u00e1prilisi szezonnyit\u00f3r\u00f3l a Hungaroringen. Elindult az FIA Swift Cup Europe sorozat, melynek els\u0151 h\u00e9tv\u00e9g\u00e9j\u00e9nek \u00f6sszefoglal\u00f3ja a DigiSporton ker\u00fcl m\u0171sorra. A Hungaroringen nyitotta a szezont az imm\u00e1r FIA Eur\u00f3pa-bajnoks\u00e1gg\u00e1 avanzs\u00e1lt Swift Cup Europe \u00e1prilis utols\u00f3 h\u00e9tv\u00e9g\u00e9j\u00e9n. Az osztr\u00e1k suzukisokkal kieg\u00e9sz\u00fclt mez\u0151ny rajtr\u00e1cs\u00e1ra rekordsz\u00e1m\u00fa, 27 aut\u00f3 \u00e1llt [&hellip;]\" \/>\n<meta property=\"og:url\" content=\"https:\/\/www.swiftcupeurope.com\/en\/2014\/uncategorized\/hungaroring2014_1\/\" \/>\n<meta property=\"og:site_name\" content=\"FIA Swift Cup Europe\" \/>\n<meta property=\"article:published_time\" content=\"2014-04-30T14:39:32+00:00\" \/>\n<meta property=\"og:image\" content=\"https:\/\/www.swiftcupeurope.com\/wp-content\/uploads\/2014\/04\/maxresdefault-6.jpg\" \/>\n\t<meta property=\"og:image:width\" content=\"1280\" \/>\n\t<meta property=\"og:image:height\" content=\"720\" \/>\n\t<meta property=\"og:image:type\" content=\"image\/jpeg\" \/>\n<meta name=\"author\" content=\"swiftcupeurope\" \/>\n<meta name=\"twitter:card\" content=\"summary_large_image\" \/>\n<meta name=\"twitter:label1\" content=\"Written by\" \/>\n\t<meta name=\"twitter:data1\" content=\"swiftcupeurope\" \/>\n<script type=\"application\/ld+json\" class=\"yoast-schema-graph\">{\"@context\":\"https:\/\/schema.org\",\"@graph\":[{\"@type\":\"Article\",\"@id\":\"https:\/\/www.swiftcupeurope.com\/en\/2014\/uncategorized\/hungaroring2014_1\/#article\",\"isPartOf\":{\"@id\":\"https:\/\/www.swiftcupeurope.com\/en\/2014\/uncategorized\/hungaroring2014_1\/\"},\"author\":{\"name\":\"swiftcupeurope\",\"@id\":\"https:\/\/www.swiftcupeurope.com\/#\/schema\/person\/03cb2427aeeeeac4a49a03160d04e8fe\"},\"headline\":\"2014. els\u0151 h\u00e9tv\u00e9ge, Hungaroring\",\"datePublished\":\"2014-04-30T14:39:32+00:00\",\"dateModified\":\"2014-04-30T14:39:32+00:00\",\"mainEntityOfPage\":{\"@id\":\"https:\/\/www.swiftcupeurope.com\/en\/2014\/uncategorized\/hungaroring2014_1\/\"},\"wordCount\":85,\"commentCount\":0,\"publisher\":{\"@id\":\"https:\/\/www.swiftcupeurope.com\/#organization\"},\"inLanguage\":\"en-US\",\"potentialAction\":[{\"@type\":\"CommentAction\",\"name\":\"Comment\",\"target\":[\"https:\/\/www.swiftcupeurope.com\/en\/2014\/uncategorized\/hungaroring2014_1\/#respond\"]}]},{\"@type\":\"WebPage\",\"@id\":\"https:\/\/www.swiftcupeurope.com\/en\/2014\/uncategorized\/hungaroring2014_1\/\",\"url\":\"https:\/\/www.swiftcupeurope.com\/en\/2014\/uncategorized\/hungaroring2014_1\/\",\"name\":\"2014. els\u0151 h\u00e9tv\u00e9ge, Hungaroring - FIA Swift Cup Europe\",\"isPartOf\":{\"@id\":\"https:\/\/www.swiftcupeurope.com\/#website\"},\"datePublished\":\"2014-04-30T14:39:32+00:00\",\"dateModified\":\"2014-04-30T14:39:32+00:00\",\"breadcrumb\":{\"@id\":\"https:\/\/www.swiftcupeurope.com\/en\/2014\/uncategorized\/hungaroring2014_1\/#breadcrumb\"},\"inLanguage\":\"en-US\",\"potentialAction\":[{\"@type\":\"ReadAction\",\"target\":[\"https:\/\/www.swiftcupeurope.com\/en\/2014\/uncategorized\/hungaroring2014_1\/\"]}]},{\"@type\":\"BreadcrumbList\",\"@id\":\"https:\/\/www.swiftcupeurope.com\/en\/2014\/uncategorized\/hungaroring2014_1\/#breadcrumb\",\"itemListElement\":[{\"@type\":\"ListItem\",\"position\":1,\"name\":\"Kezd\u0151lap\",\"item\":\"https:\/\/www.swiftcupeurope.com\/\"},{\"@type\":\"ListItem\",\"position\":2,\"name\":\"2014. els\u0151 h\u00e9tv\u00e9ge, Hungaroring\"}]},{\"@type\":\"WebSite\",\"@id\":\"https:\/\/www.swiftcupeurope.com\/#website\",\"url\":\"https:\/\/www.swiftcupeurope.com\/\",\"name\":\"FIA Swift Cup Europe\",\"description\":\"FIA Swift Cup Europe \/ Official Website\",\"publisher\":{\"@id\":\"https:\/\/www.swiftcupeurope.com\/#organization\"},\"potentialAction\":[{\"@type\":\"SearchAction\",\"target\":{\"@type\":\"EntryPoint\",\"urlTemplate\":\"https:\/\/www.swiftcupeurope.com\/?s={search_term_string}\"},\"query-input\":\"required name=search_term_string\"}],\"inLanguage\":\"en-US\"},{\"@type\":\"Organization\",\"@id\":\"https:\/\/www.swiftcupeurope.com\/#organization\",\"name\":\"FIA Swift Cup Europe\",\"url\":\"https:\/\/www.swiftcupeurope.com\/\",\"logo\":{\"@type\":\"ImageObject\",\"inLanguage\":\"en-US\",\"@id\":\"https:\/\/www.swiftcupeurope.com\/#\/schema\/logo\/image\/\",\"url\":\"https:\/\/www.swiftcupeurope.com\/wp-content\/uploads\/2021\/04\/cropped-sce_logo_2021inv.png\",\"contentUrl\":\"https:\/\/www.swiftcupeurope.com\/wp-content\/uploads\/2021\/04\/cropped-sce_logo_2021inv.png\",\"width\":600,\"height\":120,\"caption\":\"FIA Swift Cup Europe\"},\"image\":{\"@id\":\"https:\/\/www.swiftcupeurope.com\/#\/schema\/logo\/image\/\"}},{\"@type\":\"Person\",\"@id\":\"https:\/\/www.swiftcupeurope.com\/#\/schema\/person\/03cb2427aeeeeac4a49a03160d04e8fe\",\"name\":\"swiftcupeurope\",\"url\":\"https:\/\/www.swiftcupeurope.com\/en\/author\/swiftcupeurope\/\"}]}<\/script>\n<!-- \/ Yoast SEO Premium plugin. -->","yoast_head_json":{"title":"2014. els\u0151 h\u00e9tv\u00e9ge, Hungaroring - FIA Swift Cup Europe","robots":{"index":"index","follow":"follow","max-snippet":"max-snippet:-1","max-image-preview":"max-image-preview:large","max-video-preview":"max-video-preview:-1"},"canonical":"https:\/\/www.swiftcupeurope.com\/en\/2014\/uncategorized\/hungaroring2014_1\/","og_locale":"en_US","og_type":"article","og_title":"2014. els\u0151 h\u00e9tv\u00e9ge, Hungaroring","og_description":"A DigiSporton fut\u00f3 Swift Cup Europe m\u0171sor 1. r\u00e9sze az \u00e1prilisi szezonnyit\u00f3r\u00f3l a Hungaroringen. Elindult az FIA Swift Cup Europe sorozat, melynek els\u0151 h\u00e9tv\u00e9g\u00e9j\u00e9nek \u00f6sszefoglal\u00f3ja a DigiSporton ker\u00fcl m\u0171sorra. A Hungaroringen nyitotta a szezont az imm\u00e1r FIA Eur\u00f3pa-bajnoks\u00e1gg\u00e1 avanzs\u00e1lt Swift Cup Europe \u00e1prilis utols\u00f3 h\u00e9tv\u00e9g\u00e9j\u00e9n. Az osztr\u00e1k suzukisokkal kieg\u00e9sz\u00fclt mez\u0151ny rajtr\u00e1cs\u00e1ra rekordsz\u00e1m\u00fa, 27 aut\u00f3 \u00e1llt [&hellip;]","og_url":"https:\/\/www.swiftcupeurope.com\/en\/2014\/uncategorized\/hungaroring2014_1\/","og_site_name":"FIA Swift Cup Europe","article_published_time":"2014-04-30T14:39:32+00:00","og_image":[{"width":1280,"height":720,"url":"https:\/\/www.swiftcupeurope.com\/wp-content\/uploads\/2014\/04\/maxresdefault-6.jpg","type":"image\/jpeg"}],"author":"swiftcupeurope","twitter_card":"summary_large_image","twitter_misc":{"Written by":"swiftcupeurope"},"schema":{"@context":"https:\/\/schema.org","@graph":[{"@type":"Article","@id":"https:\/\/www.swiftcupeurope.com\/en\/2014\/uncategorized\/hungaroring2014_1\/#article","isPartOf":{"@id":"https:\/\/www.swiftcupeurope.com\/en\/2014\/uncategorized\/hungaroring2014_1\/"},"author":{"name":"swiftcupeurope","@id":"https:\/\/www.swiftcupeurope.com\/#\/schema\/person\/03cb2427aeeeeac4a49a03160d04e8fe"},"headline":"2014. els\u0151 h\u00e9tv\u00e9ge, Hungaroring","datePublished":"2014-04-30T14:39:32+00:00","dateModified":"2014-04-30T14:39:32+00:00","mainEntityOfPage":{"@id":"https:\/\/www.swiftcupeurope.com\/en\/2014\/uncategorized\/hungaroring2014_1\/"},"wordCount":85,"commentCount":0,"publisher":{"@id":"https:\/\/www.swiftcupeurope.com\/#organization"},"inLanguage":"en-US","potentialAction":[{"@type":"CommentAction","name":"Comment","target":["https:\/\/www.swiftcupeurope.com\/en\/2014\/uncategorized\/hungaroring2014_1\/#respond"]}]},{"@type":"WebPage","@id":"https:\/\/www.swiftcupeurope.com\/en\/2014\/uncategorized\/hungaroring2014_1\/","url":"https:\/\/www.swiftcupeurope.com\/en\/2014\/uncategorized\/hungaroring2014_1\/","name":"2014. els\u0151 h\u00e9tv\u00e9ge, Hungaroring - FIA Swift Cup Europe","isPartOf":{"@id":"https:\/\/www.swiftcupeurope.com\/#website"},"datePublished":"2014-04-30T14:39:32+00:00","dateModified":"2014-04-30T14:39:32+00:00","breadcrumb":{"@id":"https:\/\/www.swiftcupeurope.com\/en\/2014\/uncategorized\/hungaroring2014_1\/#breadcrumb"},"inLanguage":"en-US","potentialAction":[{"@type":"ReadAction","target":["https:\/\/www.swiftcupeurope.com\/en\/2014\/uncategorized\/hungaroring2014_1\/"]}]},{"@type":"BreadcrumbList","@id":"https:\/\/www.swiftcupeurope.com\/en\/2014\/uncategorized\/hungaroring2014_1\/#breadcrumb","itemListElement":[{"@type":"ListItem","position":1,"name":"Kezd\u0151lap","item":"https:\/\/www.swiftcupeurope.com\/"},{"@type":"ListItem","position":2,"name":"2014. els\u0151 h\u00e9tv\u00e9ge, Hungaroring"}]},{"@type":"WebSite","@id":"https:\/\/www.swiftcupeurope.com\/#website","url":"https:\/\/www.swiftcupeurope.com\/","name":"FIA Swift Cup Europe","description":"FIA Swift Cup Europe \/ Official Website","publisher":{"@id":"https:\/\/www.swiftcupeurope.com\/#organization"},"potentialAction":[{"@type":"SearchAction","target":{"@type":"EntryPoint","urlTemplate":"https:\/\/www.swiftcupeurope.com\/?s={search_term_string}"},"query-input":"required name=search_term_string"}],"inLanguage":"en-US"},{"@type":"Organization","@id":"https:\/\/www.swiftcupeurope.com\/#organization","name":"FIA Swift Cup Europe","url":"https:\/\/www.swiftcupeurope.com\/","logo":{"@type":"ImageObject","inLanguage":"en-US","@id":"https:\/\/www.swiftcupeurope.com\/#\/schema\/logo\/image\/","url":"https:\/\/www.swiftcupeurope.com\/wp-content\/uploads\/2021\/04\/cropped-sce_logo_2021inv.png","contentUrl":"https:\/\/www.swiftcupeurope.com\/wp-content\/uploads\/2021\/04\/cropped-sce_logo_2021inv.png","width":600,"height":120,"caption":"FIA Swift Cup Europe"},"image":{"@id":"https:\/\/www.swiftcupeurope.com\/#\/schema\/logo\/image\/"}},{"@type":"Person","@id":"https:\/\/www.swiftcupeurope.com\/#\/schema\/person\/03cb2427aeeeeac4a49a03160d04e8fe","name":"swiftcupeurope","url":"https:\/\/www.swiftcupeurope.com\/en\/author\/swiftcupeurope\/"}]}},"_links":{"self":[{"href":"https:\/\/www.swiftcupeurope.com\/en\/wp-json\/wp\/v2\/posts\/61"}],"collection":[{"href":"https:\/\/www.swiftcupeurope.com\/en\/wp-json\/wp\/v2\/posts"}],"about":[{"href":"https:\/\/www.swiftcupeurope.com\/en\/wp-json\/wp\/v2\/types\/post"}],"author":[{"embeddable":true,"href":"https:\/\/www.swiftcupeurope.com\/en\/wp-json\/wp\/v2\/users\/2"}],"replies":[{"embeddable":true,"href":"https:\/\/www.swiftcupeurope.com\/en\/wp-json\/wp\/v2\/comments?post=61"}],"version-history":[{"count":0,"href":"https:\/\/www.swiftcupeurope.com\/en\/wp-json\/wp\/v2\/posts\/61\/revisions"}],"wp:featuredmedia":[{"embeddable":true,"href":"https:\/\/www.swiftcupeurope.com\/en\/wp-json\/wp\/v2\/media\/2350"}],"wp:attachment":[{"href":"https:\/\/www.swiftcupeurope.com\/en\/wp-json\/wp\/v2\/media?parent=61"}],"wp:term":[{"taxonomy":"category","embeddable":true,"href":"https:\/\/www.swiftcupeurope.com\/en\/wp-json\/wp\/v2\/categories?post=61"},{"taxonomy":"post_tag","embeddable":true,"href":"https:\/\/www.swiftcupeurope.com\/en\/wp-json\/wp\/v2\/tags?post=61"}],"curies":[{"name":"wp","href":"https:\/\/api.w.org\/{rel}","templated":true}]}}