{"id":5401,"date":"2016-01-24T16:10:32","date_gmt":"2016-01-24T16:10:32","guid":{"rendered":"http:\/\/td_uid_3_56a4e224026d0"},"modified":"2016-01-24T16:10:32","modified_gmt":"2016-01-24T16:10:32","slug":"2016_naptar","status":"publish","type":"post","link":"https:\/\/www.swiftcupeurope.com\/en\/2016\/uncategorized\/2016_naptar\/","title":{"rendered":"Megjelent az FIA Swift Cup Europe 2016-os napt\u00e1ra"},"content":{"rendered":"<p>\u00d6r\u00f6mmel mutatjuk be a 2016-os szezon helysz\u00edneit, ahol a mez\u0151ny id\u00e9n \u00f6sszem\u00e9ri erej\u00e9t. Id\u00e9n h\u00e1rom orsz\u00e1gba l\u00e1togat el a sorozat.<\/p>\n<h3><strong>Fontos el\u0151rel\u00e9p\u00e9s lesz, hogy mind a hat h\u00e9tv\u00e9g\u00e9n, a magyar \u00e9s az osztr\u00e1k mez\u0151ny egy\u00fctt versenyez, ez garant\u00e1lja a folyamatos magas l\u00e9tsz\u00e1mot.<br \/>\n<\/strong><\/h3>\n<p>T\u00f6bb kiemelt rendezv\u00e9ny bet\u00e9tprogramja lesz az FIA Swift Cup Europe. M\u00e1r az id\u00e9ny-nyit\u00f3 \u00e1prilisi verseny is rendhagy\u00f3, hisz a Slovakiaring-en \u00fajra az <strong>FIA WTCC<\/strong> bet\u00e9tprogramja lesz a bajnoks\u00e1g, v\u00e1rhat\u00f3an rengeteg magyar rajong\u00f3 el\u0151tt. A magyar hat\u00e1rhoz k\u00f6zeli p\u00e1ly\u00e1n k\u00e9t versenyen lesz rendezve.<\/p>\n<p><img fetchpriority=\"high\" decoding=\"async\" class=\"alignnone size-full wp-image-1608\" src=\"http:\/\/swiftcupeurope.com\/wp-content\/uploads\/2016\/01\/Untitled-1.jpg\" alt=\"Untitled-1\" width=\"800\" height=\"532\" \/>Alig k\u00e9t h\u00e9ttel a WTCC h\u00e9tv\u00e9ge ut\u00e1n, \u00fajra n\u00edv\u00f3s esem\u00e9ny vend\u00e9ge lesz a Swift Cup Europe, a Budapestt\u0151l 450 km-re fekv\u0151 Red Bull Ring-en a <strong>Truck Race<\/strong> bet\u00e9tfutama a bajnoks\u00e1g. 2016-ban ez lesz az els\u0151 h\u00e9tv\u00e9ge, ahol h\u00e1rom verseny ker\u00fcl lebonyol\u00edt\u00e1sra, de nem az utols\u00f3.<\/p>\n<p>A kamionok miatt val\u00f3sz\u00edn\u0171leg \u00fajra r\u00f6videbb nyomvonalon m\u00e9ri \u00f6ssze erej\u00e9t a magyar \u00e9s osztr\u00e1k mez\u0151ny.<\/p>\n<p><img decoding=\"async\" class=\"alignnone size-full wp-image-1609\" src=\"http:\/\/swiftcupeurope.com\/wp-content\/uploads\/2016\/01\/IMG_5862.jpg\" alt=\"IMG_5862\" width=\"800\" height=\"365\" \/>A harmadik h\u00e9tv\u00e9g\u00e9n &#8222;k\u00f6lt\u00f6zik haza&#8221; a sorozat, hisz a soron k\u00f6vetkez\u0151 \u00e1llom\u00e1s a Pannoniaring lesz.<\/p>\n<h3><strong>Az FIA Swift Cup Europe legp\u00f6rg\u0151sebb h\u00e9tv\u00e9g\u00e9je lesz a harmadik, hisz el\u0151sz\u00f6r a bajnoks\u00e1g t\u00f6rt\u00e9net\u00e9ben, n\u00e9gy versenyt rendeznek meg.<br \/>\n<\/strong><\/h3>\n<p><a href=\"https:\/\/www.swiftcupeurope.com\/en\/2016\/01\/24\/best-funny-wins-fails-compilation-february-2015\/0t8b6700\/\" rel=\"attachment wp-att-113\"><img decoding=\"async\" class=\"alignleft size-medium wp-image-113\" src=\"http:\/\/swiftcupeurope.com\/wp-content\/uploads\/2016\/01\/0T8B6700-300x234.jpg\" alt=\"0T8B6700\" width=\"300\" height=\"234\" srcset=\"https:\/\/www.swiftcupeurope.com\/wp-content\/uploads\/2016\/01\/0T8B6700-300x234.jpg 300w, https:\/\/www.swiftcupeurope.com\/wp-content\/uploads\/2016\/01\/0T8B6700-768x598.jpg 768w, https:\/\/www.swiftcupeurope.com\/wp-content\/uploads\/2016\/01\/0T8B6700-705x549.jpg 705w, https:\/\/www.swiftcupeurope.com\/wp-content\/uploads\/2016\/01\/0T8B6700-450x350.jpg 450w, https:\/\/www.swiftcupeurope.com\/wp-content\/uploads\/2016\/01\/0T8B6700.jpg 800w\" sizes=\"(max-width: 300px) 100vw, 300px\" \/><\/a>A bajnoks\u00e1g negyedik h\u00e9tv\u00e9g\u00e9je \u00fajra Ausztri\u00e1ban k\u00f6vetkezik, a suzukisok sz\u00e1m\u00e1ra m\u00e1r megszokott p\u00e1ly\u00e1n, a Salzburgring-en. A sorozat \u00e9vr\u0151l \u00e9vre visszat\u00e9r erre a helysz\u00ednre.<\/p>\n<p>Az osztr\u00e1k p\u00e1ly\u00e1n ism\u00e9t k\u00e9t versenyt rendeznek meg, a P9 Challenge vend\u00e9gek\u00e9nt.<\/p>\n<p>A 2016-os id\u00e9ny utols\u00f3 k\u00e9t versenye a Hungaroring-en ker\u00fcl sor.<\/p>\n<p>El\u0151bb a tavalyi \u00e9vben is nagy sikerrel megrendezett Truck Race h\u00e9tv\u00e9ge lesz, ahol h\u00e1rom futamot kell teljes\u00edteni a pil\u00f3t\u00e1knak.<\/p>\n<h2><strong>A Truck Race h\u00e9tv\u00e9ge nemcsak a kamionokt\u00f3l lesz hangos, hisz el\u0151sz\u00f6r ezen a h\u00e9tv\u00e9g\u00e9n lesz l\u00e1that\u00f3 a Hungaroringen a Blancpain Sprint Series is.<br \/>\n<\/strong><\/h2>\n<p>A szezon z\u00e1r\u00f3 versenye, a Grand Final, azaz a nagy-d\u00f6nt\u0151 okt\u00f3ber k\u00f6zep\u00e9n ker\u00fcl megrendez\u00e9sre. Az utols\u00f3 helysz\u00ednen h\u00e1rom verseny v\u00e1r a mez\u0151nyre.<\/p>\n<p style=\"text-align: center;\"><strong>Az FIA Swift Cup Europe 2016-os napt\u00e1ra:<\/strong><\/p>\n<p><a href=\"https:\/\/www.swiftcupeurope.com\/en\/2016\/01\/24\/best-funny-wins-fails-compilation-february-2015\/2016_calendar_final_hun\/\" rel=\"attachment wp-att-116\"><img loading=\"lazy\" decoding=\"async\" class=\"aligncenter size-large wp-image-116\" src=\"http:\/\/swiftcupeurope.com\/wp-content\/uploads\/2016\/01\/2016_calendar_final_hun-1024x1024.jpg\" alt=\"2016_calendar_final_hun\" width=\"640\" height=\"640\" \/><\/a><\/p>","protected":false},"excerpt":{"rendered":"<p>\u00d6r\u00f6mmel mutatjuk be a 2016-os szezon helysz\u00edneit, ahol a mez\u0151ny id\u00e9n \u00f6sszem\u00e9ri erej\u00e9t. Id\u00e9n h\u00e1rom orsz\u00e1gba l\u00e1togat el a sorozat. Fontos el\u0151rel\u00e9p\u00e9s lesz, hogy mind a hat h\u00e9tv\u00e9g\u00e9n, a magyar \u00e9s az osztr\u00e1k mez\u0151ny egy\u00fctt versenyez, ez garant\u00e1lja a folyamatos magas l\u00e9tsz\u00e1mot. T\u00f6bb kiemelt rendezv\u00e9ny bet\u00e9tprogramja lesz az FIA Swift Cup Europe. M\u00e1r az id\u00e9ny-nyit\u00f3 [&hellip;]<\/p>","protected":false},"author":2,"featured_media":92,"comment_status":"open","ping_status":"open","sticky":false,"template":"","format":"standard","meta":{"footnotes":""},"categories":[1],"tags":[],"yoast_head":"<!-- This site is optimized with the Yoast SEO Premium plugin v21.1 (Yoast SEO v21.7) - https:\/\/yoast.com\/wordpress\/plugins\/seo\/ -->\n<title>Megjelent az FIA Swift Cup Europe 2016-os napt\u00e1ra - FIA Swift Cup Europe<\/title>\n<meta name=\"robots\" content=\"index, follow, max-snippet:-1, max-image-preview:large, max-video-preview:-1\" \/>\n<link rel=\"canonical\" href=\"https:\/\/www.swiftcupeurope.com\/en\/2016\/uncategorized\/2016_naptar\/\" \/>\n<meta property=\"og:locale\" content=\"en_US\" \/>\n<meta property=\"og:type\" content=\"article\" \/>\n<meta property=\"og:title\" content=\"Megjelent az FIA Swift Cup Europe 2016-os napt\u00e1ra\" \/>\n<meta property=\"og:description\" content=\"\u00d6r\u00f6mmel mutatjuk be a 2016-os szezon helysz\u00edneit, ahol a mez\u0151ny id\u00e9n \u00f6sszem\u00e9ri erej\u00e9t. Id\u00e9n h\u00e1rom orsz\u00e1gba l\u00e1togat el a sorozat. Fontos el\u0151rel\u00e9p\u00e9s lesz, hogy mind a hat h\u00e9tv\u00e9g\u00e9n, a magyar \u00e9s az osztr\u00e1k mez\u0151ny egy\u00fctt versenyez, ez garant\u00e1lja a folyamatos magas l\u00e9tsz\u00e1mot. T\u00f6bb kiemelt rendezv\u00e9ny bet\u00e9tprogramja lesz az FIA Swift Cup Europe. M\u00e1r az id\u00e9ny-nyit\u00f3 [&hellip;]\" \/>\n<meta property=\"og:url\" content=\"https:\/\/www.swiftcupeurope.com\/en\/2016\/uncategorized\/2016_naptar\/\" \/>\n<meta property=\"og:site_name\" content=\"FIA Swift Cup Europe\" \/>\n<meta property=\"article:published_time\" content=\"2016-01-24T16:10:32+00:00\" \/>\n<meta property=\"og:image\" content=\"https:\/\/www.swiftcupeurope.com\/wp-content\/uploads\/2016\/01\/IMG_1323.jpg\" \/>\n\t<meta property=\"og:image:width\" content=\"1068\" \/>\n\t<meta property=\"og:image:height\" content=\"811\" \/>\n\t<meta property=\"og:image:type\" content=\"image\/jpeg\" \/>\n<meta name=\"author\" content=\"swiftcupeurope\" \/>\n<meta name=\"twitter:card\" content=\"summary_large_image\" \/>\n<meta name=\"twitter:label1\" content=\"Written by\" \/>\n\t<meta name=\"twitter:data1\" content=\"swiftcupeurope\" \/>\n\t<meta name=\"twitter:label2\" content=\"Est. reading time\" \/>\n\t<meta name=\"twitter:data2\" content=\"2 minutes\" \/>\n<script type=\"application\/ld+json\" class=\"yoast-schema-graph\">{\"@context\":\"https:\/\/schema.org\",\"@graph\":[{\"@type\":\"Article\",\"@id\":\"https:\/\/www.swiftcupeurope.com\/2016\/uncategorized\/2016_naptar\/#article\",\"isPartOf\":{\"@id\":\"https:\/\/www.swiftcupeurope.com\/2016\/uncategorized\/2016_naptar\/\"},\"author\":{\"name\":\"swiftcupeurope\",\"@id\":\"https:\/\/www.swiftcupeurope.com\/#\/schema\/person\/03cb2427aeeeeac4a49a03160d04e8fe\"},\"headline\":\"Megjelent az FIA Swift Cup Europe 2016-os napt\u00e1ra\",\"datePublished\":\"2016-01-24T16:10:32+00:00\",\"dateModified\":\"2016-01-24T16:10:32+00:00\",\"mainEntityOfPage\":{\"@id\":\"https:\/\/www.swiftcupeurope.com\/2016\/uncategorized\/2016_naptar\/\"},\"wordCount\":436,\"commentCount\":0,\"publisher\":{\"@id\":\"https:\/\/www.swiftcupeurope.com\/#organization\"},\"inLanguage\":\"en-US\",\"potentialAction\":[{\"@type\":\"CommentAction\",\"name\":\"Comment\",\"target\":[\"https:\/\/www.swiftcupeurope.com\/2016\/uncategorized\/2016_naptar\/#respond\"]}]},{\"@type\":\"WebPage\",\"@id\":\"https:\/\/www.swiftcupeurope.com\/2016\/uncategorized\/2016_naptar\/\",\"url\":\"https:\/\/www.swiftcupeurope.com\/2016\/uncategorized\/2016_naptar\/\",\"name\":\"Megjelent az FIA Swift Cup Europe 2016-os napt\u00e1ra - FIA Swift Cup Europe\",\"isPartOf\":{\"@id\":\"https:\/\/www.swiftcupeurope.com\/#website\"},\"datePublished\":\"2016-01-24T16:10:32+00:00\",\"dateModified\":\"2016-01-24T16:10:32+00:00\",\"breadcrumb\":{\"@id\":\"https:\/\/www.swiftcupeurope.com\/2016\/uncategorized\/2016_naptar\/#breadcrumb\"},\"inLanguage\":\"en-US\",\"potentialAction\":[{\"@type\":\"ReadAction\",\"target\":[\"https:\/\/www.swiftcupeurope.com\/2016\/uncategorized\/2016_naptar\/\"]}]},{\"@type\":\"BreadcrumbList\",\"@id\":\"https:\/\/www.swiftcupeurope.com\/2016\/uncategorized\/2016_naptar\/#breadcrumb\",\"itemListElement\":[{\"@type\":\"ListItem\",\"position\":1,\"name\":\"Kezd\u0151lap\",\"item\":\"https:\/\/www.swiftcupeurope.com\/\"},{\"@type\":\"ListItem\",\"position\":2,\"name\":\"Megjelent az FIA Swift Cup Europe 2016-os napt\u00e1ra\"}]},{\"@type\":\"WebSite\",\"@id\":\"https:\/\/www.swiftcupeurope.com\/#website\",\"url\":\"https:\/\/www.swiftcupeurope.com\/\",\"name\":\"FIA Swift Cup Europe\",\"description\":\"FIA Swift Cup Europe \/ Official Website\",\"publisher\":{\"@id\":\"https:\/\/www.swiftcupeurope.com\/#organization\"},\"potentialAction\":[{\"@type\":\"SearchAction\",\"target\":{\"@type\":\"EntryPoint\",\"urlTemplate\":\"https:\/\/www.swiftcupeurope.com\/?s={search_term_string}\"},\"query-input\":\"required name=search_term_string\"}],\"inLanguage\":\"en-US\"},{\"@type\":\"Organization\",\"@id\":\"https:\/\/www.swiftcupeurope.com\/#organization\",\"name\":\"FIA Swift Cup Europe\",\"url\":\"https:\/\/www.swiftcupeurope.com\/\",\"logo\":{\"@type\":\"ImageObject\",\"inLanguage\":\"en-US\",\"@id\":\"https:\/\/www.swiftcupeurope.com\/#\/schema\/logo\/image\/\",\"url\":\"https:\/\/www.swiftcupeurope.com\/wp-content\/uploads\/2021\/04\/cropped-sce_logo_2021inv.png\",\"contentUrl\":\"https:\/\/www.swiftcupeurope.com\/wp-content\/uploads\/2021\/04\/cropped-sce_logo_2021inv.png\",\"width\":600,\"height\":120,\"caption\":\"FIA Swift Cup Europe\"},\"image\":{\"@id\":\"https:\/\/www.swiftcupeurope.com\/#\/schema\/logo\/image\/\"}},{\"@type\":\"Person\",\"@id\":\"https:\/\/www.swiftcupeurope.com\/#\/schema\/person\/03cb2427aeeeeac4a49a03160d04e8fe\",\"name\":\"swiftcupeurope\",\"url\":\"https:\/\/www.swiftcupeurope.com\/en\/author\/swiftcupeurope\/\"}]}<\/script>\n<!-- \/ Yoast SEO Premium plugin. -->","yoast_head_json":{"title":"Megjelent az FIA Swift Cup Europe 2016-os napt\u00e1ra - FIA Swift Cup Europe","robots":{"index":"index","follow":"follow","max-snippet":"max-snippet:-1","max-image-preview":"max-image-preview:large","max-video-preview":"max-video-preview:-1"},"canonical":"https:\/\/www.swiftcupeurope.com\/en\/2016\/uncategorized\/2016_naptar\/","og_locale":"en_US","og_type":"article","og_title":"Megjelent az FIA Swift Cup Europe 2016-os napt\u00e1ra","og_description":"\u00d6r\u00f6mmel mutatjuk be a 2016-os szezon helysz\u00edneit, ahol a mez\u0151ny id\u00e9n \u00f6sszem\u00e9ri erej\u00e9t. Id\u00e9n h\u00e1rom orsz\u00e1gba l\u00e1togat el a sorozat. Fontos el\u0151rel\u00e9p\u00e9s lesz, hogy mind a hat h\u00e9tv\u00e9g\u00e9n, a magyar \u00e9s az osztr\u00e1k mez\u0151ny egy\u00fctt versenyez, ez garant\u00e1lja a folyamatos magas l\u00e9tsz\u00e1mot. T\u00f6bb kiemelt rendezv\u00e9ny bet\u00e9tprogramja lesz az FIA Swift Cup Europe. M\u00e1r az id\u00e9ny-nyit\u00f3 [&hellip;]","og_url":"https:\/\/www.swiftcupeurope.com\/en\/2016\/uncategorized\/2016_naptar\/","og_site_name":"FIA Swift Cup Europe","article_published_time":"2016-01-24T16:10:32+00:00","og_image":[{"width":1068,"height":811,"url":"https:\/\/www.swiftcupeurope.com\/wp-content\/uploads\/2016\/01\/IMG_1323.jpg","type":"image\/jpeg"}],"author":"swiftcupeurope","twitter_card":"summary_large_image","twitter_misc":{"Written by":"swiftcupeurope","Est. reading time":"2 minutes"},"schema":{"@context":"https:\/\/schema.org","@graph":[{"@type":"Article","@id":"https:\/\/www.swiftcupeurope.com\/2016\/uncategorized\/2016_naptar\/#article","isPartOf":{"@id":"https:\/\/www.swiftcupeurope.com\/2016\/uncategorized\/2016_naptar\/"},"author":{"name":"swiftcupeurope","@id":"https:\/\/www.swiftcupeurope.com\/#\/schema\/person\/03cb2427aeeeeac4a49a03160d04e8fe"},"headline":"Megjelent az FIA Swift Cup Europe 2016-os napt\u00e1ra","datePublished":"2016-01-24T16:10:32+00:00","dateModified":"2016-01-24T16:10:32+00:00","mainEntityOfPage":{"@id":"https:\/\/www.swiftcupeurope.com\/2016\/uncategorized\/2016_naptar\/"},"wordCount":436,"commentCount":0,"publisher":{"@id":"https:\/\/www.swiftcupeurope.com\/#organization"},"inLanguage":"en-US","potentialAction":[{"@type":"CommentAction","name":"Comment","target":["https:\/\/www.swiftcupeurope.com\/2016\/uncategorized\/2016_naptar\/#respond"]}]},{"@type":"WebPage","@id":"https:\/\/www.swiftcupeurope.com\/2016\/uncategorized\/2016_naptar\/","url":"https:\/\/www.swiftcupeurope.com\/2016\/uncategorized\/2016_naptar\/","name":"Megjelent az FIA Swift Cup Europe 2016-os napt\u00e1ra - FIA Swift Cup Europe","isPartOf":{"@id":"https:\/\/www.swiftcupeurope.com\/#website"},"datePublished":"2016-01-24T16:10:32+00:00","dateModified":"2016-01-24T16:10:32+00:00","breadcrumb":{"@id":"https:\/\/www.swiftcupeurope.com\/2016\/uncategorized\/2016_naptar\/#breadcrumb"},"inLanguage":"en-US","potentialAction":[{"@type":"ReadAction","target":["https:\/\/www.swiftcupeurope.com\/2016\/uncategorized\/2016_naptar\/"]}]},{"@type":"BreadcrumbList","@id":"https:\/\/www.swiftcupeurope.com\/2016\/uncategorized\/2016_naptar\/#breadcrumb","itemListElement":[{"@type":"ListItem","position":1,"name":"Kezd\u0151lap","item":"https:\/\/www.swiftcupeurope.com\/"},{"@type":"ListItem","position":2,"name":"Megjelent az FIA Swift Cup Europe 2016-os napt\u00e1ra"}]},{"@type":"WebSite","@id":"https:\/\/www.swiftcupeurope.com\/#website","url":"https:\/\/www.swiftcupeurope.com\/","name":"FIA Swift Cup Europe","description":"FIA Swift Cup Europe \/ Official Website","publisher":{"@id":"https:\/\/www.swiftcupeurope.com\/#organization"},"potentialAction":[{"@type":"SearchAction","target":{"@type":"EntryPoint","urlTemplate":"https:\/\/www.swiftcupeurope.com\/?s={search_term_string}"},"query-input":"required name=search_term_string"}],"inLanguage":"en-US"},{"@type":"Organization","@id":"https:\/\/www.swiftcupeurope.com\/#organization","name":"FIA Swift Cup Europe","url":"https:\/\/www.swiftcupeurope.com\/","logo":{"@type":"ImageObject","inLanguage":"en-US","@id":"https:\/\/www.swiftcupeurope.com\/#\/schema\/logo\/image\/","url":"https:\/\/www.swiftcupeurope.com\/wp-content\/uploads\/2021\/04\/cropped-sce_logo_2021inv.png","contentUrl":"https:\/\/www.swiftcupeurope.com\/wp-content\/uploads\/2021\/04\/cropped-sce_logo_2021inv.png","width":600,"height":120,"caption":"FIA Swift Cup Europe"},"image":{"@id":"https:\/\/www.swiftcupeurope.com\/#\/schema\/logo\/image\/"}},{"@type":"Person","@id":"https:\/\/www.swiftcupeurope.com\/#\/schema\/person\/03cb2427aeeeeac4a49a03160d04e8fe","name":"swiftcupeurope","url":"https:\/\/www.swiftcupeurope.com\/en\/author\/swiftcupeurope\/"}]}},"_links":{"self":[{"href":"https:\/\/www.swiftcupeurope.com\/en\/wp-json\/wp\/v2\/posts\/5401"}],"collection":[{"href":"https:\/\/www.swiftcupeurope.com\/en\/wp-json\/wp\/v2\/posts"}],"about":[{"href":"https:\/\/www.swiftcupeurope.com\/en\/wp-json\/wp\/v2\/types\/post"}],"author":[{"embeddable":true,"href":"https:\/\/www.swiftcupeurope.com\/en\/wp-json\/wp\/v2\/users\/2"}],"replies":[{"embeddable":true,"href":"https:\/\/www.swiftcupeurope.com\/en\/wp-json\/wp\/v2\/comments?post=5401"}],"version-history":[{"count":0,"href":"https:\/\/www.swiftcupeurope.com\/en\/wp-json\/wp\/v2\/posts\/5401\/revisions"}],"wp:featuredmedia":[{"embeddable":true,"href":"https:\/\/www.swiftcupeurope.com\/en\/wp-json\/wp\/v2\/media\/92"}],"wp:attachment":[{"href":"https:\/\/www.swiftcupeurope.com\/en\/wp-json\/wp\/v2\/media?parent=5401"}],"wp:term":[{"taxonomy":"category","embeddable":true,"href":"https:\/\/www.swiftcupeurope.com\/en\/wp-json\/wp\/v2\/categories?post=5401"},{"taxonomy":"post_tag","embeddable":true,"href":"https:\/\/www.swiftcupeurope.com\/en\/wp-json\/wp\/v2\/tags?post=5401"}],"curies":[{"name":"wp","href":"https:\/\/api.w.org\/{rel}","templated":true}]}}