{"id":5048,"date":"2018-09-08T18:02:00","date_gmt":"2018-09-08T18:02:00","guid":{"rendered":"http:\/\/www.swiftcupeurope.com\/?p=5048"},"modified":"2018-10-26T03:58:48","modified_gmt":"2018-10-26T01:58:48","slug":"2018-09-08-brno-1-futam-vegeredmenyek","status":"publish","type":"post","link":"https:\/\/www.swiftcupeurope.com\/en\/2018\/uncategorized\/2018-09-08-brno-1-futam-vegeredmenyek\/","title":{"rendered":"2018.09.08. &#8211; Brno, 1. futam v\u00e9geredm\u00e9nyek"},"content":{"rendered":"<p>A szombat kora d\u00e9lut\u00e1ni els\u0151 futam gy\u00f6ny\u00f6r\u0171 \u0151szi id\u0151ben zajlott. Forrai G\u00e1bort ez\u00fattal nem lehetett utol\u00e9rni, de m\u00f6g\u00f6tte zajlottak a harcok a poz\u00edci\u00f3k\u00e9rt. \u00cdme az eredm\u00e9nyek, hamarosan pedig interj\u00fak is j\u00f6nnek:<\/p>\n<p>&nbsp;<\/p>\n<p><img fetchpriority=\"high\" decoding=\"async\" class=\"aligncenter  wp-image-5057\" src=\"http:\/\/www.swiftcupeurope.com\/wp-content\/uploads\/2018\/09\/Race-results-for-Swift-Cup-Europe-1-723x1024.jpg\" alt=\"\" width=\"693\" height=\"981\" \/><\/p>\n<p><img decoding=\"async\" class=\"aligncenter  wp-image-5056\" src=\"http:\/\/www.swiftcupeurope.com\/wp-content\/uploads\/2018\/09\/Race-results-for-Swift-Cup-Europe-2-723x1024.jpg\" alt=\"\" width=\"724\" height=\"1026\" \/><\/p>","protected":false},"excerpt":{"rendered":"<p>A szombat kora d\u00e9lut\u00e1ni els\u0151 futam gy\u00f6ny\u00f6r\u0171 \u0151szi id\u0151ben zajlott. Forrai G\u00e1bort ez\u00fattal nem lehetett utol\u00e9rni, de m\u00f6g\u00f6tte zajlottak a harcok a poz\u00edci\u00f3k\u00e9rt. \u00cdme az eredm\u00e9nyek, hamarosan pedig interj\u00fak is j\u00f6nnek: &nbsp;<\/p>","protected":false},"author":2,"featured_media":5052,"comment_status":"open","ping_status":"open","sticky":false,"template":"","format":"standard","meta":{"footnotes":""},"categories":[1],"tags":[35,44,45,36],"yoast_head":"<!-- This site is optimized with the Yoast SEO Premium plugin v21.1 (Yoast SEO v21.7) - https:\/\/yoast.com\/wordpress\/plugins\/seo\/ -->\n<title>2018.09.08. - Brno, 1. futam v\u00e9geredm\u00e9nyek - FIA Swift Cup Europe<\/title>\n<meta name=\"robots\" content=\"index, follow, max-snippet:-1, max-image-preview:large, max-video-preview:-1\" \/>\n<link rel=\"canonical\" href=\"https:\/\/www.swiftcupeurope.com\/en\/2018\/uncategorized\/2018-09-08-brno-1-futam-vegeredmenyek\/\" \/>\n<meta property=\"og:locale\" content=\"en_US\" \/>\n<meta property=\"og:type\" content=\"article\" \/>\n<meta property=\"og:title\" content=\"2018.09.08. - Brno, 1. futam v\u00e9geredm\u00e9nyek\" \/>\n<meta property=\"og:description\" content=\"A szombat kora d\u00e9lut\u00e1ni els\u0151 futam gy\u00f6ny\u00f6r\u0171 \u0151szi id\u0151ben zajlott. Forrai G\u00e1bort ez\u00fattal nem lehetett utol\u00e9rni, de m\u00f6g\u00f6tte zajlottak a harcok a poz\u00edci\u00f3k\u00e9rt. \u00cdme az eredm\u00e9nyek, hamarosan pedig interj\u00fak is j\u00f6nnek: &nbsp;\" \/>\n<meta property=\"og:url\" content=\"https:\/\/www.swiftcupeurope.com\/en\/2018\/uncategorized\/2018-09-08-brno-1-futam-vegeredmenyek\/\" \/>\n<meta property=\"og:site_name\" content=\"FIA Swift Cup Europe\" \/>\n<meta property=\"article:published_time\" content=\"2018-09-08T18:02:00+00:00\" \/>\n<meta property=\"article:modified_time\" content=\"2018-10-26T01:58:48+00:00\" \/>\n<meta property=\"og:image\" content=\"https:\/\/www.swiftcupeurope.com\/wp-content\/uploads\/2018\/09\/IMG_7187-1030x773.jpg\" \/>\n\t<meta property=\"og:image:width\" content=\"1030\" \/>\n\t<meta property=\"og:image:height\" content=\"773\" \/>\n\t<meta property=\"og:image:type\" content=\"image\/jpeg\" \/>\n<meta name=\"author\" content=\"swiftcupeurope\" \/>\n<meta name=\"twitter:card\" content=\"summary_large_image\" \/>\n<meta name=\"twitter:label1\" content=\"Written by\" \/>\n\t<meta name=\"twitter:data1\" content=\"swiftcupeurope\" \/>\n<script type=\"application\/ld+json\" class=\"yoast-schema-graph\">{\"@context\":\"https:\/\/schema.org\",\"@graph\":[{\"@type\":\"Article\",\"@id\":\"https:\/\/www.swiftcupeurope.com\/en\/2018\/uncategorized\/2018-09-08-brno-1-futam-vegeredmenyek\/#article\",\"isPartOf\":{\"@id\":\"https:\/\/www.swiftcupeurope.com\/en\/2018\/uncategorized\/2018-09-08-brno-1-futam-vegeredmenyek\/\"},\"author\":{\"name\":\"swiftcupeurope\",\"@id\":\"https:\/\/www.swiftcupeurope.com\/#\/schema\/person\/03cb2427aeeeeac4a49a03160d04e8fe\"},\"headline\":\"2018.09.08. &#8211; Brno, 1. futam v\u00e9geredm\u00e9nyek\",\"datePublished\":\"2018-09-08T18:02:00+00:00\",\"dateModified\":\"2018-10-26T01:58:48+00:00\",\"mainEntityOfPage\":{\"@id\":\"https:\/\/www.swiftcupeurope.com\/en\/2018\/uncategorized\/2018-09-08-brno-1-futam-vegeredmenyek\/\"},\"wordCount\":54,\"commentCount\":0,\"publisher\":{\"@id\":\"https:\/\/www.swiftcupeurope.com\/#organization\"},\"keywords\":[\"suzuki swift\",\"Suzuki Swiftcup Europe\",\"swift\",\"swiftcupeurope\"],\"inLanguage\":\"en-US\",\"potentialAction\":[{\"@type\":\"CommentAction\",\"name\":\"Comment\",\"target\":[\"https:\/\/www.swiftcupeurope.com\/en\/2018\/uncategorized\/2018-09-08-brno-1-futam-vegeredmenyek\/#respond\"]}]},{\"@type\":\"WebPage\",\"@id\":\"https:\/\/www.swiftcupeurope.com\/en\/2018\/uncategorized\/2018-09-08-brno-1-futam-vegeredmenyek\/\",\"url\":\"https:\/\/www.swiftcupeurope.com\/en\/2018\/uncategorized\/2018-09-08-brno-1-futam-vegeredmenyek\/\",\"name\":\"2018.09.08. - Brno, 1. futam v\u00e9geredm\u00e9nyek - FIA Swift Cup Europe\",\"isPartOf\":{\"@id\":\"https:\/\/www.swiftcupeurope.com\/#website\"},\"datePublished\":\"2018-09-08T18:02:00+00:00\",\"dateModified\":\"2018-10-26T01:58:48+00:00\",\"breadcrumb\":{\"@id\":\"https:\/\/www.swiftcupeurope.com\/en\/2018\/uncategorized\/2018-09-08-brno-1-futam-vegeredmenyek\/#breadcrumb\"},\"inLanguage\":\"en-US\",\"potentialAction\":[{\"@type\":\"ReadAction\",\"target\":[\"https:\/\/www.swiftcupeurope.com\/en\/2018\/uncategorized\/2018-09-08-brno-1-futam-vegeredmenyek\/\"]}]},{\"@type\":\"BreadcrumbList\",\"@id\":\"https:\/\/www.swiftcupeurope.com\/en\/2018\/uncategorized\/2018-09-08-brno-1-futam-vegeredmenyek\/#breadcrumb\",\"itemListElement\":[{\"@type\":\"ListItem\",\"position\":1,\"name\":\"Kezd\u0151lap\",\"item\":\"https:\/\/www.swiftcupeurope.com\/\"},{\"@type\":\"ListItem\",\"position\":2,\"name\":\"2018.09.08. &#8211; Brno, 1. futam v\u00e9geredm\u00e9nyek\"}]},{\"@type\":\"WebSite\",\"@id\":\"https:\/\/www.swiftcupeurope.com\/#website\",\"url\":\"https:\/\/www.swiftcupeurope.com\/\",\"name\":\"FIA Swift Cup Europe\",\"description\":\"FIA Swift Cup Europe \/ Official Website\",\"publisher\":{\"@id\":\"https:\/\/www.swiftcupeurope.com\/#organization\"},\"potentialAction\":[{\"@type\":\"SearchAction\",\"target\":{\"@type\":\"EntryPoint\",\"urlTemplate\":\"https:\/\/www.swiftcupeurope.com\/?s={search_term_string}\"},\"query-input\":\"required name=search_term_string\"}],\"inLanguage\":\"en-US\"},{\"@type\":\"Organization\",\"@id\":\"https:\/\/www.swiftcupeurope.com\/#organization\",\"name\":\"FIA Swift Cup Europe\",\"url\":\"https:\/\/www.swiftcupeurope.com\/\",\"logo\":{\"@type\":\"ImageObject\",\"inLanguage\":\"en-US\",\"@id\":\"https:\/\/www.swiftcupeurope.com\/#\/schema\/logo\/image\/\",\"url\":\"https:\/\/www.swiftcupeurope.com\/wp-content\/uploads\/2021\/04\/cropped-sce_logo_2021inv.png\",\"contentUrl\":\"https:\/\/www.swiftcupeurope.com\/wp-content\/uploads\/2021\/04\/cropped-sce_logo_2021inv.png\",\"width\":600,\"height\":120,\"caption\":\"FIA Swift Cup Europe\"},\"image\":{\"@id\":\"https:\/\/www.swiftcupeurope.com\/#\/schema\/logo\/image\/\"}},{\"@type\":\"Person\",\"@id\":\"https:\/\/www.swiftcupeurope.com\/#\/schema\/person\/03cb2427aeeeeac4a49a03160d04e8fe\",\"name\":\"swiftcupeurope\",\"url\":\"https:\/\/www.swiftcupeurope.com\/en\/author\/swiftcupeurope\/\"}]}<\/script>\n<!-- \/ Yoast SEO Premium plugin. -->","yoast_head_json":{"title":"2018.09.08. - Brno, 1. futam v\u00e9geredm\u00e9nyek - FIA Swift Cup Europe","robots":{"index":"index","follow":"follow","max-snippet":"max-snippet:-1","max-image-preview":"max-image-preview:large","max-video-preview":"max-video-preview:-1"},"canonical":"https:\/\/www.swiftcupeurope.com\/en\/2018\/uncategorized\/2018-09-08-brno-1-futam-vegeredmenyek\/","og_locale":"en_US","og_type":"article","og_title":"2018.09.08. - Brno, 1. futam v\u00e9geredm\u00e9nyek","og_description":"A szombat kora d\u00e9lut\u00e1ni els\u0151 futam gy\u00f6ny\u00f6r\u0171 \u0151szi id\u0151ben zajlott. Forrai G\u00e1bort ez\u00fattal nem lehetett utol\u00e9rni, de m\u00f6g\u00f6tte zajlottak a harcok a poz\u00edci\u00f3k\u00e9rt. \u00cdme az eredm\u00e9nyek, hamarosan pedig interj\u00fak is j\u00f6nnek: &nbsp;","og_url":"https:\/\/www.swiftcupeurope.com\/en\/2018\/uncategorized\/2018-09-08-brno-1-futam-vegeredmenyek\/","og_site_name":"FIA Swift Cup Europe","article_published_time":"2018-09-08T18:02:00+00:00","article_modified_time":"2018-10-26T01:58:48+00:00","og_image":[{"width":1030,"height":773,"url":"https:\/\/www.swiftcupeurope.com\/wp-content\/uploads\/2018\/09\/IMG_7187-1030x773.jpg","type":"image\/jpeg"}],"author":"swiftcupeurope","twitter_card":"summary_large_image","twitter_misc":{"Written by":"swiftcupeurope"},"schema":{"@context":"https:\/\/schema.org","@graph":[{"@type":"Article","@id":"https:\/\/www.swiftcupeurope.com\/en\/2018\/uncategorized\/2018-09-08-brno-1-futam-vegeredmenyek\/#article","isPartOf":{"@id":"https:\/\/www.swiftcupeurope.com\/en\/2018\/uncategorized\/2018-09-08-brno-1-futam-vegeredmenyek\/"},"author":{"name":"swiftcupeurope","@id":"https:\/\/www.swiftcupeurope.com\/#\/schema\/person\/03cb2427aeeeeac4a49a03160d04e8fe"},"headline":"2018.09.08. &#8211; Brno, 1. futam v\u00e9geredm\u00e9nyek","datePublished":"2018-09-08T18:02:00+00:00","dateModified":"2018-10-26T01:58:48+00:00","mainEntityOfPage":{"@id":"https:\/\/www.swiftcupeurope.com\/en\/2018\/uncategorized\/2018-09-08-brno-1-futam-vegeredmenyek\/"},"wordCount":54,"commentCount":0,"publisher":{"@id":"https:\/\/www.swiftcupeurope.com\/#organization"},"keywords":["suzuki swift","Suzuki Swiftcup Europe","swift","swiftcupeurope"],"inLanguage":"en-US","potentialAction":[{"@type":"CommentAction","name":"Comment","target":["https:\/\/www.swiftcupeurope.com\/en\/2018\/uncategorized\/2018-09-08-brno-1-futam-vegeredmenyek\/#respond"]}]},{"@type":"WebPage","@id":"https:\/\/www.swiftcupeurope.com\/en\/2018\/uncategorized\/2018-09-08-brno-1-futam-vegeredmenyek\/","url":"https:\/\/www.swiftcupeurope.com\/en\/2018\/uncategorized\/2018-09-08-brno-1-futam-vegeredmenyek\/","name":"2018.09.08. - Brno, 1. futam v\u00e9geredm\u00e9nyek - FIA Swift Cup Europe","isPartOf":{"@id":"https:\/\/www.swiftcupeurope.com\/#website"},"datePublished":"2018-09-08T18:02:00+00:00","dateModified":"2018-10-26T01:58:48+00:00","breadcrumb":{"@id":"https:\/\/www.swiftcupeurope.com\/en\/2018\/uncategorized\/2018-09-08-brno-1-futam-vegeredmenyek\/#breadcrumb"},"inLanguage":"en-US","potentialAction":[{"@type":"ReadAction","target":["https:\/\/www.swiftcupeurope.com\/en\/2018\/uncategorized\/2018-09-08-brno-1-futam-vegeredmenyek\/"]}]},{"@type":"BreadcrumbList","@id":"https:\/\/www.swiftcupeurope.com\/en\/2018\/uncategorized\/2018-09-08-brno-1-futam-vegeredmenyek\/#breadcrumb","itemListElement":[{"@type":"ListItem","position":1,"name":"Kezd\u0151lap","item":"https:\/\/www.swiftcupeurope.com\/"},{"@type":"ListItem","position":2,"name":"2018.09.08. &#8211; Brno, 1. futam v\u00e9geredm\u00e9nyek"}]},{"@type":"WebSite","@id":"https:\/\/www.swiftcupeurope.com\/#website","url":"https:\/\/www.swiftcupeurope.com\/","name":"FIA Swift Cup Europe","description":"FIA Swift Cup Europe \/ Official Website","publisher":{"@id":"https:\/\/www.swiftcupeurope.com\/#organization"},"potentialAction":[{"@type":"SearchAction","target":{"@type":"EntryPoint","urlTemplate":"https:\/\/www.swiftcupeurope.com\/?s={search_term_string}"},"query-input":"required name=search_term_string"}],"inLanguage":"en-US"},{"@type":"Organization","@id":"https:\/\/www.swiftcupeurope.com\/#organization","name":"FIA Swift Cup Europe","url":"https:\/\/www.swiftcupeurope.com\/","logo":{"@type":"ImageObject","inLanguage":"en-US","@id":"https:\/\/www.swiftcupeurope.com\/#\/schema\/logo\/image\/","url":"https:\/\/www.swiftcupeurope.com\/wp-content\/uploads\/2021\/04\/cropped-sce_logo_2021inv.png","contentUrl":"https:\/\/www.swiftcupeurope.com\/wp-content\/uploads\/2021\/04\/cropped-sce_logo_2021inv.png","width":600,"height":120,"caption":"FIA Swift Cup Europe"},"image":{"@id":"https:\/\/www.swiftcupeurope.com\/#\/schema\/logo\/image\/"}},{"@type":"Person","@id":"https:\/\/www.swiftcupeurope.com\/#\/schema\/person\/03cb2427aeeeeac4a49a03160d04e8fe","name":"swiftcupeurope","url":"https:\/\/www.swiftcupeurope.com\/en\/author\/swiftcupeurope\/"}]}},"_links":{"self":[{"href":"https:\/\/www.swiftcupeurope.com\/en\/wp-json\/wp\/v2\/posts\/5048"}],"collection":[{"href":"https:\/\/www.swiftcupeurope.com\/en\/wp-json\/wp\/v2\/posts"}],"about":[{"href":"https:\/\/www.swiftcupeurope.com\/en\/wp-json\/wp\/v2\/types\/post"}],"author":[{"embeddable":true,"href":"https:\/\/www.swiftcupeurope.com\/en\/wp-json\/wp\/v2\/users\/2"}],"replies":[{"embeddable":true,"href":"https:\/\/www.swiftcupeurope.com\/en\/wp-json\/wp\/v2\/comments?post=5048"}],"version-history":[{"count":1,"href":"https:\/\/www.swiftcupeurope.com\/en\/wp-json\/wp\/v2\/posts\/5048\/revisions"}],"predecessor-version":[{"id":5424,"href":"https:\/\/www.swiftcupeurope.com\/en\/wp-json\/wp\/v2\/posts\/5048\/revisions\/5424"}],"wp:featuredmedia":[{"embeddable":true,"href":"https:\/\/www.swiftcupeurope.com\/en\/wp-json\/wp\/v2\/media\/5052"}],"wp:attachment":[{"href":"https:\/\/www.swiftcupeurope.com\/en\/wp-json\/wp\/v2\/media?parent=5048"}],"wp:term":[{"taxonomy":"category","embeddable":true,"href":"https:\/\/www.swiftcupeurope.com\/en\/wp-json\/wp\/v2\/categories?post=5048"},{"taxonomy":"post_tag","embeddable":true,"href":"https:\/\/www.swiftcupeurope.com\/en\/wp-json\/wp\/v2\/tags?post=5048"}],"curies":[{"name":"wp","href":"https:\/\/api.w.org\/{rel}","templated":true}]}}