{"id":4878,"date":"2018-05-27T09:16:45","date_gmt":"2018-05-27T09:16:45","guid":{"rendered":"http:\/\/www.swiftcupeurope.com\/?p=4878"},"modified":"2018-10-26T03:58:49","modified_gmt":"2018-10-26T01:58:49","slug":"salzburgring-2018-05-27-1-futam-eredmenyek","status":"publish","type":"post","link":"https:\/\/www.swiftcupeurope.com\/en\/2018\/uncategorized\/salzburgring-2018-05-27-1-futam-eredmenyek\/","title":{"rendered":"Salzburgring 2018.05.27. &#8211; 1. futam eredm\u00e9nyek"},"content":{"rendered":"<p>A h\u00e9tv\u00e9ge els\u0151 versenye izgalmasra siker\u00fclt a salzburgi versenyp\u00e1ly\u00e1n. Az id\u0151m\u00e9r\u0151n\u00e9l valamivel h\u0171v\u00f6sebb p\u00e1lya miatt kev\u00e9sb\u00e9 melegedtek el a gumik, \u00edgy n\u00e9h\u00e1nyan t\u00f6bb poz\u00edci\u00f3t is jav\u00edtottak a rajthoz k\u00e9pest.<\/p>\n<p><img fetchpriority=\"high\" decoding=\"async\" class=\"aligncenter size-large wp-image-4879\" src=\"http:\/\/www.swiftcupeurope.com\/wp-content\/uploads\/2018\/05\/Suzuki-Motorsport-Cup-Rennen-1-1-724x1024.jpg\" alt=\"\" width=\"640\" height=\"905\" \/><img decoding=\"async\" class=\"aligncenter size-large wp-image-4880\" src=\"http:\/\/www.swiftcupeurope.com\/wp-content\/uploads\/2018\/05\/Suzuki-Motorsport-Cup-Rennen-1-2-724x1024.jpg\" alt=\"\" width=\"640\" height=\"905\" \/><\/p>","protected":false},"excerpt":{"rendered":"<p>A h\u00e9tv\u00e9ge els\u0151 versenye izgalmasra siker\u00fclt a salzburgi versenyp\u00e1ly\u00e1n. Az id\u0151m\u00e9r\u0151n\u00e9l valamivel h\u0171v\u00f6sebb p\u00e1lya miatt kev\u00e9sb\u00e9 melegedtek el a gumik, \u00edgy n\u00e9h\u00e1nyan t\u00f6bb poz\u00edci\u00f3t is jav\u00edtottak a rajthoz k\u00e9pest.<\/p>","protected":false},"author":2,"featured_media":4881,"comment_status":"open","ping_status":"open","sticky":false,"template":"","format":"standard","meta":{"footnotes":""},"categories":[1],"tags":[],"yoast_head":"<!-- This site is optimized with the Yoast SEO Premium plugin v21.1 (Yoast SEO v21.7) - https:\/\/yoast.com\/wordpress\/plugins\/seo\/ -->\n<title>Salzburgring 2018.05.27. - 1. futam eredm\u00e9nyek - FIA Swift Cup Europe<\/title>\n<meta name=\"robots\" content=\"index, follow, max-snippet:-1, max-image-preview:large, max-video-preview:-1\" \/>\n<link rel=\"canonical\" href=\"https:\/\/www.swiftcupeurope.com\/en\/2018\/uncategorized\/salzburgring-2018-05-27-1-futam-eredmenyek\/\" \/>\n<meta property=\"og:locale\" content=\"en_US\" \/>\n<meta property=\"og:type\" content=\"article\" \/>\n<meta property=\"og:title\" content=\"Salzburgring 2018.05.27. - 1. futam eredm\u00e9nyek\" \/>\n<meta property=\"og:description\" content=\"A h\u00e9tv\u00e9ge els\u0151 versenye izgalmasra siker\u00fclt a salzburgi versenyp\u00e1ly\u00e1n. Az id\u0151m\u00e9r\u0151n\u00e9l valamivel h\u0171v\u00f6sebb p\u00e1lya miatt kev\u00e9sb\u00e9 melegedtek el a gumik, \u00edgy n\u00e9h\u00e1nyan t\u00f6bb poz\u00edci\u00f3t is jav\u00edtottak a rajthoz k\u00e9pest.\" \/>\n<meta property=\"og:url\" content=\"https:\/\/www.swiftcupeurope.com\/en\/2018\/uncategorized\/salzburgring-2018-05-27-1-futam-eredmenyek\/\" \/>\n<meta property=\"og:site_name\" content=\"FIA Swift Cup Europe\" \/>\n<meta property=\"article:published_time\" content=\"2018-05-27T09:16:45+00:00\" \/>\n<meta property=\"article:modified_time\" content=\"2018-10-26T01:58:49+00:00\" \/>\n<meta property=\"og:image\" content=\"https:\/\/www.swiftcupeurope.com\/wp-content\/uploads\/2018\/05\/DJI_0002_Moment-1030x579.jpg\" \/>\n\t<meta property=\"og:image:width\" content=\"1030\" \/>\n\t<meta property=\"og:image:height\" content=\"579\" \/>\n\t<meta property=\"og:image:type\" content=\"image\/jpeg\" \/>\n<meta name=\"author\" content=\"swiftcupeurope\" \/>\n<meta name=\"twitter:card\" content=\"summary_large_image\" \/>\n<meta name=\"twitter:label1\" content=\"Written by\" \/>\n\t<meta name=\"twitter:data1\" content=\"swiftcupeurope\" \/>\n<script type=\"application\/ld+json\" class=\"yoast-schema-graph\">{\"@context\":\"https:\/\/schema.org\",\"@graph\":[{\"@type\":\"Article\",\"@id\":\"https:\/\/www.swiftcupeurope.com\/en\/2018\/uncategorized\/salzburgring-2018-05-27-1-futam-eredmenyek\/#article\",\"isPartOf\":{\"@id\":\"https:\/\/www.swiftcupeurope.com\/en\/2018\/uncategorized\/salzburgring-2018-05-27-1-futam-eredmenyek\/\"},\"author\":{\"name\":\"swiftcupeurope\",\"@id\":\"https:\/\/www.swiftcupeurope.com\/#\/schema\/person\/03cb2427aeeeeac4a49a03160d04e8fe\"},\"headline\":\"Salzburgring 2018.05.27. &#8211; 1. futam eredm\u00e9nyek\",\"datePublished\":\"2018-05-27T09:16:45+00:00\",\"dateModified\":\"2018-10-26T01:58:49+00:00\",\"mainEntityOfPage\":{\"@id\":\"https:\/\/www.swiftcupeurope.com\/en\/2018\/uncategorized\/salzburgring-2018-05-27-1-futam-eredmenyek\/\"},\"wordCount\":54,\"commentCount\":0,\"publisher\":{\"@id\":\"https:\/\/www.swiftcupeurope.com\/#organization\"},\"inLanguage\":\"en-US\",\"potentialAction\":[{\"@type\":\"CommentAction\",\"name\":\"Comment\",\"target\":[\"https:\/\/www.swiftcupeurope.com\/en\/2018\/uncategorized\/salzburgring-2018-05-27-1-futam-eredmenyek\/#respond\"]}]},{\"@type\":\"WebPage\",\"@id\":\"https:\/\/www.swiftcupeurope.com\/en\/2018\/uncategorized\/salzburgring-2018-05-27-1-futam-eredmenyek\/\",\"url\":\"https:\/\/www.swiftcupeurope.com\/en\/2018\/uncategorized\/salzburgring-2018-05-27-1-futam-eredmenyek\/\",\"name\":\"Salzburgring 2018.05.27. - 1. futam eredm\u00e9nyek - FIA Swift Cup Europe\",\"isPartOf\":{\"@id\":\"https:\/\/www.swiftcupeurope.com\/#website\"},\"datePublished\":\"2018-05-27T09:16:45+00:00\",\"dateModified\":\"2018-10-26T01:58:49+00:00\",\"breadcrumb\":{\"@id\":\"https:\/\/www.swiftcupeurope.com\/en\/2018\/uncategorized\/salzburgring-2018-05-27-1-futam-eredmenyek\/#breadcrumb\"},\"inLanguage\":\"en-US\",\"potentialAction\":[{\"@type\":\"ReadAction\",\"target\":[\"https:\/\/www.swiftcupeurope.com\/en\/2018\/uncategorized\/salzburgring-2018-05-27-1-futam-eredmenyek\/\"]}]},{\"@type\":\"BreadcrumbList\",\"@id\":\"https:\/\/www.swiftcupeurope.com\/en\/2018\/uncategorized\/salzburgring-2018-05-27-1-futam-eredmenyek\/#breadcrumb\",\"itemListElement\":[{\"@type\":\"ListItem\",\"position\":1,\"name\":\"Kezd\u0151lap\",\"item\":\"https:\/\/www.swiftcupeurope.com\/\"},{\"@type\":\"ListItem\",\"position\":2,\"name\":\"Salzburgring 2018.05.27. &#8211; 1. futam eredm\u00e9nyek\"}]},{\"@type\":\"WebSite\",\"@id\":\"https:\/\/www.swiftcupeurope.com\/#website\",\"url\":\"https:\/\/www.swiftcupeurope.com\/\",\"name\":\"FIA Swift Cup Europe\",\"description\":\"FIA Swift Cup Europe \/ Official Website\",\"publisher\":{\"@id\":\"https:\/\/www.swiftcupeurope.com\/#organization\"},\"potentialAction\":[{\"@type\":\"SearchAction\",\"target\":{\"@type\":\"EntryPoint\",\"urlTemplate\":\"https:\/\/www.swiftcupeurope.com\/?s={search_term_string}\"},\"query-input\":\"required name=search_term_string\"}],\"inLanguage\":\"en-US\"},{\"@type\":\"Organization\",\"@id\":\"https:\/\/www.swiftcupeurope.com\/#organization\",\"name\":\"FIA Swift Cup Europe\",\"url\":\"https:\/\/www.swiftcupeurope.com\/\",\"logo\":{\"@type\":\"ImageObject\",\"inLanguage\":\"en-US\",\"@id\":\"https:\/\/www.swiftcupeurope.com\/#\/schema\/logo\/image\/\",\"url\":\"https:\/\/www.swiftcupeurope.com\/wp-content\/uploads\/2021\/04\/cropped-sce_logo_2021inv.png\",\"contentUrl\":\"https:\/\/www.swiftcupeurope.com\/wp-content\/uploads\/2021\/04\/cropped-sce_logo_2021inv.png\",\"width\":600,\"height\":120,\"caption\":\"FIA Swift Cup Europe\"},\"image\":{\"@id\":\"https:\/\/www.swiftcupeurope.com\/#\/schema\/logo\/image\/\"}},{\"@type\":\"Person\",\"@id\":\"https:\/\/www.swiftcupeurope.com\/#\/schema\/person\/03cb2427aeeeeac4a49a03160d04e8fe\",\"name\":\"swiftcupeurope\",\"url\":\"https:\/\/www.swiftcupeurope.com\/en\/author\/swiftcupeurope\/\"}]}<\/script>\n<!-- \/ Yoast SEO Premium plugin. -->","yoast_head_json":{"title":"Salzburgring 2018.05.27. - 1. futam eredm\u00e9nyek - FIA Swift Cup Europe","robots":{"index":"index","follow":"follow","max-snippet":"max-snippet:-1","max-image-preview":"max-image-preview:large","max-video-preview":"max-video-preview:-1"},"canonical":"https:\/\/www.swiftcupeurope.com\/en\/2018\/uncategorized\/salzburgring-2018-05-27-1-futam-eredmenyek\/","og_locale":"en_US","og_type":"article","og_title":"Salzburgring 2018.05.27. - 1. futam eredm\u00e9nyek","og_description":"A h\u00e9tv\u00e9ge els\u0151 versenye izgalmasra siker\u00fclt a salzburgi versenyp\u00e1ly\u00e1n. Az id\u0151m\u00e9r\u0151n\u00e9l valamivel h\u0171v\u00f6sebb p\u00e1lya miatt kev\u00e9sb\u00e9 melegedtek el a gumik, \u00edgy n\u00e9h\u00e1nyan t\u00f6bb poz\u00edci\u00f3t is jav\u00edtottak a rajthoz k\u00e9pest.","og_url":"https:\/\/www.swiftcupeurope.com\/en\/2018\/uncategorized\/salzburgring-2018-05-27-1-futam-eredmenyek\/","og_site_name":"FIA Swift Cup Europe","article_published_time":"2018-05-27T09:16:45+00:00","article_modified_time":"2018-10-26T01:58:49+00:00","og_image":[{"width":1030,"height":579,"url":"https:\/\/www.swiftcupeurope.com\/wp-content\/uploads\/2018\/05\/DJI_0002_Moment-1030x579.jpg","type":"image\/jpeg"}],"author":"swiftcupeurope","twitter_card":"summary_large_image","twitter_misc":{"Written by":"swiftcupeurope"},"schema":{"@context":"https:\/\/schema.org","@graph":[{"@type":"Article","@id":"https:\/\/www.swiftcupeurope.com\/en\/2018\/uncategorized\/salzburgring-2018-05-27-1-futam-eredmenyek\/#article","isPartOf":{"@id":"https:\/\/www.swiftcupeurope.com\/en\/2018\/uncategorized\/salzburgring-2018-05-27-1-futam-eredmenyek\/"},"author":{"name":"swiftcupeurope","@id":"https:\/\/www.swiftcupeurope.com\/#\/schema\/person\/03cb2427aeeeeac4a49a03160d04e8fe"},"headline":"Salzburgring 2018.05.27. &#8211; 1. futam eredm\u00e9nyek","datePublished":"2018-05-27T09:16:45+00:00","dateModified":"2018-10-26T01:58:49+00:00","mainEntityOfPage":{"@id":"https:\/\/www.swiftcupeurope.com\/en\/2018\/uncategorized\/salzburgring-2018-05-27-1-futam-eredmenyek\/"},"wordCount":54,"commentCount":0,"publisher":{"@id":"https:\/\/www.swiftcupeurope.com\/#organization"},"inLanguage":"en-US","potentialAction":[{"@type":"CommentAction","name":"Comment","target":["https:\/\/www.swiftcupeurope.com\/en\/2018\/uncategorized\/salzburgring-2018-05-27-1-futam-eredmenyek\/#respond"]}]},{"@type":"WebPage","@id":"https:\/\/www.swiftcupeurope.com\/en\/2018\/uncategorized\/salzburgring-2018-05-27-1-futam-eredmenyek\/","url":"https:\/\/www.swiftcupeurope.com\/en\/2018\/uncategorized\/salzburgring-2018-05-27-1-futam-eredmenyek\/","name":"Salzburgring 2018.05.27. - 1. futam eredm\u00e9nyek - FIA Swift Cup Europe","isPartOf":{"@id":"https:\/\/www.swiftcupeurope.com\/#website"},"datePublished":"2018-05-27T09:16:45+00:00","dateModified":"2018-10-26T01:58:49+00:00","breadcrumb":{"@id":"https:\/\/www.swiftcupeurope.com\/en\/2018\/uncategorized\/salzburgring-2018-05-27-1-futam-eredmenyek\/#breadcrumb"},"inLanguage":"en-US","potentialAction":[{"@type":"ReadAction","target":["https:\/\/www.swiftcupeurope.com\/en\/2018\/uncategorized\/salzburgring-2018-05-27-1-futam-eredmenyek\/"]}]},{"@type":"BreadcrumbList","@id":"https:\/\/www.swiftcupeurope.com\/en\/2018\/uncategorized\/salzburgring-2018-05-27-1-futam-eredmenyek\/#breadcrumb","itemListElement":[{"@type":"ListItem","position":1,"name":"Kezd\u0151lap","item":"https:\/\/www.swiftcupeurope.com\/"},{"@type":"ListItem","position":2,"name":"Salzburgring 2018.05.27. &#8211; 1. futam eredm\u00e9nyek"}]},{"@type":"WebSite","@id":"https:\/\/www.swiftcupeurope.com\/#website","url":"https:\/\/www.swiftcupeurope.com\/","name":"FIA Swift Cup Europe","description":"FIA Swift Cup Europe \/ Official Website","publisher":{"@id":"https:\/\/www.swiftcupeurope.com\/#organization"},"potentialAction":[{"@type":"SearchAction","target":{"@type":"EntryPoint","urlTemplate":"https:\/\/www.swiftcupeurope.com\/?s={search_term_string}"},"query-input":"required name=search_term_string"}],"inLanguage":"en-US"},{"@type":"Organization","@id":"https:\/\/www.swiftcupeurope.com\/#organization","name":"FIA Swift Cup Europe","url":"https:\/\/www.swiftcupeurope.com\/","logo":{"@type":"ImageObject","inLanguage":"en-US","@id":"https:\/\/www.swiftcupeurope.com\/#\/schema\/logo\/image\/","url":"https:\/\/www.swiftcupeurope.com\/wp-content\/uploads\/2021\/04\/cropped-sce_logo_2021inv.png","contentUrl":"https:\/\/www.swiftcupeurope.com\/wp-content\/uploads\/2021\/04\/cropped-sce_logo_2021inv.png","width":600,"height":120,"caption":"FIA Swift Cup Europe"},"image":{"@id":"https:\/\/www.swiftcupeurope.com\/#\/schema\/logo\/image\/"}},{"@type":"Person","@id":"https:\/\/www.swiftcupeurope.com\/#\/schema\/person\/03cb2427aeeeeac4a49a03160d04e8fe","name":"swiftcupeurope","url":"https:\/\/www.swiftcupeurope.com\/en\/author\/swiftcupeurope\/"}]}},"_links":{"self":[{"href":"https:\/\/www.swiftcupeurope.com\/en\/wp-json\/wp\/v2\/posts\/4878"}],"collection":[{"href":"https:\/\/www.swiftcupeurope.com\/en\/wp-json\/wp\/v2\/posts"}],"about":[{"href":"https:\/\/www.swiftcupeurope.com\/en\/wp-json\/wp\/v2\/types\/post"}],"author":[{"embeddable":true,"href":"https:\/\/www.swiftcupeurope.com\/en\/wp-json\/wp\/v2\/users\/2"}],"replies":[{"embeddable":true,"href":"https:\/\/www.swiftcupeurope.com\/en\/wp-json\/wp\/v2\/comments?post=4878"}],"version-history":[{"count":1,"href":"https:\/\/www.swiftcupeurope.com\/en\/wp-json\/wp\/v2\/posts\/4878\/revisions"}],"predecessor-version":[{"id":5454,"href":"https:\/\/www.swiftcupeurope.com\/en\/wp-json\/wp\/v2\/posts\/4878\/revisions\/5454"}],"wp:featuredmedia":[{"embeddable":true,"href":"https:\/\/www.swiftcupeurope.com\/en\/wp-json\/wp\/v2\/media\/4881"}],"wp:attachment":[{"href":"https:\/\/www.swiftcupeurope.com\/en\/wp-json\/wp\/v2\/media?parent=4878"}],"wp:term":[{"taxonomy":"category","embeddable":true,"href":"https:\/\/www.swiftcupeurope.com\/en\/wp-json\/wp\/v2\/categories?post=4878"},{"taxonomy":"post_tag","embeddable":true,"href":"https:\/\/www.swiftcupeurope.com\/en\/wp-json\/wp\/v2\/tags?post=4878"}],"curies":[{"name":"wp","href":"https:\/\/api.w.org\/{rel}","templated":true}]}}