{"id":4853,"date":"2018-05-24T16:05:58","date_gmt":"2018-05-24T16:05:58","guid":{"rendered":"http:\/\/www.swiftcupeurope.com\/?p=4853"},"modified":"2018-10-26T03:58:49","modified_gmt":"2018-10-26T01:58:49","slug":"majus-25-27-salzburgring-a-2-versenyhetvege","status":"publish","type":"post","link":"https:\/\/www.swiftcupeurope.com\/en\/2018\/uncategorized\/majus-25-27-salzburgring-a-2-versenyhetvege\/","title":{"rendered":"M\u00e1jus 25-27. &#8211; Salzburgring, a 2. versenyh\u00e9tv\u00e9ge kedvcsin\u00e1l\u00f3"},"content":{"rendered":"<p>\u00cdme egy kis kedvcsin\u00e1l\u00f3 a sorozathoz:<\/p>\n<div style=\"width: 800px;\" class=\"wp-video\"><!--[if lt IE 9]><script>document.createElement('video');<\/script><![endif]-->\n<video class=\"wp-video-shortcode\" id=\"video-4853-1\" width=\"800\" height=\"450\" preload=\"metadata\" controls=\"controls\"><source type=\"video\/mp4\" src=\"http:\/\/www.swiftcupeurope.com\/wp-content\/uploads\/2018\/05\/SWIFTCUP_promo_webre.mp4?_=1\" \/><a href=\"http:\/\/www.swiftcupeurope.com\/wp-content\/uploads\/2018\/05\/SWIFTCUP_promo_webre.mp4\">http:\/\/www.swiftcupeurope.com\/wp-content\/uploads\/2018\/05\/SWIFTCUP_promo_webre.mp4<\/a><\/video><\/div>","protected":false},"excerpt":{"rendered":"<p>\u00cdme egy kis kedvcsin\u00e1l\u00f3 a sorozathoz:<\/p>","protected":false},"author":2,"featured_media":4795,"comment_status":"open","ping_status":"open","sticky":false,"template":"","format":"video","meta":{"footnotes":""},"categories":[1],"tags":[],"yoast_head":"<!-- This site is optimized with the Yoast SEO Premium plugin v21.1 (Yoast SEO v21.7) - https:\/\/yoast.com\/wordpress\/plugins\/seo\/ -->\n<title>M\u00e1jus 25-27. - Salzburgring, a 2. versenyh\u00e9tv\u00e9ge kedvcsin\u00e1l\u00f3 - FIA Swift Cup Europe<\/title>\n<meta name=\"robots\" content=\"index, follow, max-snippet:-1, max-image-preview:large, max-video-preview:-1\" \/>\n<link rel=\"canonical\" href=\"https:\/\/www.swiftcupeurope.com\/en\/2018\/uncategorized\/majus-25-27-salzburgring-a-2-versenyhetvege\/\" \/>\n<meta property=\"og:locale\" content=\"en_US\" \/>\n<meta property=\"og:type\" content=\"article\" \/>\n<meta property=\"og:title\" content=\"M\u00e1jus 25-27. - Salzburgring, a 2. versenyh\u00e9tv\u00e9ge kedvcsin\u00e1l\u00f3\" \/>\n<meta property=\"og:description\" content=\"\u00cdme egy kis kedvcsin\u00e1l\u00f3 a sorozathoz:\" \/>\n<meta property=\"og:url\" content=\"https:\/\/www.swiftcupeurope.com\/en\/2018\/uncategorized\/majus-25-27-salzburgring-a-2-versenyhetvege\/\" \/>\n<meta property=\"og:site_name\" content=\"FIA Swift Cup Europe\" \/>\n<meta property=\"article:published_time\" content=\"2018-05-24T16:05:58+00:00\" \/>\n<meta property=\"article:modified_time\" content=\"2018-10-26T01:58:49+00:00\" \/>\n<meta property=\"og:image\" content=\"https:\/\/www.swiftcupeurope.com\/wp-content\/uploads\/2018\/04\/SWIFTCUP_Naptar_2018.jpg\" \/>\n\t<meta property=\"og:image:width\" content=\"1280\" \/>\n\t<meta property=\"og:image:height\" content=\"1280\" \/>\n\t<meta property=\"og:image:type\" content=\"image\/jpeg\" \/>\n<meta name=\"author\" content=\"swiftcupeurope\" \/>\n<meta name=\"twitter:card\" content=\"summary_large_image\" \/>\n<meta name=\"twitter:label1\" content=\"Written by\" \/>\n\t<meta name=\"twitter:data1\" content=\"swiftcupeurope\" \/>\n<script type=\"application\/ld+json\" class=\"yoast-schema-graph\">{\"@context\":\"https:\/\/schema.org\",\"@graph\":[{\"@type\":\"Article\",\"@id\":\"https:\/\/www.swiftcupeurope.com\/2018\/uncategorized\/majus-25-27-salzburgring-a-2-versenyhetvege\/#article\",\"isPartOf\":{\"@id\":\"https:\/\/www.swiftcupeurope.com\/2018\/uncategorized\/majus-25-27-salzburgring-a-2-versenyhetvege\/\"},\"author\":{\"name\":\"swiftcupeurope\",\"@id\":\"https:\/\/www.swiftcupeurope.com\/#\/schema\/person\/03cb2427aeeeeac4a49a03160d04e8fe\"},\"headline\":\"M\u00e1jus 25-27. &#8211; Salzburgring, a 2. versenyh\u00e9tv\u00e9ge kedvcsin\u00e1l\u00f3\",\"datePublished\":\"2018-05-24T16:05:58+00:00\",\"dateModified\":\"2018-10-26T01:58:49+00:00\",\"mainEntityOfPage\":{\"@id\":\"https:\/\/www.swiftcupeurope.com\/2018\/uncategorized\/majus-25-27-salzburgring-a-2-versenyhetvege\/\"},\"wordCount\":33,\"commentCount\":0,\"publisher\":{\"@id\":\"https:\/\/www.swiftcupeurope.com\/#organization\"},\"inLanguage\":\"en-US\",\"potentialAction\":[{\"@type\":\"CommentAction\",\"name\":\"Comment\",\"target\":[\"https:\/\/www.swiftcupeurope.com\/2018\/uncategorized\/majus-25-27-salzburgring-a-2-versenyhetvege\/#respond\"]}]},{\"@type\":\"WebPage\",\"@id\":\"https:\/\/www.swiftcupeurope.com\/2018\/uncategorized\/majus-25-27-salzburgring-a-2-versenyhetvege\/\",\"url\":\"https:\/\/www.swiftcupeurope.com\/2018\/uncategorized\/majus-25-27-salzburgring-a-2-versenyhetvege\/\",\"name\":\"M\u00e1jus 25-27. - Salzburgring, a 2. versenyh\u00e9tv\u00e9ge kedvcsin\u00e1l\u00f3 - FIA Swift Cup Europe\",\"isPartOf\":{\"@id\":\"https:\/\/www.swiftcupeurope.com\/#website\"},\"datePublished\":\"2018-05-24T16:05:58+00:00\",\"dateModified\":\"2018-10-26T01:58:49+00:00\",\"breadcrumb\":{\"@id\":\"https:\/\/www.swiftcupeurope.com\/2018\/uncategorized\/majus-25-27-salzburgring-a-2-versenyhetvege\/#breadcrumb\"},\"inLanguage\":\"en-US\",\"potentialAction\":[{\"@type\":\"ReadAction\",\"target\":[\"https:\/\/www.swiftcupeurope.com\/2018\/uncategorized\/majus-25-27-salzburgring-a-2-versenyhetvege\/\"]}]},{\"@type\":\"BreadcrumbList\",\"@id\":\"https:\/\/www.swiftcupeurope.com\/2018\/uncategorized\/majus-25-27-salzburgring-a-2-versenyhetvege\/#breadcrumb\",\"itemListElement\":[{\"@type\":\"ListItem\",\"position\":1,\"name\":\"Kezd\u0151lap\",\"item\":\"https:\/\/www.swiftcupeurope.com\/\"},{\"@type\":\"ListItem\",\"position\":2,\"name\":\"M\u00e1jus 25-27. &#8211; Salzburgring, a 2. versenyh\u00e9tv\u00e9ge kedvcsin\u00e1l\u00f3\"}]},{\"@type\":\"WebSite\",\"@id\":\"https:\/\/www.swiftcupeurope.com\/#website\",\"url\":\"https:\/\/www.swiftcupeurope.com\/\",\"name\":\"FIA Swift Cup Europe\",\"description\":\"FIA Swift Cup Europe \/ Official Website\",\"publisher\":{\"@id\":\"https:\/\/www.swiftcupeurope.com\/#organization\"},\"potentialAction\":[{\"@type\":\"SearchAction\",\"target\":{\"@type\":\"EntryPoint\",\"urlTemplate\":\"https:\/\/www.swiftcupeurope.com\/?s={search_term_string}\"},\"query-input\":\"required name=search_term_string\"}],\"inLanguage\":\"en-US\"},{\"@type\":\"Organization\",\"@id\":\"https:\/\/www.swiftcupeurope.com\/#organization\",\"name\":\"FIA Swift Cup Europe\",\"url\":\"https:\/\/www.swiftcupeurope.com\/\",\"logo\":{\"@type\":\"ImageObject\",\"inLanguage\":\"en-US\",\"@id\":\"https:\/\/www.swiftcupeurope.com\/#\/schema\/logo\/image\/\",\"url\":\"https:\/\/www.swiftcupeurope.com\/wp-content\/uploads\/2021\/04\/cropped-sce_logo_2021inv.png\",\"contentUrl\":\"https:\/\/www.swiftcupeurope.com\/wp-content\/uploads\/2021\/04\/cropped-sce_logo_2021inv.png\",\"width\":600,\"height\":120,\"caption\":\"FIA Swift Cup Europe\"},\"image\":{\"@id\":\"https:\/\/www.swiftcupeurope.com\/#\/schema\/logo\/image\/\"}},{\"@type\":\"Person\",\"@id\":\"https:\/\/www.swiftcupeurope.com\/#\/schema\/person\/03cb2427aeeeeac4a49a03160d04e8fe\",\"name\":\"swiftcupeurope\",\"url\":\"https:\/\/www.swiftcupeurope.com\/en\/author\/swiftcupeurope\/\"}]}<\/script>\n<!-- \/ Yoast SEO Premium plugin. -->","yoast_head_json":{"title":"M\u00e1jus 25-27. - Salzburgring, a 2. versenyh\u00e9tv\u00e9ge kedvcsin\u00e1l\u00f3 - FIA Swift Cup Europe","robots":{"index":"index","follow":"follow","max-snippet":"max-snippet:-1","max-image-preview":"max-image-preview:large","max-video-preview":"max-video-preview:-1"},"canonical":"https:\/\/www.swiftcupeurope.com\/en\/2018\/uncategorized\/majus-25-27-salzburgring-a-2-versenyhetvege\/","og_locale":"en_US","og_type":"article","og_title":"M\u00e1jus 25-27. - Salzburgring, a 2. versenyh\u00e9tv\u00e9ge kedvcsin\u00e1l\u00f3","og_description":"\u00cdme egy kis kedvcsin\u00e1l\u00f3 a sorozathoz:","og_url":"https:\/\/www.swiftcupeurope.com\/en\/2018\/uncategorized\/majus-25-27-salzburgring-a-2-versenyhetvege\/","og_site_name":"FIA Swift Cup Europe","article_published_time":"2018-05-24T16:05:58+00:00","article_modified_time":"2018-10-26T01:58:49+00:00","og_image":[{"width":1280,"height":1280,"url":"https:\/\/www.swiftcupeurope.com\/wp-content\/uploads\/2018\/04\/SWIFTCUP_Naptar_2018.jpg","type":"image\/jpeg"}],"author":"swiftcupeurope","twitter_card":"summary_large_image","twitter_misc":{"Written by":"swiftcupeurope"},"schema":{"@context":"https:\/\/schema.org","@graph":[{"@type":"Article","@id":"https:\/\/www.swiftcupeurope.com\/2018\/uncategorized\/majus-25-27-salzburgring-a-2-versenyhetvege\/#article","isPartOf":{"@id":"https:\/\/www.swiftcupeurope.com\/2018\/uncategorized\/majus-25-27-salzburgring-a-2-versenyhetvege\/"},"author":{"name":"swiftcupeurope","@id":"https:\/\/www.swiftcupeurope.com\/#\/schema\/person\/03cb2427aeeeeac4a49a03160d04e8fe"},"headline":"M\u00e1jus 25-27. &#8211; Salzburgring, a 2. versenyh\u00e9tv\u00e9ge kedvcsin\u00e1l\u00f3","datePublished":"2018-05-24T16:05:58+00:00","dateModified":"2018-10-26T01:58:49+00:00","mainEntityOfPage":{"@id":"https:\/\/www.swiftcupeurope.com\/2018\/uncategorized\/majus-25-27-salzburgring-a-2-versenyhetvege\/"},"wordCount":33,"commentCount":0,"publisher":{"@id":"https:\/\/www.swiftcupeurope.com\/#organization"},"inLanguage":"en-US","potentialAction":[{"@type":"CommentAction","name":"Comment","target":["https:\/\/www.swiftcupeurope.com\/2018\/uncategorized\/majus-25-27-salzburgring-a-2-versenyhetvege\/#respond"]}]},{"@type":"WebPage","@id":"https:\/\/www.swiftcupeurope.com\/2018\/uncategorized\/majus-25-27-salzburgring-a-2-versenyhetvege\/","url":"https:\/\/www.swiftcupeurope.com\/2018\/uncategorized\/majus-25-27-salzburgring-a-2-versenyhetvege\/","name":"M\u00e1jus 25-27. - Salzburgring, a 2. versenyh\u00e9tv\u00e9ge kedvcsin\u00e1l\u00f3 - FIA Swift Cup Europe","isPartOf":{"@id":"https:\/\/www.swiftcupeurope.com\/#website"},"datePublished":"2018-05-24T16:05:58+00:00","dateModified":"2018-10-26T01:58:49+00:00","breadcrumb":{"@id":"https:\/\/www.swiftcupeurope.com\/2018\/uncategorized\/majus-25-27-salzburgring-a-2-versenyhetvege\/#breadcrumb"},"inLanguage":"en-US","potentialAction":[{"@type":"ReadAction","target":["https:\/\/www.swiftcupeurope.com\/2018\/uncategorized\/majus-25-27-salzburgring-a-2-versenyhetvege\/"]}]},{"@type":"BreadcrumbList","@id":"https:\/\/www.swiftcupeurope.com\/2018\/uncategorized\/majus-25-27-salzburgring-a-2-versenyhetvege\/#breadcrumb","itemListElement":[{"@type":"ListItem","position":1,"name":"Kezd\u0151lap","item":"https:\/\/www.swiftcupeurope.com\/"},{"@type":"ListItem","position":2,"name":"M\u00e1jus 25-27. &#8211; Salzburgring, a 2. versenyh\u00e9tv\u00e9ge kedvcsin\u00e1l\u00f3"}]},{"@type":"WebSite","@id":"https:\/\/www.swiftcupeurope.com\/#website","url":"https:\/\/www.swiftcupeurope.com\/","name":"FIA Swift Cup Europe","description":"FIA Swift Cup Europe \/ Official Website","publisher":{"@id":"https:\/\/www.swiftcupeurope.com\/#organization"},"potentialAction":[{"@type":"SearchAction","target":{"@type":"EntryPoint","urlTemplate":"https:\/\/www.swiftcupeurope.com\/?s={search_term_string}"},"query-input":"required name=search_term_string"}],"inLanguage":"en-US"},{"@type":"Organization","@id":"https:\/\/www.swiftcupeurope.com\/#organization","name":"FIA Swift Cup Europe","url":"https:\/\/www.swiftcupeurope.com\/","logo":{"@type":"ImageObject","inLanguage":"en-US","@id":"https:\/\/www.swiftcupeurope.com\/#\/schema\/logo\/image\/","url":"https:\/\/www.swiftcupeurope.com\/wp-content\/uploads\/2021\/04\/cropped-sce_logo_2021inv.png","contentUrl":"https:\/\/www.swiftcupeurope.com\/wp-content\/uploads\/2021\/04\/cropped-sce_logo_2021inv.png","width":600,"height":120,"caption":"FIA Swift Cup Europe"},"image":{"@id":"https:\/\/www.swiftcupeurope.com\/#\/schema\/logo\/image\/"}},{"@type":"Person","@id":"https:\/\/www.swiftcupeurope.com\/#\/schema\/person\/03cb2427aeeeeac4a49a03160d04e8fe","name":"swiftcupeurope","url":"https:\/\/www.swiftcupeurope.com\/en\/author\/swiftcupeurope\/"}]}},"_links":{"self":[{"href":"https:\/\/www.swiftcupeurope.com\/en\/wp-json\/wp\/v2\/posts\/4853"}],"collection":[{"href":"https:\/\/www.swiftcupeurope.com\/en\/wp-json\/wp\/v2\/posts"}],"about":[{"href":"https:\/\/www.swiftcupeurope.com\/en\/wp-json\/wp\/v2\/types\/post"}],"author":[{"embeddable":true,"href":"https:\/\/www.swiftcupeurope.com\/en\/wp-json\/wp\/v2\/users\/2"}],"replies":[{"embeddable":true,"href":"https:\/\/www.swiftcupeurope.com\/en\/wp-json\/wp\/v2\/comments?post=4853"}],"version-history":[{"count":1,"href":"https:\/\/www.swiftcupeurope.com\/en\/wp-json\/wp\/v2\/posts\/4853\/revisions"}],"predecessor-version":[{"id":5458,"href":"https:\/\/www.swiftcupeurope.com\/en\/wp-json\/wp\/v2\/posts\/4853\/revisions\/5458"}],"wp:featuredmedia":[{"embeddable":true,"href":"https:\/\/www.swiftcupeurope.com\/en\/wp-json\/wp\/v2\/media\/4795"}],"wp:attachment":[{"href":"https:\/\/www.swiftcupeurope.com\/en\/wp-json\/wp\/v2\/media?parent=4853"}],"wp:term":[{"taxonomy":"category","embeddable":true,"href":"https:\/\/www.swiftcupeurope.com\/en\/wp-json\/wp\/v2\/categories?post=4853"},{"taxonomy":"post_tag","embeddable":true,"href":"https:\/\/www.swiftcupeurope.com\/en\/wp-json\/wp\/v2\/tags?post=4853"}],"curies":[{"name":"wp","href":"https:\/\/api.w.org\/{rel}","templated":true}]}}