{"id":4821,"date":"2018-05-02T06:44:57","date_gmt":"2018-05-02T06:44:57","guid":{"rendered":"http:\/\/swiftcupeurope.com\/?p=4821"},"modified":"2018-05-02T06:44:57","modified_gmt":"2018-05-02T06:44:57","slug":"a-bajnoksag-allasa-az-elso-versenyhetvege-utan","status":"publish","type":"post","link":"https:\/\/www.swiftcupeurope.com\/en\/2018\/uncategorized\/a-bajnoksag-allasa-az-elso-versenyhetvege-utan\/","title":{"rendered":"A bajnoks\u00e1g \u00e1ll\u00e1sa az els\u0151 versenyh\u00e9tv\u00e9ge ut\u00e1n:"},"content":{"rendered":"<p>&nbsp;<\/p>\n<table width=\"450\">\n<tbody>\n<tr>\n<td width=\"56\"><\/td>\n<td width=\"170\"><\/td>\n<td colspan=\"3\" rowspan=\"2\" width=\"168\">FIA SCE<\/td>\n<td width=\"56\"><\/td>\n<\/tr>\n<tr>\n<td><\/td>\n<td><\/td>\n<td><\/td>\n<\/tr>\n<tr>\n<td><\/td>\n<td><\/td>\n<td><\/td>\n<td><\/td>\n<td><\/td>\n<td><\/td>\n<\/tr>\n<tr>\n<td><\/td>\n<td><\/td>\n<td><\/td>\n<td><\/td>\n<td><\/td>\n<td><\/td>\n<\/tr>\n<tr>\n<td><\/td>\n<td><\/td>\n<td colspan=\"3\">Hungaroring<\/td>\n<td><\/td>\n<\/tr>\n<tr>\n<td>Poz.<\/td>\n<td>N\u00e9v.<\/td>\n<td>Q1<\/td>\n<td>R1<\/td>\n<td>R2<\/td>\n<td>Pontok.<\/td>\n<\/tr>\n<tr>\n<td>1.<\/td>\n<td>ANTOSZEWSKI Jan<\/td>\n<td><\/td>\n<td>15<\/td>\n<td>18<\/td>\n<td>33<\/td>\n<\/tr>\n<tr>\n<td>2.<\/td>\n<td>ZELLHOFER Christoph<\/td>\n<td><\/td>\n<td>10<\/td>\n<td>20<\/td>\n<td>30<\/td>\n<\/tr>\n<tr>\n<td>3.<\/td>\n<td>WIMMER Max<\/td>\n<td><\/td>\n<td>21<\/td>\n<td>7<\/td>\n<td>28<\/td>\n<\/tr>\n<tr>\n<td>4.<\/td>\n<td>MOLN\u00c1R Bendeg\u00faz<\/td>\n<td><\/td>\n<td>17<\/td>\n<td>11<\/td>\n<td>28<\/td>\n<\/tr>\n<tr>\n<td>5.<\/td>\n<td>LENGYEL \u00c1d\u00e1m<\/td>\n<td><\/td>\n<td>11<\/td>\n<td>15<\/td>\n<td>26<\/td>\n<\/tr>\n<tr>\n<td>6.<\/td>\n<td>WIESMEIER G\u00fcnther<\/td>\n<td><\/td>\n<td>8<\/td>\n<td>13<\/td>\n<td>21<\/td>\n<\/tr>\n<tr>\n<td>7.<\/td>\n<td>FORRAI G\u00e1bor<\/td>\n<td><\/td>\n<td>9<\/td>\n<td>9<\/td>\n<td>18<\/td>\n<\/tr>\n<tr>\n<td>8.<\/td>\n<td>EIBISBERGER Peter<\/td>\n<td><\/td>\n<td>7<\/td>\n<td>10<\/td>\n<td>17<\/td>\n<\/tr>\n<tr>\n<td>9.<\/td>\n<td>CS\u00cdK J\u00e1nos<\/td>\n<td>1<\/td>\n<td>13<\/td>\n<td>DNF<\/td>\n<td>14<\/td>\n<\/tr>\n<tr>\n<td>10.<\/td>\n<td>VINCZE \u00c1d\u00e1m<\/td>\n<td><\/td>\n<td>5<\/td>\n<td>8<\/td>\n<td>13<\/td>\n<\/tr>\n<tr>\n<td>11.<\/td>\n<td>M\u00dcLLER Oliver<\/td>\n<td><\/td>\n<td>3<\/td>\n<td>6<\/td>\n<td>9<\/td>\n<\/tr>\n<tr>\n<td>12.<\/td>\n<td>HASELSTEINER Dominik<\/td>\n<td><\/td>\n<td>4<\/td>\n<td>5<\/td>\n<td>9<\/td>\n<\/tr>\n<tr>\n<td>13.<\/td>\n<td>ZELLHOFER Martin<\/td>\n<td><\/td>\n<td>6<\/td>\n<td>DNS<\/td>\n<td>6<\/td>\n<\/tr>\n<tr>\n<td>14.<\/td>\n<td>F\u00dcGE Kriszti\u00e1n<\/td>\n<td><\/td>\n<td>2<\/td>\n<td>4<\/td>\n<td>6<\/td>\n<\/tr>\n<tr>\n<td>15.<\/td>\n<td>KITTEL Michael<\/td>\n<td><\/td>\n<td>1<\/td>\n<td>3<\/td>\n<td>4<\/td>\n<\/tr>\n<tr>\n<td>16.<\/td>\n<td>BAUER Anton<\/td>\n<td><\/td>\n<td>0<\/td>\n<td>2<\/td>\n<td>2<\/td>\n<\/tr>\n<tr>\n<td>17.<\/td>\n<td>WEGHOFER Erich<\/td>\n<td><\/td>\n<td>0<\/td>\n<td>1<\/td>\n<td>1<\/td>\n<\/tr>\n<tr>\n<td>18.<\/td>\n<td>PLESCHBERGGER Markus<\/td>\n<td><\/td>\n<td>0<\/td>\n<td>0<\/td>\n<td>0<\/td>\n<\/tr>\n<tr>\n<td>19.<\/td>\n<td>\u00c1CS L\u00e1szl\u00f3<\/td>\n<td><\/td>\n<td>0<\/td>\n<td>0<\/td>\n<td>0<\/td>\n<\/tr>\n<tr>\n<td>20.<\/td>\n<td>GASSNER Hermann<\/td>\n<td><\/td>\n<td>0<\/td>\n<td>DNF<\/td>\n<td>0<\/td>\n<\/tr>\n<tr>\n<td>21.<\/td>\n<td>KEGYES R\u00f3bert<\/td>\n<td><\/td>\n<td>0<\/td>\n<td>0<\/td>\n<td>0<\/td>\n<\/tr>\n<tr>\n<td>22.<\/td>\n<td>JERK\u00d3 Patrik<\/td>\n<td><\/td>\n<td>0<\/td>\n<td>0<\/td>\n<td>0<\/td>\n<\/tr>\n<tr>\n<td>23.<\/td>\n<td>BECVAR Fabio<\/td>\n<td><\/td>\n<td>0<\/td>\n<td>0<\/td>\n<td>0<\/td>\n<\/tr>\n<tr>\n<td>24.<\/td>\n<td>GEISEL Sebastian<\/td>\n<td><\/td>\n<td>0<\/td>\n<td>DNF<\/td>\n<td>0<\/td>\n<\/tr>\n<tr>\n<td>25.<\/td>\n<td>M\u00c9H\u00c9SZ Attila<\/td>\n<td><\/td>\n<td>DNF<\/td>\n<td>0<\/td>\n<td>0<\/td>\n<\/tr>\n<tr>\n<td>26.<\/td>\n<td>NAGY Benj\u00e1min<\/td>\n<td><\/td>\n<td>DNS<\/td>\n<td>DNF<\/td>\n<td>0<\/td>\n<\/tr>\n<tr>\n<td><\/td>\n<td><\/td>\n<td><\/td>\n<td><\/td>\n<td><\/td>\n<td><\/td>\n<\/tr>\n<tr>\n<td><\/td>\n<td><\/td>\n<td><\/td>\n<td><\/td>\n<td><\/td>\n<td><\/td>\n<\/tr>\n<tr>\n<td><\/td>\n<td><\/td>\n<td colspan=\"4\" rowspan=\"2\">HUN Ch.<\/td>\n<\/tr>\n<tr>\n<td><\/td>\n<td><\/td>\n<\/tr>\n<tr>\n<td><\/td>\n<td><\/td>\n<td><\/td>\n<td><\/td>\n<td><\/td>\n<td><\/td>\n<\/tr>\n<tr>\n<td><\/td>\n<td><\/td>\n<td><\/td>\n<td><\/td>\n<td><\/td>\n<td><\/td>\n<\/tr>\n<tr>\n<td><\/td>\n<td><\/td>\n<td colspan=\"3\">Hungaroring<\/td>\n<td><\/td>\n<\/tr>\n<tr>\n<td>Poz.<\/td>\n<td>N\u00e9v.<\/td>\n<td>Q1<\/td>\n<td>R1<\/td>\n<td>R2<\/td>\n<td>Pontok.<\/td>\n<\/tr>\n<tr>\n<td>1.<\/td>\n<td>MOLN\u00c1R Bendeg\u00faz<\/td>\n<td><\/td>\n<td>20<\/td>\n<td>17<\/td>\n<td>37<\/td>\n<\/tr>\n<tr>\n<td>2.<\/td>\n<td>LENGYEL \u00c1d\u00e1m<\/td>\n<td><\/td>\n<td>15<\/td>\n<td>20<\/td>\n<td>35<\/td>\n<\/tr>\n<tr>\n<td>3.<\/td>\n<td>FORRAI G\u00e1bor<\/td>\n<td><\/td>\n<td>13<\/td>\n<td>15<\/td>\n<td>28<\/td>\n<\/tr>\n<tr>\n<td>4.<\/td>\n<td>K\u00d6RM\u00d6CI Bal\u00e1zs<\/td>\n<td><\/td>\n<td>11<\/td>\n<td>14<\/td>\n<td>25<\/td>\n<\/tr>\n<tr>\n<td>5.<\/td>\n<td>VINCZE \u00c1d\u00e1m<\/td>\n<td><\/td>\n<td>10<\/td>\n<td>11<\/td>\n<td>21<\/td>\n<\/tr>\n<tr>\n<td>6.<\/td>\n<td>CS\u00cdK J\u00e1nos<\/td>\n<td>1<\/td>\n<td>18<\/td>\n<td>DNF<\/td>\n<td>19<\/td>\n<\/tr>\n<tr>\n<td>7.<\/td>\n<td>K\u00d6RM\u00d6CI Gerg\u0151<\/td>\n<td><\/td>\n<td>9<\/td>\n<td>10<\/td>\n<td>19<\/td>\n<\/tr>\n<tr>\n<td>8.<\/td>\n<td>F\u00dcGE Kriszti\u00e1n<\/td>\n<td><\/td>\n<td>8<\/td>\n<td>9<\/td>\n<td>17<\/td>\n<\/tr>\n<tr>\n<td>9.<\/td>\n<td>SZOMSZ\u00c9D Lali<\/td>\n<td><\/td>\n<td>7<\/td>\n<td>7<\/td>\n<td>14<\/td>\n<\/tr>\n<tr>\n<td>10.<\/td>\n<td>KEGYES R\u00f3bert<\/td>\n<td><\/td>\n<td>5<\/td>\n<td>8<\/td>\n<td>13<\/td>\n<\/tr>\n<tr>\n<td>11.<\/td>\n<td>JERK\u00d3 Patrik<\/td>\n<td><\/td>\n<td>4<\/td>\n<td>6<\/td>\n<td>10<\/td>\n<\/tr>\n<tr>\n<td>12.<\/td>\n<td>\u00c1CS L\u00e1szl\u00f3<\/td>\n<td><\/td>\n<td>6<\/td>\n<td>3<\/td>\n<td>9<\/td>\n<\/tr>\n<tr>\n<td>13.<\/td>\n<td>R\u00c1CZ Gerg\u0151<\/td>\n<td><\/td>\n<td>3<\/td>\n<td>4<\/td>\n<td>7<\/td>\n<\/tr>\n<tr>\n<td>14.<\/td>\n<td>M\u00c9H\u00c9SZ Attila<\/td>\n<td><\/td>\n<td>DNF<\/td>\n<td>5<\/td>\n<td>5<\/td>\n<\/tr>\n<tr>\n<td>15.<\/td>\n<td>NAGY Benj\u00e1min<\/td>\n<td><\/td>\n<td>DNS<\/td>\n<td>DNF<\/td>\n<td>0<\/td>\n<\/tr>\n<tr>\n<td><\/td>\n<td><\/td>\n<td><\/td>\n<td><\/td>\n<td><\/td>\n<td><\/td>\n<\/tr>\n<tr>\n<td><\/td>\n<td><\/td>\n<td><\/td>\n<td><\/td>\n<td><\/td>\n<td><\/td>\n<\/tr>\n<tr>\n<td><\/td>\n<td><\/td>\n<td colspan=\"4\" rowspan=\"2\">Senior<\/td>\n<\/tr>\n<tr>\n<td><\/td>\n<td><\/td>\n<\/tr>\n<tr>\n<td><\/td>\n<td><\/td>\n<td><\/td>\n<td><\/td>\n<td><\/td>\n<td><\/td>\n<\/tr>\n<tr>\n<td><\/td>\n<td><\/td>\n<td><\/td>\n<td><\/td>\n<td><\/td>\n<td><\/td>\n<\/tr>\n<tr>\n<td><\/td>\n<td><\/td>\n<td colspan=\"3\">Hungaroring<\/td>\n<td><\/td>\n<\/tr>\n<tr>\n<td>Poz.<\/td>\n<td>N\u00e9v.<\/td>\n<td>Q1<\/td>\n<td>R1<\/td>\n<td>R2<\/td>\n<td>Pontok.<\/td>\n<\/tr>\n<tr>\n<td>1.<\/td>\n<td>CS\u00cdK J\u00e1nos<\/td>\n<td>1<\/td>\n<td>21<\/td>\n<td>1<\/td>\n<td>23<\/td>\n<\/tr>\n<tr>\n<td><\/td>\n<td><\/td>\n<td><\/td>\n<td><\/td>\n<td><\/td>\n<td><\/td>\n<\/tr>\n<tr>\n<td><\/td>\n<td><\/td>\n<td><\/td>\n<td><\/td>\n<td><\/td>\n<td><\/td>\n<\/tr>\n<tr>\n<td><\/td>\n<td><\/td>\n<td colspan=\"4\" rowspan=\"2\">Junior<\/td>\n<\/tr>\n<tr>\n<td><\/td>\n<td><\/td>\n<\/tr>\n<tr>\n<td><\/td>\n<td><\/td>\n<td><\/td>\n<td><\/td>\n<td><\/td>\n<td><\/td>\n<\/tr>\n<tr>\n<td><\/td>\n<td><\/td>\n<td><\/td>\n<td><\/td>\n<td><\/td>\n<td><\/td>\n<\/tr>\n<tr>\n<td><\/td>\n<td><\/td>\n<td colspan=\"3\">Hungaroring<\/td>\n<td><\/td>\n<\/tr>\n<tr>\n<td>Poz.<\/td>\n<td>N\u00e9v.<\/td>\n<td>Q1<\/td>\n<td>R1<\/td>\n<td>R2<\/td>\n<td>Pontok.<\/td>\n<\/tr>\n<tr>\n<td>1.<\/td>\n<td>ANTOSZEWSKI Jan<\/td>\n<td><\/td>\n<td>21<\/td>\n<td>21<\/td>\n<td>42<\/td>\n<\/tr>\n<tr>\n<td>2.<\/td>\n<td>K\u00d6RM\u00d6CI Bal\u00e1zs<\/td>\n<td>1<\/td>\n<td>17<\/td>\n<td>17<\/td>\n<td>35<\/td>\n<\/tr>\n<tr>\n<td>3.<\/td>\n<td>VINCZE \u00c1d\u00e1m<\/td>\n<td><\/td>\n<td>15<\/td>\n<td>15<\/td>\n<td>30<\/td>\n<\/tr>\n<tr>\n<td>4.<\/td>\n<td>K\u00d6RM\u00d6CI Gerg\u0151<\/td>\n<td><\/td>\n<td>13<\/td>\n<td>13<\/td>\n<td>26<\/td>\n<\/tr>\n<tr>\n<td>5.<\/td>\n<td>SZOMSZ\u00c9D Lali<\/td>\n<td><\/td>\n<td>11<\/td>\n<td>11<\/td>\n<td>22<\/td>\n<\/tr>\n<tr>\n<td>6.<\/td>\n<td>\u00c1CS L\u00e1szl\u00f3<\/td>\n<td><\/td>\n<td>10<\/td>\n<td>9<\/td>\n<td>19<\/td>\n<\/tr>\n<tr>\n<td>7.<\/td>\n<td>R\u00c1CZ Gerg\u0151<\/td>\n<td><\/td>\n<td>9<\/td>\n<td>10<\/td>\n<td>19<\/td>\n<\/tr>\n<tr>\n<td>8.<\/td>\n<td>NAGY Benj\u00e1min<\/td>\n<td><\/td>\n<td>DNS<\/td>\n<td>DNF<\/td>\n<td>0<\/td>\n<\/tr>\n<\/tbody>\n<\/table>","protected":false},"excerpt":{"rendered":"<p>&nbsp; FIA SCE Hungaroring Poz. N\u00e9v. Q1 R1 R2 Pontok. 1. ANTOSZEWSKI Jan 15 18 33 2. ZELLHOFER Christoph 10 20 30 3. WIMMER Max 21 7 28 4. MOLN\u00c1R Bendeg\u00faz 17 11 28 5. LENGYEL \u00c1d\u00e1m 11 15 26 6. WIESMEIER G\u00fcnther 8 13 21 7. FORRAI G\u00e1bor 9 9 18 8. EIBISBERGER Peter [&hellip;]<\/p>","protected":false},"author":2,"featured_media":4823,"comment_status":"open","ping_status":"open","sticky":false,"template":"","format":"standard","meta":{"footnotes":""},"categories":[1],"tags":[],"yoast_head":"<!-- This site is optimized with the Yoast SEO Premium plugin v21.1 (Yoast SEO v21.7) - https:\/\/yoast.com\/wordpress\/plugins\/seo\/ -->\n<title>A bajnoks\u00e1g \u00e1ll\u00e1sa az els\u0151 versenyh\u00e9tv\u00e9ge ut\u00e1n: - FIA Swift Cup Europe<\/title>\n<meta name=\"robots\" content=\"index, follow, max-snippet:-1, max-image-preview:large, max-video-preview:-1\" \/>\n<link rel=\"canonical\" href=\"https:\/\/www.swiftcupeurope.com\/en\/2018\/uncategorized\/a-bajnoksag-allasa-az-elso-versenyhetvege-utan\/\" \/>\n<meta property=\"og:locale\" content=\"en_US\" \/>\n<meta property=\"og:type\" content=\"article\" \/>\n<meta property=\"og:title\" content=\"A bajnoks\u00e1g \u00e1ll\u00e1sa az els\u0151 versenyh\u00e9tv\u00e9ge ut\u00e1n:\" \/>\n<meta property=\"og:description\" content=\"&nbsp; FIA SCE Hungaroring Poz. N\u00e9v. Q1 R1 R2 Pontok. 1. ANTOSZEWSKI Jan 15 18 33 2. ZELLHOFER Christoph 10 20 30 3. WIMMER Max 21 7 28 4. MOLN\u00c1R Bendeg\u00faz 17 11 28 5. LENGYEL \u00c1d\u00e1m 11 15 26 6. WIESMEIER G\u00fcnther 8 13 21 7. FORRAI G\u00e1bor 9 9 18 8. EIBISBERGER Peter [&hellip;]\" \/>\n<meta property=\"og:url\" content=\"https:\/\/www.swiftcupeurope.com\/en\/2018\/uncategorized\/a-bajnoksag-allasa-az-elso-versenyhetvege-utan\/\" \/>\n<meta property=\"og:site_name\" content=\"FIA Swift Cup Europe\" \/>\n<meta property=\"article:published_time\" content=\"2018-05-02T06:44:57+00:00\" \/>\n<meta property=\"og:image\" content=\"https:\/\/www.swiftcupeurope.com\/wp-content\/uploads\/2018\/05\/IMG_6052-1030x773.jpg\" \/>\n\t<meta property=\"og:image:width\" content=\"1030\" \/>\n\t<meta property=\"og:image:height\" content=\"773\" \/>\n\t<meta property=\"og:image:type\" content=\"image\/jpeg\" \/>\n<meta name=\"author\" content=\"swiftcupeurope\" \/>\n<meta name=\"twitter:card\" content=\"summary_large_image\" \/>\n<meta name=\"twitter:label1\" content=\"Written by\" \/>\n\t<meta name=\"twitter:data1\" content=\"swiftcupeurope\" \/>\n\t<meta name=\"twitter:label2\" content=\"Est. reading time\" \/>\n\t<meta name=\"twitter:data2\" content=\"1 minute\" \/>\n<script type=\"application\/ld+json\" class=\"yoast-schema-graph\">{\"@context\":\"https:\/\/schema.org\",\"@graph\":[{\"@type\":\"Article\",\"@id\":\"https:\/\/www.swiftcupeurope.com\/en\/2018\/uncategorized\/a-bajnoksag-allasa-az-elso-versenyhetvege-utan\/#article\",\"isPartOf\":{\"@id\":\"https:\/\/www.swiftcupeurope.com\/en\/2018\/uncategorized\/a-bajnoksag-allasa-az-elso-versenyhetvege-utan\/\"},\"author\":{\"name\":\"swiftcupeurope\",\"@id\":\"https:\/\/www.swiftcupeurope.com\/#\/schema\/person\/03cb2427aeeeeac4a49a03160d04e8fe\"},\"headline\":\"A bajnoks\u00e1g \u00e1ll\u00e1sa az els\u0151 versenyh\u00e9tv\u00e9ge ut\u00e1n:\",\"datePublished\":\"2018-05-02T06:44:57+00:00\",\"dateModified\":\"2018-05-02T06:44:57+00:00\",\"mainEntityOfPage\":{\"@id\":\"https:\/\/www.swiftcupeurope.com\/en\/2018\/uncategorized\/a-bajnoksag-allasa-az-elso-versenyhetvege-utan\/\"},\"wordCount\":213,\"commentCount\":0,\"publisher\":{\"@id\":\"https:\/\/www.swiftcupeurope.com\/#organization\"},\"inLanguage\":\"en-US\",\"potentialAction\":[{\"@type\":\"CommentAction\",\"name\":\"Comment\",\"target\":[\"https:\/\/www.swiftcupeurope.com\/en\/2018\/uncategorized\/a-bajnoksag-allasa-az-elso-versenyhetvege-utan\/#respond\"]}]},{\"@type\":\"WebPage\",\"@id\":\"https:\/\/www.swiftcupeurope.com\/en\/2018\/uncategorized\/a-bajnoksag-allasa-az-elso-versenyhetvege-utan\/\",\"url\":\"https:\/\/www.swiftcupeurope.com\/en\/2018\/uncategorized\/a-bajnoksag-allasa-az-elso-versenyhetvege-utan\/\",\"name\":\"A bajnoks\u00e1g \u00e1ll\u00e1sa az els\u0151 versenyh\u00e9tv\u00e9ge ut\u00e1n: - FIA Swift Cup Europe\",\"isPartOf\":{\"@id\":\"https:\/\/www.swiftcupeurope.com\/#website\"},\"datePublished\":\"2018-05-02T06:44:57+00:00\",\"dateModified\":\"2018-05-02T06:44:57+00:00\",\"breadcrumb\":{\"@id\":\"https:\/\/www.swiftcupeurope.com\/en\/2018\/uncategorized\/a-bajnoksag-allasa-az-elso-versenyhetvege-utan\/#breadcrumb\"},\"inLanguage\":\"en-US\",\"potentialAction\":[{\"@type\":\"ReadAction\",\"target\":[\"https:\/\/www.swiftcupeurope.com\/en\/2018\/uncategorized\/a-bajnoksag-allasa-az-elso-versenyhetvege-utan\/\"]}]},{\"@type\":\"BreadcrumbList\",\"@id\":\"https:\/\/www.swiftcupeurope.com\/en\/2018\/uncategorized\/a-bajnoksag-allasa-az-elso-versenyhetvege-utan\/#breadcrumb\",\"itemListElement\":[{\"@type\":\"ListItem\",\"position\":1,\"name\":\"Kezd\u0151lap\",\"item\":\"https:\/\/www.swiftcupeurope.com\/\"},{\"@type\":\"ListItem\",\"position\":2,\"name\":\"A bajnoks\u00e1g \u00e1ll\u00e1sa az els\u0151 versenyh\u00e9tv\u00e9ge ut\u00e1n:\"}]},{\"@type\":\"WebSite\",\"@id\":\"https:\/\/www.swiftcupeurope.com\/#website\",\"url\":\"https:\/\/www.swiftcupeurope.com\/\",\"name\":\"FIA Swift Cup Europe\",\"description\":\"FIA Swift Cup Europe \/ Official Website\",\"publisher\":{\"@id\":\"https:\/\/www.swiftcupeurope.com\/#organization\"},\"potentialAction\":[{\"@type\":\"SearchAction\",\"target\":{\"@type\":\"EntryPoint\",\"urlTemplate\":\"https:\/\/www.swiftcupeurope.com\/?s={search_term_string}\"},\"query-input\":\"required name=search_term_string\"}],\"inLanguage\":\"en-US\"},{\"@type\":\"Organization\",\"@id\":\"https:\/\/www.swiftcupeurope.com\/#organization\",\"name\":\"FIA Swift Cup Europe\",\"url\":\"https:\/\/www.swiftcupeurope.com\/\",\"logo\":{\"@type\":\"ImageObject\",\"inLanguage\":\"en-US\",\"@id\":\"https:\/\/www.swiftcupeurope.com\/#\/schema\/logo\/image\/\",\"url\":\"https:\/\/www.swiftcupeurope.com\/wp-content\/uploads\/2021\/04\/cropped-sce_logo_2021inv.png\",\"contentUrl\":\"https:\/\/www.swiftcupeurope.com\/wp-content\/uploads\/2021\/04\/cropped-sce_logo_2021inv.png\",\"width\":600,\"height\":120,\"caption\":\"FIA Swift Cup Europe\"},\"image\":{\"@id\":\"https:\/\/www.swiftcupeurope.com\/#\/schema\/logo\/image\/\"}},{\"@type\":\"Person\",\"@id\":\"https:\/\/www.swiftcupeurope.com\/#\/schema\/person\/03cb2427aeeeeac4a49a03160d04e8fe\",\"name\":\"swiftcupeurope\",\"url\":\"https:\/\/www.swiftcupeurope.com\/en\/author\/swiftcupeurope\/\"}]}<\/script>\n<!-- \/ Yoast SEO Premium plugin. -->","yoast_head_json":{"title":"A bajnoks\u00e1g \u00e1ll\u00e1sa az els\u0151 versenyh\u00e9tv\u00e9ge ut\u00e1n: - FIA Swift Cup Europe","robots":{"index":"index","follow":"follow","max-snippet":"max-snippet:-1","max-image-preview":"max-image-preview:large","max-video-preview":"max-video-preview:-1"},"canonical":"https:\/\/www.swiftcupeurope.com\/en\/2018\/uncategorized\/a-bajnoksag-allasa-az-elso-versenyhetvege-utan\/","og_locale":"en_US","og_type":"article","og_title":"A bajnoks\u00e1g \u00e1ll\u00e1sa az els\u0151 versenyh\u00e9tv\u00e9ge ut\u00e1n:","og_description":"&nbsp; FIA SCE Hungaroring Poz. N\u00e9v. Q1 R1 R2 Pontok. 1. ANTOSZEWSKI Jan 15 18 33 2. ZELLHOFER Christoph 10 20 30 3. WIMMER Max 21 7 28 4. MOLN\u00c1R Bendeg\u00faz 17 11 28 5. LENGYEL \u00c1d\u00e1m 11 15 26 6. WIESMEIER G\u00fcnther 8 13 21 7. FORRAI G\u00e1bor 9 9 18 8. EIBISBERGER Peter [&hellip;]","og_url":"https:\/\/www.swiftcupeurope.com\/en\/2018\/uncategorized\/a-bajnoksag-allasa-az-elso-versenyhetvege-utan\/","og_site_name":"FIA Swift Cup Europe","article_published_time":"2018-05-02T06:44:57+00:00","og_image":[{"width":1030,"height":773,"url":"https:\/\/www.swiftcupeurope.com\/wp-content\/uploads\/2018\/05\/IMG_6052-1030x773.jpg","type":"image\/jpeg"}],"author":"swiftcupeurope","twitter_card":"summary_large_image","twitter_misc":{"Written by":"swiftcupeurope","Est. reading time":"1 minute"},"schema":{"@context":"https:\/\/schema.org","@graph":[{"@type":"Article","@id":"https:\/\/www.swiftcupeurope.com\/en\/2018\/uncategorized\/a-bajnoksag-allasa-az-elso-versenyhetvege-utan\/#article","isPartOf":{"@id":"https:\/\/www.swiftcupeurope.com\/en\/2018\/uncategorized\/a-bajnoksag-allasa-az-elso-versenyhetvege-utan\/"},"author":{"name":"swiftcupeurope","@id":"https:\/\/www.swiftcupeurope.com\/#\/schema\/person\/03cb2427aeeeeac4a49a03160d04e8fe"},"headline":"A bajnoks\u00e1g \u00e1ll\u00e1sa az els\u0151 versenyh\u00e9tv\u00e9ge ut\u00e1n:","datePublished":"2018-05-02T06:44:57+00:00","dateModified":"2018-05-02T06:44:57+00:00","mainEntityOfPage":{"@id":"https:\/\/www.swiftcupeurope.com\/en\/2018\/uncategorized\/a-bajnoksag-allasa-az-elso-versenyhetvege-utan\/"},"wordCount":213,"commentCount":0,"publisher":{"@id":"https:\/\/www.swiftcupeurope.com\/#organization"},"inLanguage":"en-US","potentialAction":[{"@type":"CommentAction","name":"Comment","target":["https:\/\/www.swiftcupeurope.com\/en\/2018\/uncategorized\/a-bajnoksag-allasa-az-elso-versenyhetvege-utan\/#respond"]}]},{"@type":"WebPage","@id":"https:\/\/www.swiftcupeurope.com\/en\/2018\/uncategorized\/a-bajnoksag-allasa-az-elso-versenyhetvege-utan\/","url":"https:\/\/www.swiftcupeurope.com\/en\/2018\/uncategorized\/a-bajnoksag-allasa-az-elso-versenyhetvege-utan\/","name":"A bajnoks\u00e1g \u00e1ll\u00e1sa az els\u0151 versenyh\u00e9tv\u00e9ge ut\u00e1n: - FIA Swift Cup Europe","isPartOf":{"@id":"https:\/\/www.swiftcupeurope.com\/#website"},"datePublished":"2018-05-02T06:44:57+00:00","dateModified":"2018-05-02T06:44:57+00:00","breadcrumb":{"@id":"https:\/\/www.swiftcupeurope.com\/en\/2018\/uncategorized\/a-bajnoksag-allasa-az-elso-versenyhetvege-utan\/#breadcrumb"},"inLanguage":"en-US","potentialAction":[{"@type":"ReadAction","target":["https:\/\/www.swiftcupeurope.com\/en\/2018\/uncategorized\/a-bajnoksag-allasa-az-elso-versenyhetvege-utan\/"]}]},{"@type":"BreadcrumbList","@id":"https:\/\/www.swiftcupeurope.com\/en\/2018\/uncategorized\/a-bajnoksag-allasa-az-elso-versenyhetvege-utan\/#breadcrumb","itemListElement":[{"@type":"ListItem","position":1,"name":"Kezd\u0151lap","item":"https:\/\/www.swiftcupeurope.com\/"},{"@type":"ListItem","position":2,"name":"A bajnoks\u00e1g \u00e1ll\u00e1sa az els\u0151 versenyh\u00e9tv\u00e9ge ut\u00e1n:"}]},{"@type":"WebSite","@id":"https:\/\/www.swiftcupeurope.com\/#website","url":"https:\/\/www.swiftcupeurope.com\/","name":"FIA Swift Cup Europe","description":"FIA Swift Cup Europe \/ Official Website","publisher":{"@id":"https:\/\/www.swiftcupeurope.com\/#organization"},"potentialAction":[{"@type":"SearchAction","target":{"@type":"EntryPoint","urlTemplate":"https:\/\/www.swiftcupeurope.com\/?s={search_term_string}"},"query-input":"required name=search_term_string"}],"inLanguage":"en-US"},{"@type":"Organization","@id":"https:\/\/www.swiftcupeurope.com\/#organization","name":"FIA Swift Cup Europe","url":"https:\/\/www.swiftcupeurope.com\/","logo":{"@type":"ImageObject","inLanguage":"en-US","@id":"https:\/\/www.swiftcupeurope.com\/#\/schema\/logo\/image\/","url":"https:\/\/www.swiftcupeurope.com\/wp-content\/uploads\/2021\/04\/cropped-sce_logo_2021inv.png","contentUrl":"https:\/\/www.swiftcupeurope.com\/wp-content\/uploads\/2021\/04\/cropped-sce_logo_2021inv.png","width":600,"height":120,"caption":"FIA Swift Cup Europe"},"image":{"@id":"https:\/\/www.swiftcupeurope.com\/#\/schema\/logo\/image\/"}},{"@type":"Person","@id":"https:\/\/www.swiftcupeurope.com\/#\/schema\/person\/03cb2427aeeeeac4a49a03160d04e8fe","name":"swiftcupeurope","url":"https:\/\/www.swiftcupeurope.com\/en\/author\/swiftcupeurope\/"}]}},"_links":{"self":[{"href":"https:\/\/www.swiftcupeurope.com\/en\/wp-json\/wp\/v2\/posts\/4821"}],"collection":[{"href":"https:\/\/www.swiftcupeurope.com\/en\/wp-json\/wp\/v2\/posts"}],"about":[{"href":"https:\/\/www.swiftcupeurope.com\/en\/wp-json\/wp\/v2\/types\/post"}],"author":[{"embeddable":true,"href":"https:\/\/www.swiftcupeurope.com\/en\/wp-json\/wp\/v2\/users\/2"}],"replies":[{"embeddable":true,"href":"https:\/\/www.swiftcupeurope.com\/en\/wp-json\/wp\/v2\/comments?post=4821"}],"version-history":[{"count":0,"href":"https:\/\/www.swiftcupeurope.com\/en\/wp-json\/wp\/v2\/posts\/4821\/revisions"}],"wp:featuredmedia":[{"embeddable":true,"href":"https:\/\/www.swiftcupeurope.com\/en\/wp-json\/wp\/v2\/media\/4823"}],"wp:attachment":[{"href":"https:\/\/www.swiftcupeurope.com\/en\/wp-json\/wp\/v2\/media?parent=4821"}],"wp:term":[{"taxonomy":"category","embeddable":true,"href":"https:\/\/www.swiftcupeurope.com\/en\/wp-json\/wp\/v2\/categories?post=4821"},{"taxonomy":"post_tag","embeddable":true,"href":"https:\/\/www.swiftcupeurope.com\/en\/wp-json\/wp\/v2\/tags?post=4821"}],"curies":[{"name":"wp","href":"https:\/\/api.w.org\/{rel}","templated":true}]}}