{"id":4799,"date":"2018-04-22T08:20:55","date_gmt":"2018-04-22T08:20:55","guid":{"rendered":"http:\/\/swiftcupeurope.com\/?p=4799"},"modified":"2018-04-22T08:20:55","modified_gmt":"2018-04-22T08:20:55","slug":"mar-csak-1-het-es-indul-a-versenyszezon","status":"publish","type":"post","link":"https:\/\/www.swiftcupeurope.com\/en\/2018\/uncategorized\/mar-csak-1-het-es-indul-a-versenyszezon\/","title":{"rendered":"M\u00e1r csak 1 h\u00e9t \u00e9s indul a versenyszezon!"},"content":{"rendered":"<p><iframe title=\"LAPTIMING KUPA beharangozo\" width=\"800\" height=\"450\" src=\"https:\/\/www.youtube.com\/embed\/25BMJgPdCe4?feature=oembed\" frameborder=\"0\" allow=\"accelerometer; autoplay; clipboard-write; encrypted-media; gyroscope; picture-in-picture\" allowfullscreen><\/iframe><\/p>\n<p>&nbsp;<\/p>\n<p>1 h\u00e9t m\u00falva, azaz \u00e1prilis 27-29 k\u00f6z\u00f6tt lesz az els\u0151 versenyh\u00e9tv\u00e9ge a Swfit Cup Europe sorozatban. A WTCR bet\u00e9tfutamak\u00e9nt nem csak a Suzukisok, hanem sz\u00e1mos kupasorozat is megm\u00e9rettetik ezen a h\u00e9tv\u00e9g\u00e9n, \u00edgy sok n\u00e9z\u0151re sz\u00e1m\u00edthatunk.<\/p>","protected":false},"excerpt":{"rendered":"<p>&nbsp; 1 h\u00e9t m\u00falva, azaz \u00e1prilis 27-29 k\u00f6z\u00f6tt lesz az els\u0151 versenyh\u00e9tv\u00e9ge a Swfit Cup Europe sorozatban. A WTCR bet\u00e9tfutamak\u00e9nt nem csak a Suzukisok, hanem sz\u00e1mos kupasorozat is megm\u00e9rettetik ezen a h\u00e9tv\u00e9g\u00e9n, \u00edgy sok n\u00e9z\u0151re sz\u00e1m\u00edthatunk.<\/p>","protected":false},"author":2,"featured_media":4801,"comment_status":"open","ping_status":"open","sticky":false,"template":"","format":"standard","meta":{"footnotes":""},"categories":[1],"tags":[40,41,36],"yoast_head":"<!-- This site is optimized with the Yoast SEO Premium plugin v21.1 (Yoast SEO v21.7) - https:\/\/yoast.com\/wordpress\/plugins\/seo\/ -->\n<title>M\u00e1r csak 1 h\u00e9t \u00e9s indul a versenyszezon! - FIA Swift Cup Europe<\/title>\n<meta name=\"robots\" content=\"index, follow, max-snippet:-1, max-image-preview:large, max-video-preview:-1\" \/>\n<link rel=\"canonical\" href=\"https:\/\/www.swiftcupeurope.com\/en\/2018\/uncategorized\/mar-csak-1-het-es-indul-a-versenyszezon\/\" \/>\n<meta property=\"og:locale\" content=\"en_US\" \/>\n<meta property=\"og:type\" content=\"article\" \/>\n<meta property=\"og:title\" content=\"M\u00e1r csak 1 h\u00e9t \u00e9s indul a versenyszezon!\" \/>\n<meta property=\"og:description\" content=\"&nbsp; 1 h\u00e9t m\u00falva, azaz \u00e1prilis 27-29 k\u00f6z\u00f6tt lesz az els\u0151 versenyh\u00e9tv\u00e9ge a Swfit Cup Europe sorozatban. A WTCR bet\u00e9tfutamak\u00e9nt nem csak a Suzukisok, hanem sz\u00e1mos kupasorozat is megm\u00e9rettetik ezen a h\u00e9tv\u00e9g\u00e9n, \u00edgy sok n\u00e9z\u0151re sz\u00e1m\u00edthatunk.\" \/>\n<meta property=\"og:url\" content=\"https:\/\/www.swiftcupeurope.com\/en\/2018\/uncategorized\/mar-csak-1-het-es-indul-a-versenyszezon\/\" \/>\n<meta property=\"og:site_name\" content=\"FIA Swift Cup Europe\" \/>\n<meta property=\"article:published_time\" content=\"2018-04-22T08:20:55+00:00\" \/>\n<meta property=\"og:image\" content=\"https:\/\/www.swiftcupeurope.com\/wp-content\/uploads\/2018\/04\/LAPTIMING_KUPA_beharangozo.jpg\" \/>\n\t<meta property=\"og:image:width\" content=\"1920\" \/>\n\t<meta property=\"og:image:height\" content=\"1080\" \/>\n\t<meta property=\"og:image:type\" content=\"image\/jpeg\" \/>\n<meta name=\"author\" content=\"swiftcupeurope\" \/>\n<meta name=\"twitter:card\" content=\"summary_large_image\" \/>\n<meta name=\"twitter:label1\" content=\"Written by\" \/>\n\t<meta name=\"twitter:data1\" content=\"swiftcupeurope\" \/>\n<script type=\"application\/ld+json\" class=\"yoast-schema-graph\">{\"@context\":\"https:\/\/schema.org\",\"@graph\":[{\"@type\":\"Article\",\"@id\":\"https:\/\/www.swiftcupeurope.com\/2018\/uncategorized\/mar-csak-1-het-es-indul-a-versenyszezon\/#article\",\"isPartOf\":{\"@id\":\"https:\/\/www.swiftcupeurope.com\/2018\/uncategorized\/mar-csak-1-het-es-indul-a-versenyszezon\/\"},\"author\":{\"name\":\"swiftcupeurope\",\"@id\":\"https:\/\/www.swiftcupeurope.com\/#\/schema\/person\/03cb2427aeeeeac4a49a03160d04e8fe\"},\"headline\":\"M\u00e1r csak 1 h\u00e9t \u00e9s indul a versenyszezon!\",\"datePublished\":\"2018-04-22T08:20:55+00:00\",\"dateModified\":\"2018-04-22T08:20:55+00:00\",\"mainEntityOfPage\":{\"@id\":\"https:\/\/www.swiftcupeurope.com\/2018\/uncategorized\/mar-csak-1-het-es-indul-a-versenyszezon\/\"},\"wordCount\":65,\"commentCount\":0,\"publisher\":{\"@id\":\"https:\/\/www.swiftcupeurope.com\/#organization\"},\"keywords\":[\"laptimingkupa\",\"Suzuki\",\"swiftcupeurope\"],\"inLanguage\":\"en-US\",\"potentialAction\":[{\"@type\":\"CommentAction\",\"name\":\"Comment\",\"target\":[\"https:\/\/www.swiftcupeurope.com\/2018\/uncategorized\/mar-csak-1-het-es-indul-a-versenyszezon\/#respond\"]}]},{\"@type\":\"WebPage\",\"@id\":\"https:\/\/www.swiftcupeurope.com\/2018\/uncategorized\/mar-csak-1-het-es-indul-a-versenyszezon\/\",\"url\":\"https:\/\/www.swiftcupeurope.com\/2018\/uncategorized\/mar-csak-1-het-es-indul-a-versenyszezon\/\",\"name\":\"M\u00e1r csak 1 h\u00e9t \u00e9s indul a versenyszezon! - FIA Swift Cup Europe\",\"isPartOf\":{\"@id\":\"https:\/\/www.swiftcupeurope.com\/#website\"},\"datePublished\":\"2018-04-22T08:20:55+00:00\",\"dateModified\":\"2018-04-22T08:20:55+00:00\",\"breadcrumb\":{\"@id\":\"https:\/\/www.swiftcupeurope.com\/2018\/uncategorized\/mar-csak-1-het-es-indul-a-versenyszezon\/#breadcrumb\"},\"inLanguage\":\"en-US\",\"potentialAction\":[{\"@type\":\"ReadAction\",\"target\":[\"https:\/\/www.swiftcupeurope.com\/2018\/uncategorized\/mar-csak-1-het-es-indul-a-versenyszezon\/\"]}]},{\"@type\":\"BreadcrumbList\",\"@id\":\"https:\/\/www.swiftcupeurope.com\/2018\/uncategorized\/mar-csak-1-het-es-indul-a-versenyszezon\/#breadcrumb\",\"itemListElement\":[{\"@type\":\"ListItem\",\"position\":1,\"name\":\"Kezd\u0151lap\",\"item\":\"https:\/\/www.swiftcupeurope.com\/\"},{\"@type\":\"ListItem\",\"position\":2,\"name\":\"M\u00e1r csak 1 h\u00e9t \u00e9s indul a versenyszezon!\"}]},{\"@type\":\"WebSite\",\"@id\":\"https:\/\/www.swiftcupeurope.com\/#website\",\"url\":\"https:\/\/www.swiftcupeurope.com\/\",\"name\":\"FIA Swift Cup Europe\",\"description\":\"FIA Swift Cup Europe \/ Official Website\",\"publisher\":{\"@id\":\"https:\/\/www.swiftcupeurope.com\/#organization\"},\"potentialAction\":[{\"@type\":\"SearchAction\",\"target\":{\"@type\":\"EntryPoint\",\"urlTemplate\":\"https:\/\/www.swiftcupeurope.com\/?s={search_term_string}\"},\"query-input\":\"required name=search_term_string\"}],\"inLanguage\":\"en-US\"},{\"@type\":\"Organization\",\"@id\":\"https:\/\/www.swiftcupeurope.com\/#organization\",\"name\":\"FIA Swift Cup Europe\",\"url\":\"https:\/\/www.swiftcupeurope.com\/\",\"logo\":{\"@type\":\"ImageObject\",\"inLanguage\":\"en-US\",\"@id\":\"https:\/\/www.swiftcupeurope.com\/#\/schema\/logo\/image\/\",\"url\":\"https:\/\/www.swiftcupeurope.com\/wp-content\/uploads\/2021\/04\/cropped-sce_logo_2021inv.png\",\"contentUrl\":\"https:\/\/www.swiftcupeurope.com\/wp-content\/uploads\/2021\/04\/cropped-sce_logo_2021inv.png\",\"width\":600,\"height\":120,\"caption\":\"FIA Swift Cup Europe\"},\"image\":{\"@id\":\"https:\/\/www.swiftcupeurope.com\/#\/schema\/logo\/image\/\"}},{\"@type\":\"Person\",\"@id\":\"https:\/\/www.swiftcupeurope.com\/#\/schema\/person\/03cb2427aeeeeac4a49a03160d04e8fe\",\"name\":\"swiftcupeurope\",\"url\":\"https:\/\/www.swiftcupeurope.com\/en\/author\/swiftcupeurope\/\"}]}<\/script>\n<!-- \/ Yoast SEO Premium plugin. -->","yoast_head_json":{"title":"M\u00e1r csak 1 h\u00e9t \u00e9s indul a versenyszezon! - FIA Swift Cup Europe","robots":{"index":"index","follow":"follow","max-snippet":"max-snippet:-1","max-image-preview":"max-image-preview:large","max-video-preview":"max-video-preview:-1"},"canonical":"https:\/\/www.swiftcupeurope.com\/en\/2018\/uncategorized\/mar-csak-1-het-es-indul-a-versenyszezon\/","og_locale":"en_US","og_type":"article","og_title":"M\u00e1r csak 1 h\u00e9t \u00e9s indul a versenyszezon!","og_description":"&nbsp; 1 h\u00e9t m\u00falva, azaz \u00e1prilis 27-29 k\u00f6z\u00f6tt lesz az els\u0151 versenyh\u00e9tv\u00e9ge a Swfit Cup Europe sorozatban. A WTCR bet\u00e9tfutamak\u00e9nt nem csak a Suzukisok, hanem sz\u00e1mos kupasorozat is megm\u00e9rettetik ezen a h\u00e9tv\u00e9g\u00e9n, \u00edgy sok n\u00e9z\u0151re sz\u00e1m\u00edthatunk.","og_url":"https:\/\/www.swiftcupeurope.com\/en\/2018\/uncategorized\/mar-csak-1-het-es-indul-a-versenyszezon\/","og_site_name":"FIA Swift Cup Europe","article_published_time":"2018-04-22T08:20:55+00:00","og_image":[{"width":1920,"height":1080,"url":"https:\/\/www.swiftcupeurope.com\/wp-content\/uploads\/2018\/04\/LAPTIMING_KUPA_beharangozo.jpg","type":"image\/jpeg"}],"author":"swiftcupeurope","twitter_card":"summary_large_image","twitter_misc":{"Written by":"swiftcupeurope"},"schema":{"@context":"https:\/\/schema.org","@graph":[{"@type":"Article","@id":"https:\/\/www.swiftcupeurope.com\/2018\/uncategorized\/mar-csak-1-het-es-indul-a-versenyszezon\/#article","isPartOf":{"@id":"https:\/\/www.swiftcupeurope.com\/2018\/uncategorized\/mar-csak-1-het-es-indul-a-versenyszezon\/"},"author":{"name":"swiftcupeurope","@id":"https:\/\/www.swiftcupeurope.com\/#\/schema\/person\/03cb2427aeeeeac4a49a03160d04e8fe"},"headline":"M\u00e1r csak 1 h\u00e9t \u00e9s indul a versenyszezon!","datePublished":"2018-04-22T08:20:55+00:00","dateModified":"2018-04-22T08:20:55+00:00","mainEntityOfPage":{"@id":"https:\/\/www.swiftcupeurope.com\/2018\/uncategorized\/mar-csak-1-het-es-indul-a-versenyszezon\/"},"wordCount":65,"commentCount":0,"publisher":{"@id":"https:\/\/www.swiftcupeurope.com\/#organization"},"keywords":["laptimingkupa","Suzuki","swiftcupeurope"],"inLanguage":"en-US","potentialAction":[{"@type":"CommentAction","name":"Comment","target":["https:\/\/www.swiftcupeurope.com\/2018\/uncategorized\/mar-csak-1-het-es-indul-a-versenyszezon\/#respond"]}]},{"@type":"WebPage","@id":"https:\/\/www.swiftcupeurope.com\/2018\/uncategorized\/mar-csak-1-het-es-indul-a-versenyszezon\/","url":"https:\/\/www.swiftcupeurope.com\/2018\/uncategorized\/mar-csak-1-het-es-indul-a-versenyszezon\/","name":"M\u00e1r csak 1 h\u00e9t \u00e9s indul a versenyszezon! - FIA Swift Cup Europe","isPartOf":{"@id":"https:\/\/www.swiftcupeurope.com\/#website"},"datePublished":"2018-04-22T08:20:55+00:00","dateModified":"2018-04-22T08:20:55+00:00","breadcrumb":{"@id":"https:\/\/www.swiftcupeurope.com\/2018\/uncategorized\/mar-csak-1-het-es-indul-a-versenyszezon\/#breadcrumb"},"inLanguage":"en-US","potentialAction":[{"@type":"ReadAction","target":["https:\/\/www.swiftcupeurope.com\/2018\/uncategorized\/mar-csak-1-het-es-indul-a-versenyszezon\/"]}]},{"@type":"BreadcrumbList","@id":"https:\/\/www.swiftcupeurope.com\/2018\/uncategorized\/mar-csak-1-het-es-indul-a-versenyszezon\/#breadcrumb","itemListElement":[{"@type":"ListItem","position":1,"name":"Kezd\u0151lap","item":"https:\/\/www.swiftcupeurope.com\/"},{"@type":"ListItem","position":2,"name":"M\u00e1r csak 1 h\u00e9t \u00e9s indul a versenyszezon!"}]},{"@type":"WebSite","@id":"https:\/\/www.swiftcupeurope.com\/#website","url":"https:\/\/www.swiftcupeurope.com\/","name":"FIA Swift Cup Europe","description":"FIA Swift Cup Europe \/ Official Website","publisher":{"@id":"https:\/\/www.swiftcupeurope.com\/#organization"},"potentialAction":[{"@type":"SearchAction","target":{"@type":"EntryPoint","urlTemplate":"https:\/\/www.swiftcupeurope.com\/?s={search_term_string}"},"query-input":"required name=search_term_string"}],"inLanguage":"en-US"},{"@type":"Organization","@id":"https:\/\/www.swiftcupeurope.com\/#organization","name":"FIA Swift Cup Europe","url":"https:\/\/www.swiftcupeurope.com\/","logo":{"@type":"ImageObject","inLanguage":"en-US","@id":"https:\/\/www.swiftcupeurope.com\/#\/schema\/logo\/image\/","url":"https:\/\/www.swiftcupeurope.com\/wp-content\/uploads\/2021\/04\/cropped-sce_logo_2021inv.png","contentUrl":"https:\/\/www.swiftcupeurope.com\/wp-content\/uploads\/2021\/04\/cropped-sce_logo_2021inv.png","width":600,"height":120,"caption":"FIA Swift Cup Europe"},"image":{"@id":"https:\/\/www.swiftcupeurope.com\/#\/schema\/logo\/image\/"}},{"@type":"Person","@id":"https:\/\/www.swiftcupeurope.com\/#\/schema\/person\/03cb2427aeeeeac4a49a03160d04e8fe","name":"swiftcupeurope","url":"https:\/\/www.swiftcupeurope.com\/en\/author\/swiftcupeurope\/"}]}},"_links":{"self":[{"href":"https:\/\/www.swiftcupeurope.com\/en\/wp-json\/wp\/v2\/posts\/4799"}],"collection":[{"href":"https:\/\/www.swiftcupeurope.com\/en\/wp-json\/wp\/v2\/posts"}],"about":[{"href":"https:\/\/www.swiftcupeurope.com\/en\/wp-json\/wp\/v2\/types\/post"}],"author":[{"embeddable":true,"href":"https:\/\/www.swiftcupeurope.com\/en\/wp-json\/wp\/v2\/users\/2"}],"replies":[{"embeddable":true,"href":"https:\/\/www.swiftcupeurope.com\/en\/wp-json\/wp\/v2\/comments?post=4799"}],"version-history":[{"count":0,"href":"https:\/\/www.swiftcupeurope.com\/en\/wp-json\/wp\/v2\/posts\/4799\/revisions"}],"wp:featuredmedia":[{"embeddable":true,"href":"https:\/\/www.swiftcupeurope.com\/en\/wp-json\/wp\/v2\/media\/4801"}],"wp:attachment":[{"href":"https:\/\/www.swiftcupeurope.com\/en\/wp-json\/wp\/v2\/media?parent=4799"}],"wp:term":[{"taxonomy":"category","embeddable":true,"href":"https:\/\/www.swiftcupeurope.com\/en\/wp-json\/wp\/v2\/categories?post=4799"},{"taxonomy":"post_tag","embeddable":true,"href":"https:\/\/www.swiftcupeurope.com\/en\/wp-json\/wp\/v2\/tags?post=4799"}],"curies":[{"name":"wp","href":"https:\/\/api.w.org\/{rel}","templated":true}]}}