{"id":4774,"date":"2018-04-07T07:58:32","date_gmt":"2018-04-07T07:58:32","guid":{"rendered":"http:\/\/swiftcupeurope.com\/?p=4774"},"modified":"2018-04-07T07:58:32","modified_gmt":"2018-04-07T07:58:32","slug":"elkeszult-az-idei-versenynaptar","status":"publish","type":"post","link":"https:\/\/www.swiftcupeurope.com\/en\/2018\/uncategorized\/elkeszult-az-idei-versenynaptar\/","title":{"rendered":"Elk\u00e9sz\u00fclt az idei versenynapt\u00e1r! &#8211; friss\u00edtve"},"content":{"rendered":"<p>&nbsp;<\/p>\n<p><img fetchpriority=\"high\" decoding=\"async\" class=\"alignnone size-full wp-image-4795\" src=\"http:\/\/swiftcupeurope.com\/wp-content\/uploads\/2018\/04\/SWIFTCUP_Naptar_2018.jpg\" alt=\"\" width=\"1280\" height=\"1280\" srcset=\"https:\/\/www.swiftcupeurope.com\/wp-content\/uploads\/2018\/04\/SWIFTCUP_Naptar_2018.jpg 1280w, https:\/\/www.swiftcupeurope.com\/wp-content\/uploads\/2018\/04\/SWIFTCUP_Naptar_2018-80x80.jpg 80w, https:\/\/www.swiftcupeurope.com\/wp-content\/uploads\/2018\/04\/SWIFTCUP_Naptar_2018-300x300.jpg 300w, https:\/\/www.swiftcupeurope.com\/wp-content\/uploads\/2018\/04\/SWIFTCUP_Naptar_2018-768x768.jpg 768w, https:\/\/www.swiftcupeurope.com\/wp-content\/uploads\/2018\/04\/SWIFTCUP_Naptar_2018-1030x1030.jpg 1030w, https:\/\/www.swiftcupeurope.com\/wp-content\/uploads\/2018\/04\/SWIFTCUP_Naptar_2018-36x36.jpg 36w, https:\/\/www.swiftcupeurope.com\/wp-content\/uploads\/2018\/04\/SWIFTCUP_Naptar_2018-180x180.jpg 180w, https:\/\/www.swiftcupeurope.com\/wp-content\/uploads\/2018\/04\/SWIFTCUP_Naptar_2018-705x705.jpg 705w, https:\/\/www.swiftcupeurope.com\/wp-content\/uploads\/2018\/04\/SWIFTCUP_Naptar_2018-120x120.jpg 120w, https:\/\/www.swiftcupeurope.com\/wp-content\/uploads\/2018\/04\/SWIFTCUP_Naptar_2018-450x450.jpg 450w\" sizes=\"(max-width: 1280px) 100vw, 1280px\" \/><\/p>\n<p>&nbsp;<\/p>\n<p>Elk\u00e9sz\u00fclt a Swift Cup Europe 2018-as versenynapt\u00e1r. A bajnoks\u00e1g a Hungaroringen kezd\u0151dik a WTCR bet\u00e9tfutamak\u00e9nt \u00e1prilis 27-29 k\u00f6z\u00f6tt. Cs\u00fct\u00f6rt\u00f6k\u00f6n 2, p\u00e9nteken 1 szabadedz\u00e9s v\u00e1r a versenyz\u0151kre, valamint ekkor lesz az id\u0151m\u00e9r\u0151 is. Szombaton 11:10-kor kezd\u0151dik az els\u0151 verseny, vas\u00e1rnap 9:05-kor pedig a m\u00e1sodik. Mindenkit v\u00e1runk szeretettel \u00e9s benzing\u0151zzel!<\/p>","protected":false},"excerpt":{"rendered":"<p>&nbsp; &nbsp; Elk\u00e9sz\u00fclt a Swift Cup Europe 2018-as versenynapt\u00e1r. A bajnoks\u00e1g a Hungaroringen kezd\u0151dik a WTCR bet\u00e9tfutamak\u00e9nt \u00e1prilis 27-29 k\u00f6z\u00f6tt. Cs\u00fct\u00f6rt\u00f6k\u00f6n 2, p\u00e9nteken 1 szabadedz\u00e9s v\u00e1r a versenyz\u0151kre, valamint ekkor lesz az id\u0151m\u00e9r\u0151 is. Szombaton 11:10-kor kezd\u0151dik az els\u0151 verseny, vas\u00e1rnap 9:05-kor pedig a m\u00e1sodik. Mindenkit v\u00e1runk szeretettel \u00e9s benzing\u0151zzel!<\/p>","protected":false},"author":2,"featured_media":4795,"comment_status":"open","ping_status":"open","sticky":false,"template":"","format":"standard","meta":{"footnotes":""},"categories":[1],"tags":[],"yoast_head":"<!-- This site is optimized with the Yoast SEO Premium plugin v21.1 (Yoast SEO v21.7) - https:\/\/yoast.com\/wordpress\/plugins\/seo\/ -->\n<title>Elk\u00e9sz\u00fclt az idei versenynapt\u00e1r! - friss\u00edtve - FIA Swift Cup Europe<\/title>\n<meta name=\"robots\" content=\"index, follow, max-snippet:-1, max-image-preview:large, max-video-preview:-1\" \/>\n<link rel=\"canonical\" href=\"https:\/\/www.swiftcupeurope.com\/en\/2018\/uncategorized\/elkeszult-az-idei-versenynaptar\/\" \/>\n<meta property=\"og:locale\" content=\"en_US\" \/>\n<meta property=\"og:type\" content=\"article\" \/>\n<meta property=\"og:title\" content=\"Elk\u00e9sz\u00fclt az idei versenynapt\u00e1r! - friss\u00edtve\" \/>\n<meta property=\"og:description\" content=\"&nbsp; &nbsp; Elk\u00e9sz\u00fclt a Swift Cup Europe 2018-as versenynapt\u00e1r. A bajnoks\u00e1g a Hungaroringen kezd\u0151dik a WTCR bet\u00e9tfutamak\u00e9nt \u00e1prilis 27-29 k\u00f6z\u00f6tt. Cs\u00fct\u00f6rt\u00f6k\u00f6n 2, p\u00e9nteken 1 szabadedz\u00e9s v\u00e1r a versenyz\u0151kre, valamint ekkor lesz az id\u0151m\u00e9r\u0151 is. Szombaton 11:10-kor kezd\u0151dik az els\u0151 verseny, vas\u00e1rnap 9:05-kor pedig a m\u00e1sodik. Mindenkit v\u00e1runk szeretettel \u00e9s benzing\u0151zzel!\" \/>\n<meta property=\"og:url\" content=\"https:\/\/www.swiftcupeurope.com\/en\/2018\/uncategorized\/elkeszult-az-idei-versenynaptar\/\" \/>\n<meta property=\"og:site_name\" content=\"FIA Swift Cup Europe\" \/>\n<meta property=\"article:published_time\" content=\"2018-04-07T07:58:32+00:00\" \/>\n<meta property=\"og:image\" content=\"https:\/\/www.swiftcupeurope.com\/wp-content\/uploads\/2018\/04\/SWIFTCUP_Naptar_2018.jpg\" \/>\n\t<meta property=\"og:image:width\" content=\"1280\" \/>\n\t<meta property=\"og:image:height\" content=\"1280\" \/>\n\t<meta property=\"og:image:type\" content=\"image\/jpeg\" \/>\n<meta name=\"author\" content=\"swiftcupeurope\" \/>\n<meta name=\"twitter:card\" content=\"summary_large_image\" \/>\n<meta name=\"twitter:label1\" content=\"Written by\" \/>\n\t<meta name=\"twitter:data1\" content=\"swiftcupeurope\" \/>\n<script type=\"application\/ld+json\" class=\"yoast-schema-graph\">{\"@context\":\"https:\/\/schema.org\",\"@graph\":[{\"@type\":\"Article\",\"@id\":\"https:\/\/www.swiftcupeurope.com\/en\/2018\/uncategorized\/elkeszult-az-idei-versenynaptar\/#article\",\"isPartOf\":{\"@id\":\"https:\/\/www.swiftcupeurope.com\/en\/2018\/uncategorized\/elkeszult-az-idei-versenynaptar\/\"},\"author\":{\"name\":\"swiftcupeurope\",\"@id\":\"https:\/\/www.swiftcupeurope.com\/#\/schema\/person\/03cb2427aeeeeac4a49a03160d04e8fe\"},\"headline\":\"Elk\u00e9sz\u00fclt az idei versenynapt\u00e1r! &#8211; friss\u00edtve\",\"datePublished\":\"2018-04-07T07:58:32+00:00\",\"dateModified\":\"2018-04-07T07:58:32+00:00\",\"mainEntityOfPage\":{\"@id\":\"https:\/\/www.swiftcupeurope.com\/en\/2018\/uncategorized\/elkeszult-az-idei-versenynaptar\/\"},\"wordCount\":82,\"commentCount\":0,\"publisher\":{\"@id\":\"https:\/\/www.swiftcupeurope.com\/#organization\"},\"inLanguage\":\"en-US\",\"potentialAction\":[{\"@type\":\"CommentAction\",\"name\":\"Comment\",\"target\":[\"https:\/\/www.swiftcupeurope.com\/en\/2018\/uncategorized\/elkeszult-az-idei-versenynaptar\/#respond\"]}]},{\"@type\":\"WebPage\",\"@id\":\"https:\/\/www.swiftcupeurope.com\/en\/2018\/uncategorized\/elkeszult-az-idei-versenynaptar\/\",\"url\":\"https:\/\/www.swiftcupeurope.com\/en\/2018\/uncategorized\/elkeszult-az-idei-versenynaptar\/\",\"name\":\"Elk\u00e9sz\u00fclt az idei versenynapt\u00e1r! - friss\u00edtve - FIA Swift Cup Europe\",\"isPartOf\":{\"@id\":\"https:\/\/www.swiftcupeurope.com\/#website\"},\"datePublished\":\"2018-04-07T07:58:32+00:00\",\"dateModified\":\"2018-04-07T07:58:32+00:00\",\"breadcrumb\":{\"@id\":\"https:\/\/www.swiftcupeurope.com\/en\/2018\/uncategorized\/elkeszult-az-idei-versenynaptar\/#breadcrumb\"},\"inLanguage\":\"en-US\",\"potentialAction\":[{\"@type\":\"ReadAction\",\"target\":[\"https:\/\/www.swiftcupeurope.com\/en\/2018\/uncategorized\/elkeszult-az-idei-versenynaptar\/\"]}]},{\"@type\":\"BreadcrumbList\",\"@id\":\"https:\/\/www.swiftcupeurope.com\/en\/2018\/uncategorized\/elkeszult-az-idei-versenynaptar\/#breadcrumb\",\"itemListElement\":[{\"@type\":\"ListItem\",\"position\":1,\"name\":\"Kezd\u0151lap\",\"item\":\"https:\/\/www.swiftcupeurope.com\/\"},{\"@type\":\"ListItem\",\"position\":2,\"name\":\"Elk\u00e9sz\u00fclt az idei versenynapt\u00e1r! &#8211; friss\u00edtve\"}]},{\"@type\":\"WebSite\",\"@id\":\"https:\/\/www.swiftcupeurope.com\/#website\",\"url\":\"https:\/\/www.swiftcupeurope.com\/\",\"name\":\"FIA Swift Cup Europe\",\"description\":\"FIA Swift Cup Europe \/ Official Website\",\"publisher\":{\"@id\":\"https:\/\/www.swiftcupeurope.com\/#organization\"},\"potentialAction\":[{\"@type\":\"SearchAction\",\"target\":{\"@type\":\"EntryPoint\",\"urlTemplate\":\"https:\/\/www.swiftcupeurope.com\/?s={search_term_string}\"},\"query-input\":\"required name=search_term_string\"}],\"inLanguage\":\"en-US\"},{\"@type\":\"Organization\",\"@id\":\"https:\/\/www.swiftcupeurope.com\/#organization\",\"name\":\"FIA Swift Cup Europe\",\"url\":\"https:\/\/www.swiftcupeurope.com\/\",\"logo\":{\"@type\":\"ImageObject\",\"inLanguage\":\"en-US\",\"@id\":\"https:\/\/www.swiftcupeurope.com\/#\/schema\/logo\/image\/\",\"url\":\"https:\/\/www.swiftcupeurope.com\/wp-content\/uploads\/2021\/04\/cropped-sce_logo_2021inv.png\",\"contentUrl\":\"https:\/\/www.swiftcupeurope.com\/wp-content\/uploads\/2021\/04\/cropped-sce_logo_2021inv.png\",\"width\":600,\"height\":120,\"caption\":\"FIA Swift Cup Europe\"},\"image\":{\"@id\":\"https:\/\/www.swiftcupeurope.com\/#\/schema\/logo\/image\/\"}},{\"@type\":\"Person\",\"@id\":\"https:\/\/www.swiftcupeurope.com\/#\/schema\/person\/03cb2427aeeeeac4a49a03160d04e8fe\",\"name\":\"swiftcupeurope\",\"url\":\"https:\/\/www.swiftcupeurope.com\/en\/author\/swiftcupeurope\/\"}]}<\/script>\n<!-- \/ Yoast SEO Premium plugin. -->","yoast_head_json":{"title":"Elk\u00e9sz\u00fclt az idei versenynapt\u00e1r! - friss\u00edtve - FIA Swift Cup Europe","robots":{"index":"index","follow":"follow","max-snippet":"max-snippet:-1","max-image-preview":"max-image-preview:large","max-video-preview":"max-video-preview:-1"},"canonical":"https:\/\/www.swiftcupeurope.com\/en\/2018\/uncategorized\/elkeszult-az-idei-versenynaptar\/","og_locale":"en_US","og_type":"article","og_title":"Elk\u00e9sz\u00fclt az idei versenynapt\u00e1r! - friss\u00edtve","og_description":"&nbsp; &nbsp; Elk\u00e9sz\u00fclt a Swift Cup Europe 2018-as versenynapt\u00e1r. A bajnoks\u00e1g a Hungaroringen kezd\u0151dik a WTCR bet\u00e9tfutamak\u00e9nt \u00e1prilis 27-29 k\u00f6z\u00f6tt. Cs\u00fct\u00f6rt\u00f6k\u00f6n 2, p\u00e9nteken 1 szabadedz\u00e9s v\u00e1r a versenyz\u0151kre, valamint ekkor lesz az id\u0151m\u00e9r\u0151 is. Szombaton 11:10-kor kezd\u0151dik az els\u0151 verseny, vas\u00e1rnap 9:05-kor pedig a m\u00e1sodik. Mindenkit v\u00e1runk szeretettel \u00e9s benzing\u0151zzel!","og_url":"https:\/\/www.swiftcupeurope.com\/en\/2018\/uncategorized\/elkeszult-az-idei-versenynaptar\/","og_site_name":"FIA Swift Cup Europe","article_published_time":"2018-04-07T07:58:32+00:00","og_image":[{"width":1280,"height":1280,"url":"https:\/\/www.swiftcupeurope.com\/wp-content\/uploads\/2018\/04\/SWIFTCUP_Naptar_2018.jpg","type":"image\/jpeg"}],"author":"swiftcupeurope","twitter_card":"summary_large_image","twitter_misc":{"Written by":"swiftcupeurope"},"schema":{"@context":"https:\/\/schema.org","@graph":[{"@type":"Article","@id":"https:\/\/www.swiftcupeurope.com\/en\/2018\/uncategorized\/elkeszult-az-idei-versenynaptar\/#article","isPartOf":{"@id":"https:\/\/www.swiftcupeurope.com\/en\/2018\/uncategorized\/elkeszult-az-idei-versenynaptar\/"},"author":{"name":"swiftcupeurope","@id":"https:\/\/www.swiftcupeurope.com\/#\/schema\/person\/03cb2427aeeeeac4a49a03160d04e8fe"},"headline":"Elk\u00e9sz\u00fclt az idei versenynapt\u00e1r! &#8211; friss\u00edtve","datePublished":"2018-04-07T07:58:32+00:00","dateModified":"2018-04-07T07:58:32+00:00","mainEntityOfPage":{"@id":"https:\/\/www.swiftcupeurope.com\/en\/2018\/uncategorized\/elkeszult-az-idei-versenynaptar\/"},"wordCount":82,"commentCount":0,"publisher":{"@id":"https:\/\/www.swiftcupeurope.com\/#organization"},"inLanguage":"en-US","potentialAction":[{"@type":"CommentAction","name":"Comment","target":["https:\/\/www.swiftcupeurope.com\/en\/2018\/uncategorized\/elkeszult-az-idei-versenynaptar\/#respond"]}]},{"@type":"WebPage","@id":"https:\/\/www.swiftcupeurope.com\/en\/2018\/uncategorized\/elkeszult-az-idei-versenynaptar\/","url":"https:\/\/www.swiftcupeurope.com\/en\/2018\/uncategorized\/elkeszult-az-idei-versenynaptar\/","name":"Elk\u00e9sz\u00fclt az idei versenynapt\u00e1r! - friss\u00edtve - FIA Swift Cup Europe","isPartOf":{"@id":"https:\/\/www.swiftcupeurope.com\/#website"},"datePublished":"2018-04-07T07:58:32+00:00","dateModified":"2018-04-07T07:58:32+00:00","breadcrumb":{"@id":"https:\/\/www.swiftcupeurope.com\/en\/2018\/uncategorized\/elkeszult-az-idei-versenynaptar\/#breadcrumb"},"inLanguage":"en-US","potentialAction":[{"@type":"ReadAction","target":["https:\/\/www.swiftcupeurope.com\/en\/2018\/uncategorized\/elkeszult-az-idei-versenynaptar\/"]}]},{"@type":"BreadcrumbList","@id":"https:\/\/www.swiftcupeurope.com\/en\/2018\/uncategorized\/elkeszult-az-idei-versenynaptar\/#breadcrumb","itemListElement":[{"@type":"ListItem","position":1,"name":"Kezd\u0151lap","item":"https:\/\/www.swiftcupeurope.com\/"},{"@type":"ListItem","position":2,"name":"Elk\u00e9sz\u00fclt az idei versenynapt\u00e1r! &#8211; friss\u00edtve"}]},{"@type":"WebSite","@id":"https:\/\/www.swiftcupeurope.com\/#website","url":"https:\/\/www.swiftcupeurope.com\/","name":"FIA Swift Cup Europe","description":"FIA Swift Cup Europe \/ Official Website","publisher":{"@id":"https:\/\/www.swiftcupeurope.com\/#organization"},"potentialAction":[{"@type":"SearchAction","target":{"@type":"EntryPoint","urlTemplate":"https:\/\/www.swiftcupeurope.com\/?s={search_term_string}"},"query-input":"required name=search_term_string"}],"inLanguage":"en-US"},{"@type":"Organization","@id":"https:\/\/www.swiftcupeurope.com\/#organization","name":"FIA Swift Cup Europe","url":"https:\/\/www.swiftcupeurope.com\/","logo":{"@type":"ImageObject","inLanguage":"en-US","@id":"https:\/\/www.swiftcupeurope.com\/#\/schema\/logo\/image\/","url":"https:\/\/www.swiftcupeurope.com\/wp-content\/uploads\/2021\/04\/cropped-sce_logo_2021inv.png","contentUrl":"https:\/\/www.swiftcupeurope.com\/wp-content\/uploads\/2021\/04\/cropped-sce_logo_2021inv.png","width":600,"height":120,"caption":"FIA Swift Cup Europe"},"image":{"@id":"https:\/\/www.swiftcupeurope.com\/#\/schema\/logo\/image\/"}},{"@type":"Person","@id":"https:\/\/www.swiftcupeurope.com\/#\/schema\/person\/03cb2427aeeeeac4a49a03160d04e8fe","name":"swiftcupeurope","url":"https:\/\/www.swiftcupeurope.com\/en\/author\/swiftcupeurope\/"}]}},"_links":{"self":[{"href":"https:\/\/www.swiftcupeurope.com\/en\/wp-json\/wp\/v2\/posts\/4774"}],"collection":[{"href":"https:\/\/www.swiftcupeurope.com\/en\/wp-json\/wp\/v2\/posts"}],"about":[{"href":"https:\/\/www.swiftcupeurope.com\/en\/wp-json\/wp\/v2\/types\/post"}],"author":[{"embeddable":true,"href":"https:\/\/www.swiftcupeurope.com\/en\/wp-json\/wp\/v2\/users\/2"}],"replies":[{"embeddable":true,"href":"https:\/\/www.swiftcupeurope.com\/en\/wp-json\/wp\/v2\/comments?post=4774"}],"version-history":[{"count":0,"href":"https:\/\/www.swiftcupeurope.com\/en\/wp-json\/wp\/v2\/posts\/4774\/revisions"}],"wp:featuredmedia":[{"embeddable":true,"href":"https:\/\/www.swiftcupeurope.com\/en\/wp-json\/wp\/v2\/media\/4795"}],"wp:attachment":[{"href":"https:\/\/www.swiftcupeurope.com\/en\/wp-json\/wp\/v2\/media?parent=4774"}],"wp:term":[{"taxonomy":"category","embeddable":true,"href":"https:\/\/www.swiftcupeurope.com\/en\/wp-json\/wp\/v2\/categories?post=4774"},{"taxonomy":"post_tag","embeddable":true,"href":"https:\/\/www.swiftcupeurope.com\/en\/wp-json\/wp\/v2\/tags?post=4774"}],"curies":[{"name":"wp","href":"https:\/\/api.w.org\/{rel}","templated":true}]}}