{"id":4742,"date":"2018-03-13T12:08:37","date_gmt":"2018-03-13T12:08:37","guid":{"rendered":"http:\/\/swiftcupeurope.com\/?p=4742"},"modified":"2018-03-13T12:08:37","modified_gmt":"2018-03-13T12:08:37","slug":"swift-cup-europe-grand-final-2017-oktober-14-16-hungaroring","status":"publish","type":"post","link":"https:\/\/www.swiftcupeurope.com\/en\/2018\/uncategorized\/swift-cup-europe-grand-final-2017-oktober-14-16-hungaroring\/","title":{"rendered":"SWIFT CUP EUROPE   GRAND FINAL &#8211; 2017. okt\u00f3ber 14 \u2013 16.  HUNGARORING"},"content":{"rendered":"<p style=\"font-weight: 400;\"><img fetchpriority=\"high\" decoding=\"async\" class=\"alignnone wp-image-4738\" src=\"http:\/\/swiftcupeurope.com\/wp-content\/uploads\/2018\/03\/IMG_3472-300x89.jpg\" alt=\"\" width=\"681\" height=\"202\" \/>Okt\u00f3ber k\u00f6zep\u00e9n a SWIFT CUP EUROPE sorozat az utols\u00f3 versenyh\u00e9tv\u00e9g\u00e9j\u00e9hez \u00e9rkezett, amelynek ism\u00e9t a Hungaroring adott otthont. Hossz\u00fa \u00e9s fordulatos id\u00e9ny \u00e1ll a versenyz\u0151k m\u00f6g\u00f6tt. <strong>B\u00e1r a Suzuki kupa v\u00e9geredm\u00e9nye Brnoban m\u00e1r eld\u0151lt,<\/strong> nagy izgalommal v\u00e1rt\u00e1k a versenyz\u0151k a<strong> Grand Final h\u00e9tv\u00e9g\u00e9t.<\/strong> A tavalyi utols\u00f3 h\u00e9tv\u00e9g\u00e9vel ellent\u00e9tben a 2017-es z\u00e1r\u00f3h\u00e9tv\u00e9g\u00e9n az <strong>osztr\u00e1k pil\u00f3t\u00e1k is r\u00e9szt vettek,<\/strong> s\u0151t n\u00e9h\u00e1ny \u00faj pil\u00f3ta is csatlakozott a mez\u0151nyh\u00f6z.<\/p>\n<p style=\"font-weight: 400;\">Az utols\u00f3 h\u00e9tv\u00e9g\u00e9n a p\u00e9nteki eg\u00e9sz napos szabadedz\u00e9seket k\u00f6vet\u0151en, szombaton d\u00e9lel\u0151tt egy szabadedz\u00e9ssel kezd\u0151d\u00f6tt a h\u00e9tv\u00e9ge, d\u00e9lut\u00e1n pedig az id\u0151m\u00e9r\u0151t tartott\u00e1k. A versenyz\u0151k igazi \u0151szies id\u0151ben v\u00e1gtak neki a <strong>Super Pole<\/strong> rendszerben lebonyol\u00edtott id\u0151m\u00e9r\u0151nek, amely ak\u00e1rcsak kor\u00e1bban, most is sok izgalmas pillanatot okozott. Az id\u0151m\u00e9r\u0151n t\u00f6rt\u00e9nt <strong>baleset miatt az id\u0151m\u00e9r\u0151t \u00fajraind\u00edtott\u00e1k.<\/strong> Majd k\u00f6vetkezett a Super Pole k\u00f6vetkezett, melyen az id\u0151m\u00e9r\u0151 els\u0151 szakasz\u00e1nak 10 leggyorsabb pil\u00f3t\u00e1ja vehet r\u00e9szt. Mindenki egyes\u00e9vel indul \u00e9s az ott m\u00e9rt k\u00f6rid\u0151 alapj\u00e1n alakult ki a m\u00e1snapi futam rajtr\u00e1csa.<\/p>\n<figure id=\"attachment_4739\" aria-describedby=\"caption-attachment-4739\" style=\"width: 300px\" class=\"wp-caption alignleft\"><img decoding=\"async\" class=\"wp-image-4739 size-medium\" src=\"http:\/\/swiftcupeurope.com\/wp-content\/uploads\/2018\/03\/IMG_3623-300x225.jpg\" alt=\"\" width=\"300\" height=\"225\" srcset=\"https:\/\/www.swiftcupeurope.com\/wp-content\/uploads\/2018\/03\/IMG_3623-300x225.jpg 300w, https:\/\/www.swiftcupeurope.com\/wp-content\/uploads\/2018\/03\/IMG_3623-768x576.jpg 768w, https:\/\/www.swiftcupeurope.com\/wp-content\/uploads\/2018\/03\/IMG_3623-1030x773.jpg 1030w, https:\/\/www.swiftcupeurope.com\/wp-content\/uploads\/2018\/03\/IMG_3623-1500x1125.jpg 1500w, https:\/\/www.swiftcupeurope.com\/wp-content\/uploads\/2018\/03\/IMG_3623-705x529.jpg 705w, https:\/\/www.swiftcupeurope.com\/wp-content\/uploads\/2018\/03\/IMG_3623-450x338.jpg 450w\" sizes=\"(max-width: 300px) 100vw, 300px\" \/><figcaption id=\"caption-attachment-4739\" class=\"wp-caption-text\">id\u0151m\u00e9r\u0151<\/figcaption><\/figure>\n<p style=\"font-weight: 400;\">A <strong>Super Pole-t<\/strong> szoros id\u0151eredm\u00e9nnyel <strong>Moln\u00e1r Bendeg\u00faz nyerte, m\u00f6g\u00f6tte Lengyel \u00c1d\u00e1m<\/strong> \u00e9s a tavalyi bajnok, <strong>Cs\u00edk J\u00e1nos<\/strong> \u00e1llhatott a rajtr\u00e1cson. <strong>Moln\u00e1r Bendeg\u00faz rajt-c\u00e9l gy\u0151zelemmel<\/strong> z\u00e1rta az els\u0151 futamot, m\u00f6g\u00f6tte a rajtr\u00e1csnak megfelel\u0151en,<strong> Lengyel \u00c1d\u00e1m \u00e9s Cs\u00edk J\u00e1nos \u00e9rt a c\u00e9lba.<\/strong><\/p>\n<p>&nbsp;<\/p>\n<p style=\"font-weight: 400;\">A m\u00e1sodik, egyben szezonz\u00e1r\u00f3 futamon az els\u0151 futam els\u0151 nyolc helyezettje ford\u00edtott rajtr\u00e1cson v\u00e1rhatta a rajtot. Az els\u0151 h\u00e1rom helyen <strong>Martin Zellhofer, K\u00f6rm\u00f6czi Bal\u00e1zs<\/strong> \u00e9s <strong>G\u00fcnther Weismeier<\/strong> indulhatott. V\u00e9g\u00fcl az utols\u00f3 futamot <strong>K\u00f6rm\u00f6czi Bal\u00e1zs nyerte,<\/strong> <strong>m\u00e1sodik Cs\u00edk J\u00e1nos, harmadik pedig Moln\u00e1r Bendeg\u00faz lett.<\/strong><\/p>\n<figure id=\"attachment_2790\" aria-describedby=\"caption-attachment-2790\" style=\"width: 300px\" class=\"wp-caption alignright\"><img decoding=\"async\" class=\"wp-image-2790 size-medium\" src=\"http:\/\/swiftcupeurope.com\/wp-content\/uploads\/2016\/04\/molnar-300x300.jpg\" alt=\"\" width=\"300\" height=\"300\" \/><figcaption id=\"caption-attachment-2790\" class=\"wp-caption-text\">Moln\u00e1r Bendeg\u00faz<\/figcaption><\/figure>\n<p>&nbsp;<\/p>\n<p style=\"font-weight: 400;\">A vas\u00e1rnapi utols\u00f3 futammal v\u00e9get \u00e9rt a Swift Cup Europe 2017-es versenyszezonja. <strong>A sorozat idei bajnoka Moln\u00e1r Bendeg\u00faz lett,<\/strong> aki szoros csat\u00e1k ut\u00e1n m\u00e9lt\u00e1n \u00e9rdemelte ki az Eur\u00f3pa Kupa bajnoki c\u00edm\u00e9t.<\/p>\n<p>&nbsp;<\/p>\n<p>&nbsp;<\/p>\n<p>&nbsp;<\/p>\n<p><iframe title=\"Swift Cup Europe Grand Final 2017\/6 Hungaroring\" width=\"800\" height=\"450\" src=\"https:\/\/www.youtube.com\/embed\/RRRKKj9Iv-Q?feature=oembed\" frameborder=\"0\" allow=\"accelerometer; autoplay; clipboard-write; encrypted-media; gyroscope; picture-in-picture\" allowfullscreen><\/iframe><\/p>","protected":false},"excerpt":{"rendered":"<p>Okt\u00f3ber k\u00f6zep\u00e9n a SWIFT CUP EUROPE sorozat az utols\u00f3 versenyh\u00e9tv\u00e9g\u00e9j\u00e9hez \u00e9rkezett, amelynek ism\u00e9t a Hungaroring adott otthont. Hossz\u00fa \u00e9s fordulatos id\u00e9ny \u00e1ll a versenyz\u0151k m\u00f6g\u00f6tt. B\u00e1r a Suzuki kupa v\u00e9geredm\u00e9nye Brnoban m\u00e1r eld\u0151lt, nagy izgalommal v\u00e1rt\u00e1k a versenyz\u0151k a Grand Final h\u00e9tv\u00e9g\u00e9t. A tavalyi utols\u00f3 h\u00e9tv\u00e9g\u00e9vel ellent\u00e9tben a 2017-es z\u00e1r\u00f3h\u00e9tv\u00e9g\u00e9n az osztr\u00e1k pil\u00f3t\u00e1k is r\u00e9szt [&hellip;]<\/p>","protected":false},"author":2,"featured_media":4739,"comment_status":"open","ping_status":"open","sticky":false,"template":"","format":"standard","meta":{"footnotes":""},"categories":[1],"tags":[],"yoast_head":"<!-- This site is optimized with the Yoast SEO Premium plugin v21.1 (Yoast SEO v21.7) - https:\/\/yoast.com\/wordpress\/plugins\/seo\/ -->\n<title>SWIFT CUP EUROPE  GRAND FINAL - 2017. okt\u00f3ber 14 \u2013 16. HUNGARORING - FIA Swift Cup Europe<\/title>\n<meta name=\"robots\" content=\"index, follow, max-snippet:-1, max-image-preview:large, max-video-preview:-1\" \/>\n<link rel=\"canonical\" href=\"https:\/\/www.swiftcupeurope.com\/en\/2018\/uncategorized\/swift-cup-europe-grand-final-2017-oktober-14-16-hungaroring\/\" \/>\n<meta property=\"og:locale\" content=\"en_US\" \/>\n<meta property=\"og:type\" content=\"article\" \/>\n<meta property=\"og:title\" content=\"SWIFT CUP EUROPE  GRAND FINAL - 2017. okt\u00f3ber 14 \u2013 16. HUNGARORING\" \/>\n<meta property=\"og:description\" content=\"Okt\u00f3ber k\u00f6zep\u00e9n a SWIFT CUP EUROPE sorozat az utols\u00f3 versenyh\u00e9tv\u00e9g\u00e9j\u00e9hez \u00e9rkezett, amelynek ism\u00e9t a Hungaroring adott otthont. Hossz\u00fa \u00e9s fordulatos id\u00e9ny \u00e1ll a versenyz\u0151k m\u00f6g\u00f6tt. B\u00e1r a Suzuki kupa v\u00e9geredm\u00e9nye Brnoban m\u00e1r eld\u0151lt, nagy izgalommal v\u00e1rt\u00e1k a versenyz\u0151k a Grand Final h\u00e9tv\u00e9g\u00e9t. A tavalyi utols\u00f3 h\u00e9tv\u00e9g\u00e9vel ellent\u00e9tben a 2017-es z\u00e1r\u00f3h\u00e9tv\u00e9g\u00e9n az osztr\u00e1k pil\u00f3t\u00e1k is r\u00e9szt [&hellip;]\" \/>\n<meta property=\"og:url\" content=\"https:\/\/www.swiftcupeurope.com\/en\/2018\/uncategorized\/swift-cup-europe-grand-final-2017-oktober-14-16-hungaroring\/\" \/>\n<meta property=\"og:site_name\" content=\"FIA Swift Cup Europe\" \/>\n<meta property=\"article:published_time\" content=\"2018-03-13T12:08:37+00:00\" \/>\n<meta property=\"og:image\" content=\"https:\/\/www.swiftcupeurope.com\/wp-content\/uploads\/2018\/03\/IMG_3623.jpg\" \/>\n\t<meta property=\"og:image:width\" content=\"3264\" \/>\n\t<meta property=\"og:image:height\" content=\"2448\" \/>\n\t<meta property=\"og:image:type\" content=\"image\/jpeg\" \/>\n<meta name=\"author\" content=\"swiftcupeurope\" \/>\n<meta name=\"twitter:card\" content=\"summary_large_image\" \/>\n<meta name=\"twitter:label1\" content=\"Written by\" \/>\n\t<meta name=\"twitter:data1\" content=\"swiftcupeurope\" \/>\n\t<meta name=\"twitter:label2\" content=\"Est. reading time\" \/>\n\t<meta name=\"twitter:data2\" content=\"2 minutes\" \/>\n<script type=\"application\/ld+json\" class=\"yoast-schema-graph\">{\"@context\":\"https:\/\/schema.org\",\"@graph\":[{\"@type\":\"Article\",\"@id\":\"https:\/\/www.swiftcupeurope.com\/2018\/uncategorized\/swift-cup-europe-grand-final-2017-oktober-14-16-hungaroring\/#article\",\"isPartOf\":{\"@id\":\"https:\/\/www.swiftcupeurope.com\/2018\/uncategorized\/swift-cup-europe-grand-final-2017-oktober-14-16-hungaroring\/\"},\"author\":{\"name\":\"swiftcupeurope\",\"@id\":\"https:\/\/www.swiftcupeurope.com\/#\/schema\/person\/03cb2427aeeeeac4a49a03160d04e8fe\"},\"headline\":\"SWIFT CUP EUROPE GRAND FINAL &#8211; 2017. okt\u00f3ber 14 \u2013 16. HUNGARORING\",\"datePublished\":\"2018-03-13T12:08:37+00:00\",\"dateModified\":\"2018-03-13T12:08:37+00:00\",\"mainEntityOfPage\":{\"@id\":\"https:\/\/www.swiftcupeurope.com\/2018\/uncategorized\/swift-cup-europe-grand-final-2017-oktober-14-16-hungaroring\/\"},\"wordCount\":449,\"commentCount\":0,\"publisher\":{\"@id\":\"https:\/\/www.swiftcupeurope.com\/#organization\"},\"inLanguage\":\"en-US\",\"potentialAction\":[{\"@type\":\"CommentAction\",\"name\":\"Comment\",\"target\":[\"https:\/\/www.swiftcupeurope.com\/2018\/uncategorized\/swift-cup-europe-grand-final-2017-oktober-14-16-hungaroring\/#respond\"]}]},{\"@type\":\"WebPage\",\"@id\":\"https:\/\/www.swiftcupeurope.com\/2018\/uncategorized\/swift-cup-europe-grand-final-2017-oktober-14-16-hungaroring\/\",\"url\":\"https:\/\/www.swiftcupeurope.com\/2018\/uncategorized\/swift-cup-europe-grand-final-2017-oktober-14-16-hungaroring\/\",\"name\":\"SWIFT CUP EUROPE GRAND FINAL - 2017. okt\u00f3ber 14 \u2013 16. HUNGARORING - FIA Swift Cup Europe\",\"isPartOf\":{\"@id\":\"https:\/\/www.swiftcupeurope.com\/#website\"},\"datePublished\":\"2018-03-13T12:08:37+00:00\",\"dateModified\":\"2018-03-13T12:08:37+00:00\",\"breadcrumb\":{\"@id\":\"https:\/\/www.swiftcupeurope.com\/2018\/uncategorized\/swift-cup-europe-grand-final-2017-oktober-14-16-hungaroring\/#breadcrumb\"},\"inLanguage\":\"en-US\",\"potentialAction\":[{\"@type\":\"ReadAction\",\"target\":[\"https:\/\/www.swiftcupeurope.com\/2018\/uncategorized\/swift-cup-europe-grand-final-2017-oktober-14-16-hungaroring\/\"]}]},{\"@type\":\"BreadcrumbList\",\"@id\":\"https:\/\/www.swiftcupeurope.com\/2018\/uncategorized\/swift-cup-europe-grand-final-2017-oktober-14-16-hungaroring\/#breadcrumb\",\"itemListElement\":[{\"@type\":\"ListItem\",\"position\":1,\"name\":\"Kezd\u0151lap\",\"item\":\"https:\/\/www.swiftcupeurope.com\/\"},{\"@type\":\"ListItem\",\"position\":2,\"name\":\"SWIFT CUP EUROPE GRAND FINAL &#8211; 2017. okt\u00f3ber 14 \u2013 16. HUNGARORING\"}]},{\"@type\":\"WebSite\",\"@id\":\"https:\/\/www.swiftcupeurope.com\/#website\",\"url\":\"https:\/\/www.swiftcupeurope.com\/\",\"name\":\"FIA Swift Cup Europe\",\"description\":\"FIA Swift Cup Europe \/ Official Website\",\"publisher\":{\"@id\":\"https:\/\/www.swiftcupeurope.com\/#organization\"},\"potentialAction\":[{\"@type\":\"SearchAction\",\"target\":{\"@type\":\"EntryPoint\",\"urlTemplate\":\"https:\/\/www.swiftcupeurope.com\/?s={search_term_string}\"},\"query-input\":\"required name=search_term_string\"}],\"inLanguage\":\"en-US\"},{\"@type\":\"Organization\",\"@id\":\"https:\/\/www.swiftcupeurope.com\/#organization\",\"name\":\"FIA Swift Cup Europe\",\"url\":\"https:\/\/www.swiftcupeurope.com\/\",\"logo\":{\"@type\":\"ImageObject\",\"inLanguage\":\"en-US\",\"@id\":\"https:\/\/www.swiftcupeurope.com\/#\/schema\/logo\/image\/\",\"url\":\"https:\/\/www.swiftcupeurope.com\/wp-content\/uploads\/2021\/04\/cropped-sce_logo_2021inv.png\",\"contentUrl\":\"https:\/\/www.swiftcupeurope.com\/wp-content\/uploads\/2021\/04\/cropped-sce_logo_2021inv.png\",\"width\":600,\"height\":120,\"caption\":\"FIA Swift Cup Europe\"},\"image\":{\"@id\":\"https:\/\/www.swiftcupeurope.com\/#\/schema\/logo\/image\/\"}},{\"@type\":\"Person\",\"@id\":\"https:\/\/www.swiftcupeurope.com\/#\/schema\/person\/03cb2427aeeeeac4a49a03160d04e8fe\",\"name\":\"swiftcupeurope\",\"url\":\"https:\/\/www.swiftcupeurope.com\/en\/author\/swiftcupeurope\/\"}]}<\/script>\n<!-- \/ Yoast SEO Premium plugin. -->","yoast_head_json":{"title":"SWIFT CUP EUROPE  GRAND FINAL - 2017. okt\u00f3ber 14 \u2013 16. HUNGARORING - FIA Swift Cup Europe","robots":{"index":"index","follow":"follow","max-snippet":"max-snippet:-1","max-image-preview":"max-image-preview:large","max-video-preview":"max-video-preview:-1"},"canonical":"https:\/\/www.swiftcupeurope.com\/en\/2018\/uncategorized\/swift-cup-europe-grand-final-2017-oktober-14-16-hungaroring\/","og_locale":"en_US","og_type":"article","og_title":"SWIFT CUP EUROPE  GRAND FINAL - 2017. okt\u00f3ber 14 \u2013 16. HUNGARORING","og_description":"Okt\u00f3ber k\u00f6zep\u00e9n a SWIFT CUP EUROPE sorozat az utols\u00f3 versenyh\u00e9tv\u00e9g\u00e9j\u00e9hez \u00e9rkezett, amelynek ism\u00e9t a Hungaroring adott otthont. Hossz\u00fa \u00e9s fordulatos id\u00e9ny \u00e1ll a versenyz\u0151k m\u00f6g\u00f6tt. B\u00e1r a Suzuki kupa v\u00e9geredm\u00e9nye Brnoban m\u00e1r eld\u0151lt, nagy izgalommal v\u00e1rt\u00e1k a versenyz\u0151k a Grand Final h\u00e9tv\u00e9g\u00e9t. A tavalyi utols\u00f3 h\u00e9tv\u00e9g\u00e9vel ellent\u00e9tben a 2017-es z\u00e1r\u00f3h\u00e9tv\u00e9g\u00e9n az osztr\u00e1k pil\u00f3t\u00e1k is r\u00e9szt [&hellip;]","og_url":"https:\/\/www.swiftcupeurope.com\/en\/2018\/uncategorized\/swift-cup-europe-grand-final-2017-oktober-14-16-hungaroring\/","og_site_name":"FIA Swift Cup Europe","article_published_time":"2018-03-13T12:08:37+00:00","og_image":[{"width":3264,"height":2448,"url":"https:\/\/www.swiftcupeurope.com\/wp-content\/uploads\/2018\/03\/IMG_3623.jpg","type":"image\/jpeg"}],"author":"swiftcupeurope","twitter_card":"summary_large_image","twitter_misc":{"Written by":"swiftcupeurope","Est. reading time":"2 minutes"},"schema":{"@context":"https:\/\/schema.org","@graph":[{"@type":"Article","@id":"https:\/\/www.swiftcupeurope.com\/2018\/uncategorized\/swift-cup-europe-grand-final-2017-oktober-14-16-hungaroring\/#article","isPartOf":{"@id":"https:\/\/www.swiftcupeurope.com\/2018\/uncategorized\/swift-cup-europe-grand-final-2017-oktober-14-16-hungaroring\/"},"author":{"name":"swiftcupeurope","@id":"https:\/\/www.swiftcupeurope.com\/#\/schema\/person\/03cb2427aeeeeac4a49a03160d04e8fe"},"headline":"SWIFT CUP EUROPE GRAND FINAL &#8211; 2017. okt\u00f3ber 14 \u2013 16. HUNGARORING","datePublished":"2018-03-13T12:08:37+00:00","dateModified":"2018-03-13T12:08:37+00:00","mainEntityOfPage":{"@id":"https:\/\/www.swiftcupeurope.com\/2018\/uncategorized\/swift-cup-europe-grand-final-2017-oktober-14-16-hungaroring\/"},"wordCount":449,"commentCount":0,"publisher":{"@id":"https:\/\/www.swiftcupeurope.com\/#organization"},"inLanguage":"en-US","potentialAction":[{"@type":"CommentAction","name":"Comment","target":["https:\/\/www.swiftcupeurope.com\/2018\/uncategorized\/swift-cup-europe-grand-final-2017-oktober-14-16-hungaroring\/#respond"]}]},{"@type":"WebPage","@id":"https:\/\/www.swiftcupeurope.com\/2018\/uncategorized\/swift-cup-europe-grand-final-2017-oktober-14-16-hungaroring\/","url":"https:\/\/www.swiftcupeurope.com\/2018\/uncategorized\/swift-cup-europe-grand-final-2017-oktober-14-16-hungaroring\/","name":"SWIFT CUP EUROPE GRAND FINAL - 2017. okt\u00f3ber 14 \u2013 16. HUNGARORING - FIA Swift Cup Europe","isPartOf":{"@id":"https:\/\/www.swiftcupeurope.com\/#website"},"datePublished":"2018-03-13T12:08:37+00:00","dateModified":"2018-03-13T12:08:37+00:00","breadcrumb":{"@id":"https:\/\/www.swiftcupeurope.com\/2018\/uncategorized\/swift-cup-europe-grand-final-2017-oktober-14-16-hungaroring\/#breadcrumb"},"inLanguage":"en-US","potentialAction":[{"@type":"ReadAction","target":["https:\/\/www.swiftcupeurope.com\/2018\/uncategorized\/swift-cup-europe-grand-final-2017-oktober-14-16-hungaroring\/"]}]},{"@type":"BreadcrumbList","@id":"https:\/\/www.swiftcupeurope.com\/2018\/uncategorized\/swift-cup-europe-grand-final-2017-oktober-14-16-hungaroring\/#breadcrumb","itemListElement":[{"@type":"ListItem","position":1,"name":"Kezd\u0151lap","item":"https:\/\/www.swiftcupeurope.com\/"},{"@type":"ListItem","position":2,"name":"SWIFT CUP EUROPE GRAND FINAL &#8211; 2017. okt\u00f3ber 14 \u2013 16. HUNGARORING"}]},{"@type":"WebSite","@id":"https:\/\/www.swiftcupeurope.com\/#website","url":"https:\/\/www.swiftcupeurope.com\/","name":"FIA Swift Cup Europe","description":"FIA Swift Cup Europe \/ Official Website","publisher":{"@id":"https:\/\/www.swiftcupeurope.com\/#organization"},"potentialAction":[{"@type":"SearchAction","target":{"@type":"EntryPoint","urlTemplate":"https:\/\/www.swiftcupeurope.com\/?s={search_term_string}"},"query-input":"required name=search_term_string"}],"inLanguage":"en-US"},{"@type":"Organization","@id":"https:\/\/www.swiftcupeurope.com\/#organization","name":"FIA Swift Cup Europe","url":"https:\/\/www.swiftcupeurope.com\/","logo":{"@type":"ImageObject","inLanguage":"en-US","@id":"https:\/\/www.swiftcupeurope.com\/#\/schema\/logo\/image\/","url":"https:\/\/www.swiftcupeurope.com\/wp-content\/uploads\/2021\/04\/cropped-sce_logo_2021inv.png","contentUrl":"https:\/\/www.swiftcupeurope.com\/wp-content\/uploads\/2021\/04\/cropped-sce_logo_2021inv.png","width":600,"height":120,"caption":"FIA Swift Cup Europe"},"image":{"@id":"https:\/\/www.swiftcupeurope.com\/#\/schema\/logo\/image\/"}},{"@type":"Person","@id":"https:\/\/www.swiftcupeurope.com\/#\/schema\/person\/03cb2427aeeeeac4a49a03160d04e8fe","name":"swiftcupeurope","url":"https:\/\/www.swiftcupeurope.com\/en\/author\/swiftcupeurope\/"}]}},"_links":{"self":[{"href":"https:\/\/www.swiftcupeurope.com\/en\/wp-json\/wp\/v2\/posts\/4742"}],"collection":[{"href":"https:\/\/www.swiftcupeurope.com\/en\/wp-json\/wp\/v2\/posts"}],"about":[{"href":"https:\/\/www.swiftcupeurope.com\/en\/wp-json\/wp\/v2\/types\/post"}],"author":[{"embeddable":true,"href":"https:\/\/www.swiftcupeurope.com\/en\/wp-json\/wp\/v2\/users\/2"}],"replies":[{"embeddable":true,"href":"https:\/\/www.swiftcupeurope.com\/en\/wp-json\/wp\/v2\/comments?post=4742"}],"version-history":[{"count":0,"href":"https:\/\/www.swiftcupeurope.com\/en\/wp-json\/wp\/v2\/posts\/4742\/revisions"}],"wp:featuredmedia":[{"embeddable":true,"href":"https:\/\/www.swiftcupeurope.com\/en\/wp-json\/wp\/v2\/media\/4739"}],"wp:attachment":[{"href":"https:\/\/www.swiftcupeurope.com\/en\/wp-json\/wp\/v2\/media?parent=4742"}],"wp:term":[{"taxonomy":"category","embeddable":true,"href":"https:\/\/www.swiftcupeurope.com\/en\/wp-json\/wp\/v2\/categories?post=4742"},{"taxonomy":"post_tag","embeddable":true,"href":"https:\/\/www.swiftcupeurope.com\/en\/wp-json\/wp\/v2\/tags?post=4742"}],"curies":[{"name":"wp","href":"https:\/\/api.w.org\/{rel}","templated":true}]}}