{"id":4721,"date":"2018-03-12T14:19:47","date_gmt":"2018-03-12T14:19:47","guid":{"rendered":"http:\/\/swiftcupeurope.com\/?p=4721"},"modified":"2018-03-12T14:19:47","modified_gmt":"2018-03-12T14:19:47","slug":"swift-cup-europe-adria-raceway-2017-julius-27-29","status":"publish","type":"post","link":"https:\/\/www.swiftcupeurope.com\/en\/2018\/uncategorized\/swift-cup-europe-adria-raceway-2017-julius-27-29\/","title":{"rendered":"SWIFT CUP EUROPE Adria Raceway &#8211; 2017. j\u00falius 27 \u2013 29."},"content":{"rendered":"<figure id=\"attachment_4723\" aria-describedby=\"caption-attachment-4723\" style=\"width: 300px\" class=\"wp-caption alignright\"><img fetchpriority=\"high\" decoding=\"async\" class=\"wp-image-4723 size-medium\" src=\"http:\/\/swiftcupeurope.com\/wp-content\/uploads\/2018\/03\/IMG_2306-300x225.jpg\" alt=\"\" width=\"300\" height=\"225\" \/><figcaption id=\"caption-attachment-4723\" class=\"wp-caption-text\">Jimmy Ghione \u00e9ppen besz\u00e9lget.<\/figcaption><\/figure>\n<p style=\"font-weight: 400;\"><strong>M\u00e9rf\u00f6ldk\u00f6v\u00e9hez \u00e9rkezett a Swift Cup Europe.<\/strong> A sorozat \u00e9let\u00e9ben el\u0151sz\u00f6r rendezett versenyh\u00e9tv\u00e9g\u00e9t Olaszorsz\u00e1gban. A <strong>Suzuki Italia<\/strong> egy\u00fcttm\u0171k\u00f6d\u00e9s\u00e9vel ezen az\u00a0 \u00a0 \u00a0 \u00a0 \u00a0 \u00a0 \u00a0<strong>Adria<\/strong> <strong>International Raceway-en<\/strong> megrendezett h\u00e9tv\u00e9g\u00e9n csatlakozott a mez\u0151nyh\u00f6z <strong>Jimmy Ghione,<\/strong> sz\u00edn\u00e9sz \u00e9s telev\u00edzi\u00f3s m\u0171sorvezet\u0151. \u0150 volt az els\u0151 olasz versenyz\u0151 a <strong>Swift Cup Europe t\u00f6rt\u00e9net\u00e9ben.<\/strong> Az Apex Team tagjak\u00e9nt csatlakozott a mez\u0151nyh\u00f6z <strong>Matous Kubu<\/strong> is. <strong>A 24 \u00e9ves cseh pil\u00f3ta kor\u00e1bban a Skoda Octavia Kup\u00e1ban versenyzett.<\/strong><\/p>\n<figure id=\"attachment_4722\" aria-describedby=\"caption-attachment-4722\" style=\"width: 300px\" class=\"wp-caption alignleft\"><img decoding=\"async\" class=\"wp-image-4722 size-medium\" src=\"http:\/\/swiftcupeurope.com\/wp-content\/uploads\/2018\/03\/Adria_Circuit.svg_-300x194.png\" alt=\"\" width=\"300\" height=\"194\" \/><figcaption id=\"caption-attachment-4722\" class=\"wp-caption-text\">Adria Raceway<\/figcaption><\/figure>\n<p style=\"font-weight: 400;\">Az Adria Raceway p\u00e1ly\u00e1ja <strong>2,702<\/strong> km-\u00e9vel nem t\u00fal hossz\u00fa, de ann\u00e1l taktik\u00e1sabb. A <strong>hatalmas h\u0151s\u00e9gnek<\/strong> \u00e9s a rengeteg kanyarnak k\u00f6sz\u00f6nhet\u0151en <strong>m\u00e1r a szabadedz\u00e9s v\u00e9g\u00e9n szinte az \u00f6sszes aut\u00f3n f\u00e9kbet\u00e9teket kellett cser\u00e9lni.<\/strong><\/p>\n<p style=\"font-weight: 400;\">A Super Pole ut\u00e1n kialakult a rajtsorrend.<strong> Els\u0151 helyen Lengyel \u00c1d\u00e1m<\/strong> v\u00e9gzett a leggyorsabb id\u0151vel,<strong> m\u00e1sodik helyen Forrai G\u00e1bor<\/strong>, <strong>harmadik helyen pedig Moln\u00e1r Bendeg\u00faz v\u00e9gzett.<\/strong> Hatalmas csat\u00e1k ut\u00e1n v\u00e9g\u00fcl <strong>els\u0151 helyen Moln\u00e1r Bendeg\u00faz, m\u00e1sodik helyen Jimmy Ghione, harmadik helyen pedig Forrai G\u00e1bor v\u00e9gzett.<\/strong><\/p>\n<figure id=\"attachment_4724\" aria-describedby=\"caption-attachment-4724\" style=\"width: 300px\" class=\"wp-caption alignright\"><img decoding=\"async\" class=\"wp-image-4724 size-medium\" src=\"http:\/\/swiftcupeurope.com\/wp-content\/uploads\/2018\/03\/IMG_2309-300x225.jpg\" alt=\"\" width=\"300\" height=\"225\" \/><figcaption id=\"caption-attachment-4724\" class=\"wp-caption-text\">Paddock<\/figcaption><\/figure>\n<p style=\"font-weight: 400;\">A m\u00e1sodik futam rajtr\u00e1cs\u00e1t az els\u0151 futam els\u0151 nyolc helyezettj\u00e9nek ford\u00edtott sorrendje adta. <strong>Ezt a futamot Beny\u00f3 M\u00e1t\u00e9 nyerte, m\u00f6g\u00f6tte Forrai G\u00e1bor \u00e9s Moln\u00e1r Bendeg\u00faz v\u00e9geztek.<\/strong><\/p>\n<p>&nbsp;<\/p>\n<p>&nbsp;<\/p>\n<p>&nbsp;<\/p>\n<p><iframe title=\"Swift Cup Europe 2017\/4 Adria Internationale Raceway\" width=\"800\" height=\"450\" src=\"https:\/\/www.youtube.com\/embed\/1bZ6cD8Vr_w?feature=oembed\" frameborder=\"0\" allow=\"accelerometer; autoplay; clipboard-write; encrypted-media; gyroscope; picture-in-picture\" allowfullscreen><\/iframe><\/p>","protected":false},"excerpt":{"rendered":"<p>M\u00e9rf\u00f6ldk\u00f6v\u00e9hez \u00e9rkezett a Swift Cup Europe. A sorozat \u00e9let\u00e9ben el\u0151sz\u00f6r rendezett versenyh\u00e9tv\u00e9g\u00e9t Olaszorsz\u00e1gban. A Suzuki Italia egy\u00fcttm\u0171k\u00f6d\u00e9s\u00e9vel ezen az\u00a0 \u00a0 \u00a0 \u00a0 \u00a0 \u00a0 \u00a0Adria International Raceway-en megrendezett h\u00e9tv\u00e9g\u00e9n csatlakozott a mez\u0151nyh\u00f6z Jimmy Ghione, sz\u00edn\u00e9sz \u00e9s telev\u00edzi\u00f3s m\u0171sorvezet\u0151. \u0150 volt az els\u0151 olasz versenyz\u0151 a Swift Cup Europe t\u00f6rt\u00e9net\u00e9ben. Az Apex Team tagjak\u00e9nt csatlakozott a [&hellip;]<\/p>","protected":false},"author":2,"featured_media":4725,"comment_status":"open","ping_status":"open","sticky":false,"template":"","format":"standard","meta":{"footnotes":""},"categories":[1],"tags":[],"yoast_head":"<!-- This site is optimized with the Yoast SEO Premium plugin v21.1 (Yoast SEO v21.7) - https:\/\/yoast.com\/wordpress\/plugins\/seo\/ -->\n<title>SWIFT CUP EUROPE Adria Raceway - 2017. j\u00falius 27 \u2013 29. - FIA Swift Cup Europe<\/title>\n<meta name=\"robots\" content=\"index, follow, max-snippet:-1, max-image-preview:large, max-video-preview:-1\" \/>\n<link rel=\"canonical\" href=\"https:\/\/www.swiftcupeurope.com\/en\/2018\/uncategorized\/swift-cup-europe-adria-raceway-2017-julius-27-29\/\" \/>\n<meta property=\"og:locale\" content=\"en_US\" \/>\n<meta property=\"og:type\" content=\"article\" \/>\n<meta property=\"og:title\" content=\"SWIFT CUP EUROPE Adria Raceway - 2017. j\u00falius 27 \u2013 29.\" \/>\n<meta property=\"og:description\" content=\"M\u00e9rf\u00f6ldk\u00f6v\u00e9hez \u00e9rkezett a Swift Cup Europe. A sorozat \u00e9let\u00e9ben el\u0151sz\u00f6r rendezett versenyh\u00e9tv\u00e9g\u00e9t Olaszorsz\u00e1gban. A Suzuki Italia egy\u00fcttm\u0171k\u00f6d\u00e9s\u00e9vel ezen az\u00a0 \u00a0 \u00a0 \u00a0 \u00a0 \u00a0 \u00a0Adria International Raceway-en megrendezett h\u00e9tv\u00e9g\u00e9n csatlakozott a mez\u0151nyh\u00f6z Jimmy Ghione, sz\u00edn\u00e9sz \u00e9s telev\u00edzi\u00f3s m\u0171sorvezet\u0151. \u0150 volt az els\u0151 olasz versenyz\u0151 a Swift Cup Europe t\u00f6rt\u00e9net\u00e9ben. Az Apex Team tagjak\u00e9nt csatlakozott a [&hellip;]\" \/>\n<meta property=\"og:url\" content=\"https:\/\/www.swiftcupeurope.com\/en\/2018\/uncategorized\/swift-cup-europe-adria-raceway-2017-julius-27-29\/\" \/>\n<meta property=\"og:site_name\" content=\"FIA Swift Cup Europe\" \/>\n<meta property=\"article:published_time\" content=\"2018-03-12T14:19:47+00:00\" \/>\n<meta property=\"og:image\" content=\"https:\/\/www.swiftcupeurope.com\/wp-content\/uploads\/2018\/03\/IMG_2324-1030x773.jpg\" \/>\n\t<meta property=\"og:image:width\" content=\"1030\" \/>\n\t<meta property=\"og:image:height\" content=\"773\" \/>\n\t<meta property=\"og:image:type\" content=\"image\/jpeg\" \/>\n<meta name=\"author\" content=\"swiftcupeurope\" \/>\n<meta name=\"twitter:card\" content=\"summary_large_image\" \/>\n<meta name=\"twitter:label1\" content=\"Written by\" \/>\n\t<meta name=\"twitter:data1\" content=\"swiftcupeurope\" \/>\n\t<meta name=\"twitter:label2\" content=\"Est. reading time\" \/>\n\t<meta name=\"twitter:data2\" content=\"1 minute\" \/>\n<script type=\"application\/ld+json\" class=\"yoast-schema-graph\">{\"@context\":\"https:\/\/schema.org\",\"@graph\":[{\"@type\":\"Article\",\"@id\":\"https:\/\/www.swiftcupeurope.com\/en\/2018\/uncategorized\/swift-cup-europe-adria-raceway-2017-julius-27-29\/#article\",\"isPartOf\":{\"@id\":\"https:\/\/www.swiftcupeurope.com\/en\/2018\/uncategorized\/swift-cup-europe-adria-raceway-2017-julius-27-29\/\"},\"author\":{\"name\":\"swiftcupeurope\",\"@id\":\"https:\/\/www.swiftcupeurope.com\/#\/schema\/person\/03cb2427aeeeeac4a49a03160d04e8fe\"},\"headline\":\"SWIFT CUP EUROPE Adria Raceway &#8211; 2017. j\u00falius 27 \u2013 29.\",\"datePublished\":\"2018-03-12T14:19:47+00:00\",\"dateModified\":\"2018-03-12T14:19:47+00:00\",\"mainEntityOfPage\":{\"@id\":\"https:\/\/www.swiftcupeurope.com\/en\/2018\/uncategorized\/swift-cup-europe-adria-raceway-2017-julius-27-29\/\"},\"wordCount\":293,\"commentCount\":0,\"publisher\":{\"@id\":\"https:\/\/www.swiftcupeurope.com\/#organization\"},\"inLanguage\":\"en-US\",\"potentialAction\":[{\"@type\":\"CommentAction\",\"name\":\"Comment\",\"target\":[\"https:\/\/www.swiftcupeurope.com\/en\/2018\/uncategorized\/swift-cup-europe-adria-raceway-2017-julius-27-29\/#respond\"]}]},{\"@type\":\"WebPage\",\"@id\":\"https:\/\/www.swiftcupeurope.com\/en\/2018\/uncategorized\/swift-cup-europe-adria-raceway-2017-julius-27-29\/\",\"url\":\"https:\/\/www.swiftcupeurope.com\/en\/2018\/uncategorized\/swift-cup-europe-adria-raceway-2017-julius-27-29\/\",\"name\":\"SWIFT CUP EUROPE Adria Raceway - 2017. j\u00falius 27 \u2013 29. - FIA Swift Cup Europe\",\"isPartOf\":{\"@id\":\"https:\/\/www.swiftcupeurope.com\/#website\"},\"datePublished\":\"2018-03-12T14:19:47+00:00\",\"dateModified\":\"2018-03-12T14:19:47+00:00\",\"breadcrumb\":{\"@id\":\"https:\/\/www.swiftcupeurope.com\/en\/2018\/uncategorized\/swift-cup-europe-adria-raceway-2017-julius-27-29\/#breadcrumb\"},\"inLanguage\":\"en-US\",\"potentialAction\":[{\"@type\":\"ReadAction\",\"target\":[\"https:\/\/www.swiftcupeurope.com\/en\/2018\/uncategorized\/swift-cup-europe-adria-raceway-2017-julius-27-29\/\"]}]},{\"@type\":\"BreadcrumbList\",\"@id\":\"https:\/\/www.swiftcupeurope.com\/en\/2018\/uncategorized\/swift-cup-europe-adria-raceway-2017-julius-27-29\/#breadcrumb\",\"itemListElement\":[{\"@type\":\"ListItem\",\"position\":1,\"name\":\"Kezd\u0151lap\",\"item\":\"https:\/\/www.swiftcupeurope.com\/\"},{\"@type\":\"ListItem\",\"position\":2,\"name\":\"SWIFT CUP EUROPE Adria Raceway &#8211; 2017. j\u00falius 27 \u2013 29.\"}]},{\"@type\":\"WebSite\",\"@id\":\"https:\/\/www.swiftcupeurope.com\/#website\",\"url\":\"https:\/\/www.swiftcupeurope.com\/\",\"name\":\"FIA Swift Cup Europe\",\"description\":\"FIA Swift Cup Europe \/ Official Website\",\"publisher\":{\"@id\":\"https:\/\/www.swiftcupeurope.com\/#organization\"},\"potentialAction\":[{\"@type\":\"SearchAction\",\"target\":{\"@type\":\"EntryPoint\",\"urlTemplate\":\"https:\/\/www.swiftcupeurope.com\/?s={search_term_string}\"},\"query-input\":\"required name=search_term_string\"}],\"inLanguage\":\"en-US\"},{\"@type\":\"Organization\",\"@id\":\"https:\/\/www.swiftcupeurope.com\/#organization\",\"name\":\"FIA Swift Cup Europe\",\"url\":\"https:\/\/www.swiftcupeurope.com\/\",\"logo\":{\"@type\":\"ImageObject\",\"inLanguage\":\"en-US\",\"@id\":\"https:\/\/www.swiftcupeurope.com\/#\/schema\/logo\/image\/\",\"url\":\"https:\/\/www.swiftcupeurope.com\/wp-content\/uploads\/2021\/04\/cropped-sce_logo_2021inv.png\",\"contentUrl\":\"https:\/\/www.swiftcupeurope.com\/wp-content\/uploads\/2021\/04\/cropped-sce_logo_2021inv.png\",\"width\":600,\"height\":120,\"caption\":\"FIA Swift Cup Europe\"},\"image\":{\"@id\":\"https:\/\/www.swiftcupeurope.com\/#\/schema\/logo\/image\/\"}},{\"@type\":\"Person\",\"@id\":\"https:\/\/www.swiftcupeurope.com\/#\/schema\/person\/03cb2427aeeeeac4a49a03160d04e8fe\",\"name\":\"swiftcupeurope\",\"url\":\"https:\/\/www.swiftcupeurope.com\/en\/author\/swiftcupeurope\/\"}]}<\/script>\n<!-- \/ Yoast SEO Premium plugin. -->","yoast_head_json":{"title":"SWIFT CUP EUROPE Adria Raceway - 2017. j\u00falius 27 \u2013 29. - FIA Swift Cup Europe","robots":{"index":"index","follow":"follow","max-snippet":"max-snippet:-1","max-image-preview":"max-image-preview:large","max-video-preview":"max-video-preview:-1"},"canonical":"https:\/\/www.swiftcupeurope.com\/en\/2018\/uncategorized\/swift-cup-europe-adria-raceway-2017-julius-27-29\/","og_locale":"en_US","og_type":"article","og_title":"SWIFT CUP EUROPE Adria Raceway - 2017. j\u00falius 27 \u2013 29.","og_description":"M\u00e9rf\u00f6ldk\u00f6v\u00e9hez \u00e9rkezett a Swift Cup Europe. A sorozat \u00e9let\u00e9ben el\u0151sz\u00f6r rendezett versenyh\u00e9tv\u00e9g\u00e9t Olaszorsz\u00e1gban. A Suzuki Italia egy\u00fcttm\u0171k\u00f6d\u00e9s\u00e9vel ezen az\u00a0 \u00a0 \u00a0 \u00a0 \u00a0 \u00a0 \u00a0Adria International Raceway-en megrendezett h\u00e9tv\u00e9g\u00e9n csatlakozott a mez\u0151nyh\u00f6z Jimmy Ghione, sz\u00edn\u00e9sz \u00e9s telev\u00edzi\u00f3s m\u0171sorvezet\u0151. \u0150 volt az els\u0151 olasz versenyz\u0151 a Swift Cup Europe t\u00f6rt\u00e9net\u00e9ben. Az Apex Team tagjak\u00e9nt csatlakozott a [&hellip;]","og_url":"https:\/\/www.swiftcupeurope.com\/en\/2018\/uncategorized\/swift-cup-europe-adria-raceway-2017-julius-27-29\/","og_site_name":"FIA Swift Cup Europe","article_published_time":"2018-03-12T14:19:47+00:00","og_image":[{"width":1030,"height":773,"url":"https:\/\/www.swiftcupeurope.com\/wp-content\/uploads\/2018\/03\/IMG_2324-1030x773.jpg","type":"image\/jpeg"}],"author":"swiftcupeurope","twitter_card":"summary_large_image","twitter_misc":{"Written by":"swiftcupeurope","Est. reading time":"1 minute"},"schema":{"@context":"https:\/\/schema.org","@graph":[{"@type":"Article","@id":"https:\/\/www.swiftcupeurope.com\/en\/2018\/uncategorized\/swift-cup-europe-adria-raceway-2017-julius-27-29\/#article","isPartOf":{"@id":"https:\/\/www.swiftcupeurope.com\/en\/2018\/uncategorized\/swift-cup-europe-adria-raceway-2017-julius-27-29\/"},"author":{"name":"swiftcupeurope","@id":"https:\/\/www.swiftcupeurope.com\/#\/schema\/person\/03cb2427aeeeeac4a49a03160d04e8fe"},"headline":"SWIFT CUP EUROPE Adria Raceway &#8211; 2017. j\u00falius 27 \u2013 29.","datePublished":"2018-03-12T14:19:47+00:00","dateModified":"2018-03-12T14:19:47+00:00","mainEntityOfPage":{"@id":"https:\/\/www.swiftcupeurope.com\/en\/2018\/uncategorized\/swift-cup-europe-adria-raceway-2017-julius-27-29\/"},"wordCount":293,"commentCount":0,"publisher":{"@id":"https:\/\/www.swiftcupeurope.com\/#organization"},"inLanguage":"en-US","potentialAction":[{"@type":"CommentAction","name":"Comment","target":["https:\/\/www.swiftcupeurope.com\/en\/2018\/uncategorized\/swift-cup-europe-adria-raceway-2017-julius-27-29\/#respond"]}]},{"@type":"WebPage","@id":"https:\/\/www.swiftcupeurope.com\/en\/2018\/uncategorized\/swift-cup-europe-adria-raceway-2017-julius-27-29\/","url":"https:\/\/www.swiftcupeurope.com\/en\/2018\/uncategorized\/swift-cup-europe-adria-raceway-2017-julius-27-29\/","name":"SWIFT CUP EUROPE Adria Raceway - 2017. j\u00falius 27 \u2013 29. - FIA Swift Cup Europe","isPartOf":{"@id":"https:\/\/www.swiftcupeurope.com\/#website"},"datePublished":"2018-03-12T14:19:47+00:00","dateModified":"2018-03-12T14:19:47+00:00","breadcrumb":{"@id":"https:\/\/www.swiftcupeurope.com\/en\/2018\/uncategorized\/swift-cup-europe-adria-raceway-2017-julius-27-29\/#breadcrumb"},"inLanguage":"en-US","potentialAction":[{"@type":"ReadAction","target":["https:\/\/www.swiftcupeurope.com\/en\/2018\/uncategorized\/swift-cup-europe-adria-raceway-2017-julius-27-29\/"]}]},{"@type":"BreadcrumbList","@id":"https:\/\/www.swiftcupeurope.com\/en\/2018\/uncategorized\/swift-cup-europe-adria-raceway-2017-julius-27-29\/#breadcrumb","itemListElement":[{"@type":"ListItem","position":1,"name":"Kezd\u0151lap","item":"https:\/\/www.swiftcupeurope.com\/"},{"@type":"ListItem","position":2,"name":"SWIFT CUP EUROPE Adria Raceway &#8211; 2017. j\u00falius 27 \u2013 29."}]},{"@type":"WebSite","@id":"https:\/\/www.swiftcupeurope.com\/#website","url":"https:\/\/www.swiftcupeurope.com\/","name":"FIA Swift Cup Europe","description":"FIA Swift Cup Europe \/ Official Website","publisher":{"@id":"https:\/\/www.swiftcupeurope.com\/#organization"},"potentialAction":[{"@type":"SearchAction","target":{"@type":"EntryPoint","urlTemplate":"https:\/\/www.swiftcupeurope.com\/?s={search_term_string}"},"query-input":"required name=search_term_string"}],"inLanguage":"en-US"},{"@type":"Organization","@id":"https:\/\/www.swiftcupeurope.com\/#organization","name":"FIA Swift Cup Europe","url":"https:\/\/www.swiftcupeurope.com\/","logo":{"@type":"ImageObject","inLanguage":"en-US","@id":"https:\/\/www.swiftcupeurope.com\/#\/schema\/logo\/image\/","url":"https:\/\/www.swiftcupeurope.com\/wp-content\/uploads\/2021\/04\/cropped-sce_logo_2021inv.png","contentUrl":"https:\/\/www.swiftcupeurope.com\/wp-content\/uploads\/2021\/04\/cropped-sce_logo_2021inv.png","width":600,"height":120,"caption":"FIA Swift Cup Europe"},"image":{"@id":"https:\/\/www.swiftcupeurope.com\/#\/schema\/logo\/image\/"}},{"@type":"Person","@id":"https:\/\/www.swiftcupeurope.com\/#\/schema\/person\/03cb2427aeeeeac4a49a03160d04e8fe","name":"swiftcupeurope","url":"https:\/\/www.swiftcupeurope.com\/en\/author\/swiftcupeurope\/"}]}},"_links":{"self":[{"href":"https:\/\/www.swiftcupeurope.com\/en\/wp-json\/wp\/v2\/posts\/4721"}],"collection":[{"href":"https:\/\/www.swiftcupeurope.com\/en\/wp-json\/wp\/v2\/posts"}],"about":[{"href":"https:\/\/www.swiftcupeurope.com\/en\/wp-json\/wp\/v2\/types\/post"}],"author":[{"embeddable":true,"href":"https:\/\/www.swiftcupeurope.com\/en\/wp-json\/wp\/v2\/users\/2"}],"replies":[{"embeddable":true,"href":"https:\/\/www.swiftcupeurope.com\/en\/wp-json\/wp\/v2\/comments?post=4721"}],"version-history":[{"count":0,"href":"https:\/\/www.swiftcupeurope.com\/en\/wp-json\/wp\/v2\/posts\/4721\/revisions"}],"wp:featuredmedia":[{"embeddable":true,"href":"https:\/\/www.swiftcupeurope.com\/en\/wp-json\/wp\/v2\/media\/4725"}],"wp:attachment":[{"href":"https:\/\/www.swiftcupeurope.com\/en\/wp-json\/wp\/v2\/media?parent=4721"}],"wp:term":[{"taxonomy":"category","embeddable":true,"href":"https:\/\/www.swiftcupeurope.com\/en\/wp-json\/wp\/v2\/categories?post=4721"},{"taxonomy":"post_tag","embeddable":true,"href":"https:\/\/www.swiftcupeurope.com\/en\/wp-json\/wp\/v2\/tags?post=4721"}],"curies":[{"name":"wp","href":"https:\/\/api.w.org\/{rel}","templated":true}]}}