{"id":4715,"date":"2018-03-12T14:00:48","date_gmt":"2018-03-12T14:00:48","guid":{"rendered":"http:\/\/swiftcupeurope.com\/?p=4715"},"modified":"2018-03-12T14:00:48","modified_gmt":"2018-03-12T14:00:48","slug":"swift-cup-europe-slovakiaring-2017-julius-15-17","status":"publish","type":"post","link":"https:\/\/www.swiftcupeurope.com\/en\/2018\/uncategorized\/swift-cup-europe-slovakiaring-2017-julius-15-17\/","title":{"rendered":"SWIFT CUP EUROPE  SLOVAKIARING &#8211; 2017. j\u00falius 15-17."},"content":{"rendered":"<figure id=\"attachment_4717\" aria-describedby=\"caption-attachment-4717\" style=\"width: 299px\" class=\"wp-caption alignleft\"><img fetchpriority=\"high\" decoding=\"async\" class=\"wp-image-4717\" src=\"http:\/\/swiftcupeurope.com\/wp-content\/uploads\/2018\/03\/IMG_2149-300x225.jpg\" alt=\"\" width=\"299\" height=\"224\" \/><figcaption id=\"caption-attachment-4717\" class=\"wp-caption-text\">id\u0151m\u00e9r\u0151 edz\u00e9s<\/figcaption><\/figure>\n<p style=\"font-weight: 400; text-align: left;\">A <strong>SWIFT CUP EUROPE<\/strong> a Slovakiaringen ism\u00e9t a<strong> European Truck Racing bet\u00e9tfutamak\u00e9nt<\/strong> \u00e1llt fel a rajtr\u00e1csra.<strong>\u00a0<\/strong>A kupa fejl\u0151d\u00e9s\u00e9t remek\u00fcl p\u00e9ld\u00e1zza, hogy a megn\u00f6vekedett mez\u0151nyh\u00f6z, sz\u00e1mos gyakorlott pil\u00f3ta csatlakozott, \u00e1m voltak, akik kezd\u0151k\u00e9nt indultak neki a szlov\u00e1kiai versenyh\u00e9tv\u00e9g\u00e9nek. <strong>A<\/strong> <strong>salzburgi versenyh\u00e9tv\u00e9g\u00e9n utolj\u00e1ra \u00e1lltak rajtr\u00e1csra az 1.3-as kateg\u00f3ria aut\u00f3i.<\/strong> A Slovakiaringen el\u0151sz\u00f6r <strong>minden aut\u00f3 1.6-os kateg\u00f3ri\u00e1j\u00fa volt<\/strong>, ez\u00e9rt a legfiatalabb pil\u00f3t\u00e1ink\u00e9rt izgulhattunk.<\/p>\n<p style=\"font-weight: 400;\">Az id\u0151m\u00e9r\u0151 els\u0151 fel\u00e9nek els\u0151 10 helyezettje a <strong>Super Pole<\/strong>-on m\u00e9rhette \u00f6ssze tud\u00e1s\u00e1t, ahol az egy m\u00e9rt k\u00f6r eredm\u00e9nye alapj\u00e1n alakult ki a rajtsorrend. <strong>A Super Pole-n legjobb id\u0151t Moln\u00e1r Bendeg\u00faz futotta<\/strong>, m\u00f6g\u00f6tte <strong>Marcel Krailler<\/strong> \u00e9s a tavalyi bajnok, <strong>Cs\u00edk J\u00e1nos<\/strong> futott be. \u00cdgy kialakult az els\u0151 futam rajtr\u00e1csa.<\/p>\n<figure id=\"attachment_4716\" aria-describedby=\"caption-attachment-4716\" style=\"width: 259px\" class=\"wp-caption alignright\"><img decoding=\"async\" class=\"wp-image-4716\" src=\"http:\/\/swiftcupeurope.com\/wp-content\/uploads\/2018\/03\/IMG_2145-300x225.jpg\" alt=\"\" width=\"259\" height=\"194\" \/><figcaption id=\"caption-attachment-4716\" class=\"wp-caption-text\">A csapat<\/figcaption><\/figure>\n<p style=\"font-weight: 400;\"><strong>Az els\u0151 futamot Moln\u00e1r Bendeg\u00faz nyerte<\/strong>, m\u00f6g\u00f6tte <strong>Cs\u00edk J\u00e1nos<\/strong> \u00e9s <strong>Balogh Zolt\u00e1n<\/strong> v\u00e9gzett. A m\u00e1sodik futamon, hatalmas csat\u00e1k ut\u00e1n ism\u00e9t Moln\u00e1r Bendeg\u00faz \u00e9rt c\u00e9lba, Cs\u00edk J\u00e1nos \u00e9s Balogh Bence el\u0151tt.<\/p>\n<p>&nbsp;<\/p>\n<p>&nbsp;<\/p>\n<p><iframe title=\"Swift Cup Europe 2017\/3 Slovakiaring\" width=\"800\" height=\"450\" src=\"https:\/\/www.youtube.com\/embed\/kPeUwHYff7Y?feature=oembed\" frameborder=\"0\" allow=\"accelerometer; autoplay; clipboard-write; encrypted-media; gyroscope; picture-in-picture\" allowfullscreen><\/iframe><\/p>","protected":false},"excerpt":{"rendered":"<p>A SWIFT CUP EUROPE a Slovakiaringen ism\u00e9t a European Truck Racing bet\u00e9tfutamak\u00e9nt \u00e1llt fel a rajtr\u00e1csra.\u00a0A kupa fejl\u0151d\u00e9s\u00e9t remek\u00fcl p\u00e9ld\u00e1zza, hogy a megn\u00f6vekedett mez\u0151nyh\u00f6z, sz\u00e1mos gyakorlott pil\u00f3ta csatlakozott, \u00e1m voltak, akik kezd\u0151k\u00e9nt indultak neki a szlov\u00e1kiai versenyh\u00e9tv\u00e9g\u00e9nek. A salzburgi versenyh\u00e9tv\u00e9g\u00e9n utolj\u00e1ra \u00e1lltak rajtr\u00e1csra az 1.3-as kateg\u00f3ria aut\u00f3i. A Slovakiaringen el\u0151sz\u00f6r minden aut\u00f3 1.6-os kateg\u00f3ri\u00e1j\u00fa volt, [&hellip;]<\/p>","protected":false},"author":2,"featured_media":4718,"comment_status":"open","ping_status":"open","sticky":false,"template":"","format":"standard","meta":{"footnotes":""},"categories":[1],"tags":[],"yoast_head":"<!-- This site is optimized with the Yoast SEO Premium plugin v21.1 (Yoast SEO v21.7) - https:\/\/yoast.com\/wordpress\/plugins\/seo\/ -->\n<title>SWIFT CUP EUROPE SLOVAKIARING - 2017. j\u00falius 15-17. - FIA Swift Cup Europe<\/title>\n<meta name=\"robots\" content=\"index, follow, max-snippet:-1, max-image-preview:large, max-video-preview:-1\" \/>\n<link rel=\"canonical\" href=\"https:\/\/www.swiftcupeurope.com\/en\/2018\/uncategorized\/swift-cup-europe-slovakiaring-2017-julius-15-17\/\" \/>\n<meta property=\"og:locale\" content=\"en_US\" \/>\n<meta property=\"og:type\" content=\"article\" \/>\n<meta property=\"og:title\" content=\"SWIFT CUP EUROPE SLOVAKIARING - 2017. j\u00falius 15-17.\" \/>\n<meta property=\"og:description\" content=\"A SWIFT CUP EUROPE a Slovakiaringen ism\u00e9t a European Truck Racing bet\u00e9tfutamak\u00e9nt \u00e1llt fel a rajtr\u00e1csra.\u00a0A kupa fejl\u0151d\u00e9s\u00e9t remek\u00fcl p\u00e9ld\u00e1zza, hogy a megn\u00f6vekedett mez\u0151nyh\u00f6z, sz\u00e1mos gyakorlott pil\u00f3ta csatlakozott, \u00e1m voltak, akik kezd\u0151k\u00e9nt indultak neki a szlov\u00e1kiai versenyh\u00e9tv\u00e9g\u00e9nek. A salzburgi versenyh\u00e9tv\u00e9g\u00e9n utolj\u00e1ra \u00e1lltak rajtr\u00e1csra az 1.3-as kateg\u00f3ria aut\u00f3i. A Slovakiaringen el\u0151sz\u00f6r minden aut\u00f3 1.6-os kateg\u00f3ri\u00e1j\u00fa volt, [&hellip;]\" \/>\n<meta property=\"og:url\" content=\"https:\/\/www.swiftcupeurope.com\/en\/2018\/uncategorized\/swift-cup-europe-slovakiaring-2017-julius-15-17\/\" \/>\n<meta property=\"og:site_name\" content=\"FIA Swift Cup Europe\" \/>\n<meta property=\"article:published_time\" content=\"2018-03-12T14:00:48+00:00\" \/>\n<meta property=\"og:image\" content=\"https:\/\/www.swiftcupeurope.com\/wp-content\/uploads\/2018\/03\/IMG_2173-1030x773.jpg\" \/>\n\t<meta property=\"og:image:width\" content=\"1030\" \/>\n\t<meta property=\"og:image:height\" content=\"773\" \/>\n\t<meta property=\"og:image:type\" content=\"image\/jpeg\" \/>\n<meta name=\"author\" content=\"swiftcupeurope\" \/>\n<meta name=\"twitter:card\" content=\"summary_large_image\" \/>\n<meta name=\"twitter:label1\" content=\"Written by\" \/>\n\t<meta name=\"twitter:data1\" content=\"swiftcupeurope\" \/>\n\t<meta name=\"twitter:label2\" content=\"Est. reading time\" \/>\n\t<meta name=\"twitter:data2\" content=\"1 minute\" \/>\n<script type=\"application\/ld+json\" class=\"yoast-schema-graph\">{\"@context\":\"https:\/\/schema.org\",\"@graph\":[{\"@type\":\"Article\",\"@id\":\"https:\/\/www.swiftcupeurope.com\/en\/2018\/uncategorized\/swift-cup-europe-slovakiaring-2017-julius-15-17\/#article\",\"isPartOf\":{\"@id\":\"https:\/\/www.swiftcupeurope.com\/en\/2018\/uncategorized\/swift-cup-europe-slovakiaring-2017-julius-15-17\/\"},\"author\":{\"name\":\"swiftcupeurope\",\"@id\":\"https:\/\/www.swiftcupeurope.com\/#\/schema\/person\/03cb2427aeeeeac4a49a03160d04e8fe\"},\"headline\":\"SWIFT CUP EUROPE SLOVAKIARING &#8211; 2017. j\u00falius 15-17.\",\"datePublished\":\"2018-03-12T14:00:48+00:00\",\"dateModified\":\"2018-03-12T14:00:48+00:00\",\"mainEntityOfPage\":{\"@id\":\"https:\/\/www.swiftcupeurope.com\/en\/2018\/uncategorized\/swift-cup-europe-slovakiaring-2017-julius-15-17\/\"},\"wordCount\":247,\"commentCount\":0,\"publisher\":{\"@id\":\"https:\/\/www.swiftcupeurope.com\/#organization\"},\"inLanguage\":\"en-US\",\"potentialAction\":[{\"@type\":\"CommentAction\",\"name\":\"Comment\",\"target\":[\"https:\/\/www.swiftcupeurope.com\/en\/2018\/uncategorized\/swift-cup-europe-slovakiaring-2017-julius-15-17\/#respond\"]}]},{\"@type\":\"WebPage\",\"@id\":\"https:\/\/www.swiftcupeurope.com\/en\/2018\/uncategorized\/swift-cup-europe-slovakiaring-2017-julius-15-17\/\",\"url\":\"https:\/\/www.swiftcupeurope.com\/en\/2018\/uncategorized\/swift-cup-europe-slovakiaring-2017-julius-15-17\/\",\"name\":\"SWIFT CUP EUROPE SLOVAKIARING - 2017. j\u00falius 15-17. - FIA Swift Cup Europe\",\"isPartOf\":{\"@id\":\"https:\/\/www.swiftcupeurope.com\/#website\"},\"datePublished\":\"2018-03-12T14:00:48+00:00\",\"dateModified\":\"2018-03-12T14:00:48+00:00\",\"breadcrumb\":{\"@id\":\"https:\/\/www.swiftcupeurope.com\/en\/2018\/uncategorized\/swift-cup-europe-slovakiaring-2017-julius-15-17\/#breadcrumb\"},\"inLanguage\":\"en-US\",\"potentialAction\":[{\"@type\":\"ReadAction\",\"target\":[\"https:\/\/www.swiftcupeurope.com\/en\/2018\/uncategorized\/swift-cup-europe-slovakiaring-2017-julius-15-17\/\"]}]},{\"@type\":\"BreadcrumbList\",\"@id\":\"https:\/\/www.swiftcupeurope.com\/en\/2018\/uncategorized\/swift-cup-europe-slovakiaring-2017-julius-15-17\/#breadcrumb\",\"itemListElement\":[{\"@type\":\"ListItem\",\"position\":1,\"name\":\"Kezd\u0151lap\",\"item\":\"https:\/\/www.swiftcupeurope.com\/\"},{\"@type\":\"ListItem\",\"position\":2,\"name\":\"SWIFT CUP EUROPE SLOVAKIARING &#8211; 2017. j\u00falius 15-17.\"}]},{\"@type\":\"WebSite\",\"@id\":\"https:\/\/www.swiftcupeurope.com\/#website\",\"url\":\"https:\/\/www.swiftcupeurope.com\/\",\"name\":\"FIA Swift Cup Europe\",\"description\":\"FIA Swift Cup Europe \/ Official Website\",\"publisher\":{\"@id\":\"https:\/\/www.swiftcupeurope.com\/#organization\"},\"potentialAction\":[{\"@type\":\"SearchAction\",\"target\":{\"@type\":\"EntryPoint\",\"urlTemplate\":\"https:\/\/www.swiftcupeurope.com\/?s={search_term_string}\"},\"query-input\":\"required name=search_term_string\"}],\"inLanguage\":\"en-US\"},{\"@type\":\"Organization\",\"@id\":\"https:\/\/www.swiftcupeurope.com\/#organization\",\"name\":\"FIA Swift Cup Europe\",\"url\":\"https:\/\/www.swiftcupeurope.com\/\",\"logo\":{\"@type\":\"ImageObject\",\"inLanguage\":\"en-US\",\"@id\":\"https:\/\/www.swiftcupeurope.com\/#\/schema\/logo\/image\/\",\"url\":\"https:\/\/www.swiftcupeurope.com\/wp-content\/uploads\/2021\/04\/cropped-sce_logo_2021inv.png\",\"contentUrl\":\"https:\/\/www.swiftcupeurope.com\/wp-content\/uploads\/2021\/04\/cropped-sce_logo_2021inv.png\",\"width\":600,\"height\":120,\"caption\":\"FIA Swift Cup Europe\"},\"image\":{\"@id\":\"https:\/\/www.swiftcupeurope.com\/#\/schema\/logo\/image\/\"}},{\"@type\":\"Person\",\"@id\":\"https:\/\/www.swiftcupeurope.com\/#\/schema\/person\/03cb2427aeeeeac4a49a03160d04e8fe\",\"name\":\"swiftcupeurope\",\"url\":\"https:\/\/www.swiftcupeurope.com\/en\/author\/swiftcupeurope\/\"}]}<\/script>\n<!-- \/ Yoast SEO Premium plugin. -->","yoast_head_json":{"title":"SWIFT CUP EUROPE SLOVAKIARING - 2017. j\u00falius 15-17. - FIA Swift Cup Europe","robots":{"index":"index","follow":"follow","max-snippet":"max-snippet:-1","max-image-preview":"max-image-preview:large","max-video-preview":"max-video-preview:-1"},"canonical":"https:\/\/www.swiftcupeurope.com\/en\/2018\/uncategorized\/swift-cup-europe-slovakiaring-2017-julius-15-17\/","og_locale":"en_US","og_type":"article","og_title":"SWIFT CUP EUROPE SLOVAKIARING - 2017. j\u00falius 15-17.","og_description":"A SWIFT CUP EUROPE a Slovakiaringen ism\u00e9t a European Truck Racing bet\u00e9tfutamak\u00e9nt \u00e1llt fel a rajtr\u00e1csra.\u00a0A kupa fejl\u0151d\u00e9s\u00e9t remek\u00fcl p\u00e9ld\u00e1zza, hogy a megn\u00f6vekedett mez\u0151nyh\u00f6z, sz\u00e1mos gyakorlott pil\u00f3ta csatlakozott, \u00e1m voltak, akik kezd\u0151k\u00e9nt indultak neki a szlov\u00e1kiai versenyh\u00e9tv\u00e9g\u00e9nek. A salzburgi versenyh\u00e9tv\u00e9g\u00e9n utolj\u00e1ra \u00e1lltak rajtr\u00e1csra az 1.3-as kateg\u00f3ria aut\u00f3i. A Slovakiaringen el\u0151sz\u00f6r minden aut\u00f3 1.6-os kateg\u00f3ri\u00e1j\u00fa volt, [&hellip;]","og_url":"https:\/\/www.swiftcupeurope.com\/en\/2018\/uncategorized\/swift-cup-europe-slovakiaring-2017-julius-15-17\/","og_site_name":"FIA Swift Cup Europe","article_published_time":"2018-03-12T14:00:48+00:00","og_image":[{"width":1030,"height":773,"url":"https:\/\/www.swiftcupeurope.com\/wp-content\/uploads\/2018\/03\/IMG_2173-1030x773.jpg","type":"image\/jpeg"}],"author":"swiftcupeurope","twitter_card":"summary_large_image","twitter_misc":{"Written by":"swiftcupeurope","Est. reading time":"1 minute"},"schema":{"@context":"https:\/\/schema.org","@graph":[{"@type":"Article","@id":"https:\/\/www.swiftcupeurope.com\/en\/2018\/uncategorized\/swift-cup-europe-slovakiaring-2017-julius-15-17\/#article","isPartOf":{"@id":"https:\/\/www.swiftcupeurope.com\/en\/2018\/uncategorized\/swift-cup-europe-slovakiaring-2017-julius-15-17\/"},"author":{"name":"swiftcupeurope","@id":"https:\/\/www.swiftcupeurope.com\/#\/schema\/person\/03cb2427aeeeeac4a49a03160d04e8fe"},"headline":"SWIFT CUP EUROPE SLOVAKIARING &#8211; 2017. j\u00falius 15-17.","datePublished":"2018-03-12T14:00:48+00:00","dateModified":"2018-03-12T14:00:48+00:00","mainEntityOfPage":{"@id":"https:\/\/www.swiftcupeurope.com\/en\/2018\/uncategorized\/swift-cup-europe-slovakiaring-2017-julius-15-17\/"},"wordCount":247,"commentCount":0,"publisher":{"@id":"https:\/\/www.swiftcupeurope.com\/#organization"},"inLanguage":"en-US","potentialAction":[{"@type":"CommentAction","name":"Comment","target":["https:\/\/www.swiftcupeurope.com\/en\/2018\/uncategorized\/swift-cup-europe-slovakiaring-2017-julius-15-17\/#respond"]}]},{"@type":"WebPage","@id":"https:\/\/www.swiftcupeurope.com\/en\/2018\/uncategorized\/swift-cup-europe-slovakiaring-2017-julius-15-17\/","url":"https:\/\/www.swiftcupeurope.com\/en\/2018\/uncategorized\/swift-cup-europe-slovakiaring-2017-julius-15-17\/","name":"SWIFT CUP EUROPE SLOVAKIARING - 2017. j\u00falius 15-17. - FIA Swift Cup Europe","isPartOf":{"@id":"https:\/\/www.swiftcupeurope.com\/#website"},"datePublished":"2018-03-12T14:00:48+00:00","dateModified":"2018-03-12T14:00:48+00:00","breadcrumb":{"@id":"https:\/\/www.swiftcupeurope.com\/en\/2018\/uncategorized\/swift-cup-europe-slovakiaring-2017-julius-15-17\/#breadcrumb"},"inLanguage":"en-US","potentialAction":[{"@type":"ReadAction","target":["https:\/\/www.swiftcupeurope.com\/en\/2018\/uncategorized\/swift-cup-europe-slovakiaring-2017-julius-15-17\/"]}]},{"@type":"BreadcrumbList","@id":"https:\/\/www.swiftcupeurope.com\/en\/2018\/uncategorized\/swift-cup-europe-slovakiaring-2017-julius-15-17\/#breadcrumb","itemListElement":[{"@type":"ListItem","position":1,"name":"Kezd\u0151lap","item":"https:\/\/www.swiftcupeurope.com\/"},{"@type":"ListItem","position":2,"name":"SWIFT CUP EUROPE SLOVAKIARING &#8211; 2017. j\u00falius 15-17."}]},{"@type":"WebSite","@id":"https:\/\/www.swiftcupeurope.com\/#website","url":"https:\/\/www.swiftcupeurope.com\/","name":"FIA Swift Cup Europe","description":"FIA Swift Cup Europe \/ Official Website","publisher":{"@id":"https:\/\/www.swiftcupeurope.com\/#organization"},"potentialAction":[{"@type":"SearchAction","target":{"@type":"EntryPoint","urlTemplate":"https:\/\/www.swiftcupeurope.com\/?s={search_term_string}"},"query-input":"required name=search_term_string"}],"inLanguage":"en-US"},{"@type":"Organization","@id":"https:\/\/www.swiftcupeurope.com\/#organization","name":"FIA Swift Cup Europe","url":"https:\/\/www.swiftcupeurope.com\/","logo":{"@type":"ImageObject","inLanguage":"en-US","@id":"https:\/\/www.swiftcupeurope.com\/#\/schema\/logo\/image\/","url":"https:\/\/www.swiftcupeurope.com\/wp-content\/uploads\/2021\/04\/cropped-sce_logo_2021inv.png","contentUrl":"https:\/\/www.swiftcupeurope.com\/wp-content\/uploads\/2021\/04\/cropped-sce_logo_2021inv.png","width":600,"height":120,"caption":"FIA Swift Cup Europe"},"image":{"@id":"https:\/\/www.swiftcupeurope.com\/#\/schema\/logo\/image\/"}},{"@type":"Person","@id":"https:\/\/www.swiftcupeurope.com\/#\/schema\/person\/03cb2427aeeeeac4a49a03160d04e8fe","name":"swiftcupeurope","url":"https:\/\/www.swiftcupeurope.com\/en\/author\/swiftcupeurope\/"}]}},"_links":{"self":[{"href":"https:\/\/www.swiftcupeurope.com\/en\/wp-json\/wp\/v2\/posts\/4715"}],"collection":[{"href":"https:\/\/www.swiftcupeurope.com\/en\/wp-json\/wp\/v2\/posts"}],"about":[{"href":"https:\/\/www.swiftcupeurope.com\/en\/wp-json\/wp\/v2\/types\/post"}],"author":[{"embeddable":true,"href":"https:\/\/www.swiftcupeurope.com\/en\/wp-json\/wp\/v2\/users\/2"}],"replies":[{"embeddable":true,"href":"https:\/\/www.swiftcupeurope.com\/en\/wp-json\/wp\/v2\/comments?post=4715"}],"version-history":[{"count":0,"href":"https:\/\/www.swiftcupeurope.com\/en\/wp-json\/wp\/v2\/posts\/4715\/revisions"}],"wp:featuredmedia":[{"embeddable":true,"href":"https:\/\/www.swiftcupeurope.com\/en\/wp-json\/wp\/v2\/media\/4718"}],"wp:attachment":[{"href":"https:\/\/www.swiftcupeurope.com\/en\/wp-json\/wp\/v2\/media?parent=4715"}],"wp:term":[{"taxonomy":"category","embeddable":true,"href":"https:\/\/www.swiftcupeurope.com\/en\/wp-json\/wp\/v2\/categories?post=4715"},{"taxonomy":"post_tag","embeddable":true,"href":"https:\/\/www.swiftcupeurope.com\/en\/wp-json\/wp\/v2\/tags?post=4715"}],"curies":[{"name":"wp","href":"https:\/\/api.w.org\/{rel}","templated":true}]}}