{"id":4703,"date":"2018-03-11T11:03:25","date_gmt":"2018-03-11T11:03:25","guid":{"rendered":"http:\/\/swiftcupeurope.com\/?p=4703"},"modified":"2018-03-11T11:03:25","modified_gmt":"2018-03-11T11:03:25","slug":"swift-cup-europe-2017-junius-9-11-salzburgring","status":"publish","type":"post","link":"https:\/\/www.swiftcupeurope.com\/en\/2018\/uncategorized\/swift-cup-europe-2017-junius-9-11-salzburgring\/","title":{"rendered":"SWIFT CUP EUROPE- 2017. j\u00fanius 9-11. &#8211; SALZBURGRING"},"content":{"rendered":"<figure id=\"attachment_4712\" aria-describedby=\"caption-attachment-4712\" style=\"width: 211px\" class=\"wp-caption alignright\"><img fetchpriority=\"high\" decoding=\"async\" class=\"wp-image-4712\" src=\"http:\/\/swiftcupeurope.com\/wp-content\/uploads\/2018\/03\/IMG_1634-225x300.jpg\" alt=\"\" width=\"211\" height=\"281\" \/><figcaption id=\"caption-attachment-4712\" class=\"wp-caption-text\">A dobog\u00f3sok<\/figcaption><\/figure>\n<p style=\"font-weight: 400;\">Ezen a h\u00e9tv\u00e9g\u00e9n a <strong>TCR Internationals bet\u00e9tfutamak\u00e9nt szerepelt a Swift Cup Europe.<\/strong> Es\u0151, naps\u00fct\u00e9s, balesetek, \u00e9s meglep\u0151 gy\u0151zelmek.\u00a0Az osztr\u00e1k id\u0151j\u00e1r\u00e1s id\u00e9n sem hazudtolta meg \u00f6nmag\u00e1t \u00edgy a versenyz\u0151knek hol heves, hol szemerk\u00e9l\u0151 es\u0151ben kellett versenyezni\u00fck az igencsak taktik\u00e1s p\u00e1ly\u00e1n. Az els\u0151 napra tervezett k\u00e9t d\u00e9lut\u00e1ni edz\u00e9sb\u0151l az egyik r\u00f6gt\u00f6n el is maradt a TCR egyik pil\u00f3t\u00e1j\u00e1nak buk\u00e1sa miatt. <strong>A szombaton megtartott id\u0151m\u00e9r\u0151n Balogh Zolt\u00e1n v\u00e9gzett az els\u0151 helyen<\/strong>, m\u00f6g\u00f6tte <strong>Marcel Krailler<\/strong>, osztr\u00e1k pil\u00f3ta, harmadik helyen pedig <strong>Moln\u00e1r Bendeg\u00faz<\/strong> v\u00e9gzett.<\/p>\n<p style=\"font-weight: 400;\">A d\u00e9lut\u00e1n megrendez\u00e9sre ker\u00fcl\u0151 els\u0151 futamot v\u00e9g\u00fcl a <strong>pole poz\u00edci\u00f3b\u00f3l indul\u00f3 Balogh Zolt\u00e1n nyerte, <\/strong>a m\u00e1sodik helyre <strong>Moln\u00e1r Bendeg\u00faz<\/strong>, harmadik helyen pedig<strong> Beny\u00f3 M\u00e1t\u00e9<\/strong> \u00e9rt be. A m\u00e1sodik futamot Balogh Zolt\u00e1n nyerte, m\u00e1sodik Marcel Krailler, harmadik Moln\u00e1r Bendeg\u00faz, negyedik pedig Beny\u00f3 M\u00e1t\u00e9 lett. Az utols\u00f3, harmadik futamot k\u00e9t osztr\u00e1k pil\u00f3ta balesete miatt piros z\u00e1szl\u00f3val leintett\u00e9k majd mivel a szalagkorl\u00e1t helyre\u00e1ll\u00edt\u00e1sa miatt nem maradt el\u00e9g id\u0151, sajnos t\u00f6r\u00f6lt\u00e9k.<\/p>\n<p><iframe title=\"Swift Cup Europe 2017\/2 Salzburgring\" width=\"800\" height=\"450\" src=\"https:\/\/www.youtube.com\/embed\/TprBt84Bvto?feature=oembed\" frameborder=\"0\" allow=\"accelerometer; autoplay; clipboard-write; encrypted-media; gyroscope; picture-in-picture\" allowfullscreen><\/iframe><\/p>\n<p style=\"font-weight: 400;\"><strong>\u00a0<\/strong><\/p>\n<p style=\"font-weight: 400;\">","protected":false},"excerpt":{"rendered":"<p>Ezen a h\u00e9tv\u00e9g\u00e9n a TCR Internationals bet\u00e9tfutamak\u00e9nt szerepelt a Swift Cup Europe. Es\u0151, naps\u00fct\u00e9s, balesetek, \u00e9s meglep\u0151 gy\u0151zelmek.\u00a0Az osztr\u00e1k id\u0151j\u00e1r\u00e1s id\u00e9n sem hazudtolta meg \u00f6nmag\u00e1t \u00edgy a versenyz\u0151knek hol heves, hol szemerk\u00e9l\u0151 es\u0151ben kellett versenyezni\u00fck az igencsak taktik\u00e1s p\u00e1ly\u00e1n. Az els\u0151 napra tervezett k\u00e9t d\u00e9lut\u00e1ni edz\u00e9sb\u0151l az egyik r\u00f6gt\u00f6n el is maradt a TCR egyik [&hellip;]<\/p>","protected":false},"author":2,"featured_media":4711,"comment_status":"open","ping_status":"open","sticky":false,"template":"","format":"standard","meta":{"footnotes":""},"categories":[1],"tags":[],"yoast_head":"<!-- This site is optimized with the Yoast SEO Premium plugin v21.1 (Yoast SEO v21.7) - https:\/\/yoast.com\/wordpress\/plugins\/seo\/ -->\n<title>SWIFT CUP EUROPE- 2017. j\u00fanius 9-11. - SALZBURGRING - FIA Swift Cup Europe<\/title>\n<meta name=\"robots\" content=\"index, follow, max-snippet:-1, max-image-preview:large, max-video-preview:-1\" \/>\n<link rel=\"canonical\" href=\"https:\/\/www.swiftcupeurope.com\/en\/2018\/uncategorized\/swift-cup-europe-2017-junius-9-11-salzburgring\/\" \/>\n<meta property=\"og:locale\" content=\"en_US\" \/>\n<meta property=\"og:type\" content=\"article\" \/>\n<meta property=\"og:title\" content=\"SWIFT CUP EUROPE- 2017. j\u00fanius 9-11. - SALZBURGRING\" \/>\n<meta property=\"og:description\" content=\"Ezen a h\u00e9tv\u00e9g\u00e9n a TCR Internationals bet\u00e9tfutamak\u00e9nt szerepelt a Swift Cup Europe. Es\u0151, naps\u00fct\u00e9s, balesetek, \u00e9s meglep\u0151 gy\u0151zelmek.\u00a0Az osztr\u00e1k id\u0151j\u00e1r\u00e1s id\u00e9n sem hazudtolta meg \u00f6nmag\u00e1t \u00edgy a versenyz\u0151knek hol heves, hol szemerk\u00e9l\u0151 es\u0151ben kellett versenyezni\u00fck az igencsak taktik\u00e1s p\u00e1ly\u00e1n. Az els\u0151 napra tervezett k\u00e9t d\u00e9lut\u00e1ni edz\u00e9sb\u0151l az egyik r\u00f6gt\u00f6n el is maradt a TCR egyik [&hellip;]\" \/>\n<meta property=\"og:url\" content=\"https:\/\/www.swiftcupeurope.com\/en\/2018\/uncategorized\/swift-cup-europe-2017-junius-9-11-salzburgring\/\" \/>\n<meta property=\"og:site_name\" content=\"FIA Swift Cup Europe\" \/>\n<meta property=\"article:published_time\" content=\"2018-03-11T11:03:25+00:00\" \/>\n<meta property=\"og:image\" content=\"https:\/\/www.swiftcupeurope.com\/wp-content\/uploads\/2018\/03\/IMG_1603.jpg\" \/>\n\t<meta property=\"og:image:width\" content=\"3264\" \/>\n\t<meta property=\"og:image:height\" content=\"2448\" \/>\n\t<meta property=\"og:image:type\" content=\"image\/jpeg\" \/>\n<meta name=\"author\" content=\"swiftcupeurope\" \/>\n<meta name=\"twitter:card\" content=\"summary_large_image\" \/>\n<meta name=\"twitter:label1\" content=\"Written by\" \/>\n\t<meta name=\"twitter:data1\" content=\"swiftcupeurope\" \/>\n\t<meta name=\"twitter:label2\" content=\"Est. reading time\" \/>\n\t<meta name=\"twitter:data2\" content=\"1 minute\" \/>\n<script type=\"application\/ld+json\" class=\"yoast-schema-graph\">{\"@context\":\"https:\/\/schema.org\",\"@graph\":[{\"@type\":\"Article\",\"@id\":\"https:\/\/www.swiftcupeurope.com\/en\/2018\/uncategorized\/swift-cup-europe-2017-junius-9-11-salzburgring\/#article\",\"isPartOf\":{\"@id\":\"https:\/\/www.swiftcupeurope.com\/en\/2018\/uncategorized\/swift-cup-europe-2017-junius-9-11-salzburgring\/\"},\"author\":{\"name\":\"swiftcupeurope\",\"@id\":\"https:\/\/www.swiftcupeurope.com\/#\/schema\/person\/03cb2427aeeeeac4a49a03160d04e8fe\"},\"headline\":\"SWIFT CUP EUROPE- 2017. j\u00fanius 9-11. &#8211; SALZBURGRING\",\"datePublished\":\"2018-03-11T11:03:25+00:00\",\"dateModified\":\"2018-03-11T11:03:25+00:00\",\"mainEntityOfPage\":{\"@id\":\"https:\/\/www.swiftcupeurope.com\/en\/2018\/uncategorized\/swift-cup-europe-2017-junius-9-11-salzburgring\/\"},\"wordCount\":248,\"commentCount\":0,\"publisher\":{\"@id\":\"https:\/\/www.swiftcupeurope.com\/#organization\"},\"inLanguage\":\"en-US\",\"potentialAction\":[{\"@type\":\"CommentAction\",\"name\":\"Comment\",\"target\":[\"https:\/\/www.swiftcupeurope.com\/en\/2018\/uncategorized\/swift-cup-europe-2017-junius-9-11-salzburgring\/#respond\"]}]},{\"@type\":\"WebPage\",\"@id\":\"https:\/\/www.swiftcupeurope.com\/en\/2018\/uncategorized\/swift-cup-europe-2017-junius-9-11-salzburgring\/\",\"url\":\"https:\/\/www.swiftcupeurope.com\/en\/2018\/uncategorized\/swift-cup-europe-2017-junius-9-11-salzburgring\/\",\"name\":\"SWIFT CUP EUROPE- 2017. j\u00fanius 9-11. - SALZBURGRING - FIA Swift Cup Europe\",\"isPartOf\":{\"@id\":\"https:\/\/www.swiftcupeurope.com\/#website\"},\"datePublished\":\"2018-03-11T11:03:25+00:00\",\"dateModified\":\"2018-03-11T11:03:25+00:00\",\"breadcrumb\":{\"@id\":\"https:\/\/www.swiftcupeurope.com\/en\/2018\/uncategorized\/swift-cup-europe-2017-junius-9-11-salzburgring\/#breadcrumb\"},\"inLanguage\":\"en-US\",\"potentialAction\":[{\"@type\":\"ReadAction\",\"target\":[\"https:\/\/www.swiftcupeurope.com\/en\/2018\/uncategorized\/swift-cup-europe-2017-junius-9-11-salzburgring\/\"]}]},{\"@type\":\"BreadcrumbList\",\"@id\":\"https:\/\/www.swiftcupeurope.com\/en\/2018\/uncategorized\/swift-cup-europe-2017-junius-9-11-salzburgring\/#breadcrumb\",\"itemListElement\":[{\"@type\":\"ListItem\",\"position\":1,\"name\":\"Kezd\u0151lap\",\"item\":\"https:\/\/www.swiftcupeurope.com\/\"},{\"@type\":\"ListItem\",\"position\":2,\"name\":\"SWIFT CUP EUROPE- 2017. j\u00fanius 9-11. &#8211; SALZBURGRING\"}]},{\"@type\":\"WebSite\",\"@id\":\"https:\/\/www.swiftcupeurope.com\/#website\",\"url\":\"https:\/\/www.swiftcupeurope.com\/\",\"name\":\"FIA Swift Cup Europe\",\"description\":\"FIA Swift Cup Europe \/ Official Website\",\"publisher\":{\"@id\":\"https:\/\/www.swiftcupeurope.com\/#organization\"},\"potentialAction\":[{\"@type\":\"SearchAction\",\"target\":{\"@type\":\"EntryPoint\",\"urlTemplate\":\"https:\/\/www.swiftcupeurope.com\/?s={search_term_string}\"},\"query-input\":\"required name=search_term_string\"}],\"inLanguage\":\"en-US\"},{\"@type\":\"Organization\",\"@id\":\"https:\/\/www.swiftcupeurope.com\/#organization\",\"name\":\"FIA Swift Cup Europe\",\"url\":\"https:\/\/www.swiftcupeurope.com\/\",\"logo\":{\"@type\":\"ImageObject\",\"inLanguage\":\"en-US\",\"@id\":\"https:\/\/www.swiftcupeurope.com\/#\/schema\/logo\/image\/\",\"url\":\"https:\/\/www.swiftcupeurope.com\/wp-content\/uploads\/2021\/04\/cropped-sce_logo_2021inv.png\",\"contentUrl\":\"https:\/\/www.swiftcupeurope.com\/wp-content\/uploads\/2021\/04\/cropped-sce_logo_2021inv.png\",\"width\":600,\"height\":120,\"caption\":\"FIA Swift Cup Europe\"},\"image\":{\"@id\":\"https:\/\/www.swiftcupeurope.com\/#\/schema\/logo\/image\/\"}},{\"@type\":\"Person\",\"@id\":\"https:\/\/www.swiftcupeurope.com\/#\/schema\/person\/03cb2427aeeeeac4a49a03160d04e8fe\",\"name\":\"swiftcupeurope\",\"url\":\"https:\/\/www.swiftcupeurope.com\/en\/author\/swiftcupeurope\/\"}]}<\/script>\n<!-- \/ Yoast SEO Premium plugin. -->","yoast_head_json":{"title":"SWIFT CUP EUROPE- 2017. j\u00fanius 9-11. - SALZBURGRING - FIA Swift Cup Europe","robots":{"index":"index","follow":"follow","max-snippet":"max-snippet:-1","max-image-preview":"max-image-preview:large","max-video-preview":"max-video-preview:-1"},"canonical":"https:\/\/www.swiftcupeurope.com\/en\/2018\/uncategorized\/swift-cup-europe-2017-junius-9-11-salzburgring\/","og_locale":"en_US","og_type":"article","og_title":"SWIFT CUP EUROPE- 2017. j\u00fanius 9-11. - SALZBURGRING","og_description":"Ezen a h\u00e9tv\u00e9g\u00e9n a TCR Internationals bet\u00e9tfutamak\u00e9nt szerepelt a Swift Cup Europe. Es\u0151, naps\u00fct\u00e9s, balesetek, \u00e9s meglep\u0151 gy\u0151zelmek.\u00a0Az osztr\u00e1k id\u0151j\u00e1r\u00e1s id\u00e9n sem hazudtolta meg \u00f6nmag\u00e1t \u00edgy a versenyz\u0151knek hol heves, hol szemerk\u00e9l\u0151 es\u0151ben kellett versenyezni\u00fck az igencsak taktik\u00e1s p\u00e1ly\u00e1n. Az els\u0151 napra tervezett k\u00e9t d\u00e9lut\u00e1ni edz\u00e9sb\u0151l az egyik r\u00f6gt\u00f6n el is maradt a TCR egyik [&hellip;]","og_url":"https:\/\/www.swiftcupeurope.com\/en\/2018\/uncategorized\/swift-cup-europe-2017-junius-9-11-salzburgring\/","og_site_name":"FIA Swift Cup Europe","article_published_time":"2018-03-11T11:03:25+00:00","og_image":[{"width":3264,"height":2448,"url":"https:\/\/www.swiftcupeurope.com\/wp-content\/uploads\/2018\/03\/IMG_1603.jpg","type":"image\/jpeg"}],"author":"swiftcupeurope","twitter_card":"summary_large_image","twitter_misc":{"Written by":"swiftcupeurope","Est. reading time":"1 minute"},"schema":{"@context":"https:\/\/schema.org","@graph":[{"@type":"Article","@id":"https:\/\/www.swiftcupeurope.com\/en\/2018\/uncategorized\/swift-cup-europe-2017-junius-9-11-salzburgring\/#article","isPartOf":{"@id":"https:\/\/www.swiftcupeurope.com\/en\/2018\/uncategorized\/swift-cup-europe-2017-junius-9-11-salzburgring\/"},"author":{"name":"swiftcupeurope","@id":"https:\/\/www.swiftcupeurope.com\/#\/schema\/person\/03cb2427aeeeeac4a49a03160d04e8fe"},"headline":"SWIFT CUP EUROPE- 2017. j\u00fanius 9-11. &#8211; SALZBURGRING","datePublished":"2018-03-11T11:03:25+00:00","dateModified":"2018-03-11T11:03:25+00:00","mainEntityOfPage":{"@id":"https:\/\/www.swiftcupeurope.com\/en\/2018\/uncategorized\/swift-cup-europe-2017-junius-9-11-salzburgring\/"},"wordCount":248,"commentCount":0,"publisher":{"@id":"https:\/\/www.swiftcupeurope.com\/#organization"},"inLanguage":"en-US","potentialAction":[{"@type":"CommentAction","name":"Comment","target":["https:\/\/www.swiftcupeurope.com\/en\/2018\/uncategorized\/swift-cup-europe-2017-junius-9-11-salzburgring\/#respond"]}]},{"@type":"WebPage","@id":"https:\/\/www.swiftcupeurope.com\/en\/2018\/uncategorized\/swift-cup-europe-2017-junius-9-11-salzburgring\/","url":"https:\/\/www.swiftcupeurope.com\/en\/2018\/uncategorized\/swift-cup-europe-2017-junius-9-11-salzburgring\/","name":"SWIFT CUP EUROPE- 2017. j\u00fanius 9-11. - SALZBURGRING - FIA Swift Cup Europe","isPartOf":{"@id":"https:\/\/www.swiftcupeurope.com\/#website"},"datePublished":"2018-03-11T11:03:25+00:00","dateModified":"2018-03-11T11:03:25+00:00","breadcrumb":{"@id":"https:\/\/www.swiftcupeurope.com\/en\/2018\/uncategorized\/swift-cup-europe-2017-junius-9-11-salzburgring\/#breadcrumb"},"inLanguage":"en-US","potentialAction":[{"@type":"ReadAction","target":["https:\/\/www.swiftcupeurope.com\/en\/2018\/uncategorized\/swift-cup-europe-2017-junius-9-11-salzburgring\/"]}]},{"@type":"BreadcrumbList","@id":"https:\/\/www.swiftcupeurope.com\/en\/2018\/uncategorized\/swift-cup-europe-2017-junius-9-11-salzburgring\/#breadcrumb","itemListElement":[{"@type":"ListItem","position":1,"name":"Kezd\u0151lap","item":"https:\/\/www.swiftcupeurope.com\/"},{"@type":"ListItem","position":2,"name":"SWIFT CUP EUROPE- 2017. j\u00fanius 9-11. &#8211; SALZBURGRING"}]},{"@type":"WebSite","@id":"https:\/\/www.swiftcupeurope.com\/#website","url":"https:\/\/www.swiftcupeurope.com\/","name":"FIA Swift Cup Europe","description":"FIA Swift Cup Europe \/ Official Website","publisher":{"@id":"https:\/\/www.swiftcupeurope.com\/#organization"},"potentialAction":[{"@type":"SearchAction","target":{"@type":"EntryPoint","urlTemplate":"https:\/\/www.swiftcupeurope.com\/?s={search_term_string}"},"query-input":"required name=search_term_string"}],"inLanguage":"en-US"},{"@type":"Organization","@id":"https:\/\/www.swiftcupeurope.com\/#organization","name":"FIA Swift Cup Europe","url":"https:\/\/www.swiftcupeurope.com\/","logo":{"@type":"ImageObject","inLanguage":"en-US","@id":"https:\/\/www.swiftcupeurope.com\/#\/schema\/logo\/image\/","url":"https:\/\/www.swiftcupeurope.com\/wp-content\/uploads\/2021\/04\/cropped-sce_logo_2021inv.png","contentUrl":"https:\/\/www.swiftcupeurope.com\/wp-content\/uploads\/2021\/04\/cropped-sce_logo_2021inv.png","width":600,"height":120,"caption":"FIA Swift Cup Europe"},"image":{"@id":"https:\/\/www.swiftcupeurope.com\/#\/schema\/logo\/image\/"}},{"@type":"Person","@id":"https:\/\/www.swiftcupeurope.com\/#\/schema\/person\/03cb2427aeeeeac4a49a03160d04e8fe","name":"swiftcupeurope","url":"https:\/\/www.swiftcupeurope.com\/en\/author\/swiftcupeurope\/"}]}},"_links":{"self":[{"href":"https:\/\/www.swiftcupeurope.com\/en\/wp-json\/wp\/v2\/posts\/4703"}],"collection":[{"href":"https:\/\/www.swiftcupeurope.com\/en\/wp-json\/wp\/v2\/posts"}],"about":[{"href":"https:\/\/www.swiftcupeurope.com\/en\/wp-json\/wp\/v2\/types\/post"}],"author":[{"embeddable":true,"href":"https:\/\/www.swiftcupeurope.com\/en\/wp-json\/wp\/v2\/users\/2"}],"replies":[{"embeddable":true,"href":"https:\/\/www.swiftcupeurope.com\/en\/wp-json\/wp\/v2\/comments?post=4703"}],"version-history":[{"count":0,"href":"https:\/\/www.swiftcupeurope.com\/en\/wp-json\/wp\/v2\/posts\/4703\/revisions"}],"wp:featuredmedia":[{"embeddable":true,"href":"https:\/\/www.swiftcupeurope.com\/en\/wp-json\/wp\/v2\/media\/4711"}],"wp:attachment":[{"href":"https:\/\/www.swiftcupeurope.com\/en\/wp-json\/wp\/v2\/media?parent=4703"}],"wp:term":[{"taxonomy":"category","embeddable":true,"href":"https:\/\/www.swiftcupeurope.com\/en\/wp-json\/wp\/v2\/categories?post=4703"},{"taxonomy":"post_tag","embeddable":true,"href":"https:\/\/www.swiftcupeurope.com\/en\/wp-json\/wp\/v2\/tags?post=4703"}],"curies":[{"name":"wp","href":"https:\/\/api.w.org\/{rel}","templated":true}]}}