{"id":4636,"date":"2017-04-19T10:19:40","date_gmt":"2017-04-19T10:19:40","guid":{"rendered":"http:\/\/swiftcupeurope.com\/?p=4636"},"modified":"2017-04-19T10:19:40","modified_gmt":"2017-04-19T10:19:40","slug":"elkezdte-a-felkeszulest-a-borsi-motorsport","status":"publish","type":"post","link":"https:\/\/www.swiftcupeurope.com\/en\/2017\/uncategorized\/elkezdte-a-felkeszulest-a-borsi-motorsport\/","title":{"rendered":"Elkezdte a felk\u00e9sz\u00fcl\u00e9st a Borsi Motorsport"},"content":{"rendered":"<div>Meg\u00e9rkezett a tavasz, ami azt jelenti, hogy a csapatok megkezdt\u00e9k a felk\u00e9sz\u00fcl\u00e9st a szezonra!<\/p>\n<\/div>\n<div>A FIA Swift Cup Europe 2017-ben is t\u00f6bb kiemelt rendezv\u00e9ny bet\u00e9tprogramja lesz, \u00edgy az id\u00e9ny-nyit\u00f3 m\u00e1jusi verseny is k\u00fcl\u00f6nleges, hiszen a Kamion EB rendezv\u00e9ny bet\u00e9tfutamak\u00e9nt l\u00e1thatjuk versenyezni a Swifteseket, a Red Bull Ringen.<\/div>\n<div><\/div>\n<div>2017 els\u0151 hivatalos tesztj\u00e9nek a Hungaroring adott otthont, melyen t\u00f6bb hazai csapat is k\u00e9pviseltette mag\u00e1t.<\/p>\n<\/div>\n<div>H\u0171v\u00f6s, szeles, de sz\u00e1raz id\u0151ben kezdhette a felk\u00e9sz\u00fcl\u00e9st a Swift Cup Europe mez\u0151nye.<\/div>\n<div>Az RTL Klub &#8222;AuTogram&#8221; aut\u00f3s magazinj\u00e1nak szak\u00e9rt\u0151je, az \u00f6tsz\u00f6r\u00f6s magyar bajnok aut\u00f3versenyz\u0151 Borsi Gerg\u0151 a tavalyi \u00e9v ut\u00e1n ism\u00e9t rajthoz \u00e1ll, \u00edgy a felk\u00e9sz\u00fcl\u00e9sr\u0151l \u0151 sem hi\u00e1nyozhatott.<\/p>\n<\/div>\n<div><img fetchpriority=\"high\" decoding=\"async\" class=\"aligncenter size-full wp-image-4638\" src=\"http:\/\/swiftcupeurope.com\/wp-content\/uploads\/2017\/05\/3-1.jpg\" alt=\"\" width=\"883\" height=\"589\" \/><\/div>\n<div>B\u00e1r id\u00e9n is lesz sz\u00e1m\u00e1ra ismeretlen terep a versenysorozatban, hiszen j\u00falius 28 &#8211; 30 k\u00f6z\u00f6tt a legend\u00e1s olaszorsz\u00e1gi Imola p\u00e1ly\u00e1j\u00e1n zajlik majd futam, valamint Brno-ba is ell\u00e1togat a sorozat &#8211; de elm\u00falt \u00e9vben szerzett tapasztalataival, \u00e9s t\u00f6retlen lelkesed\u00e9ssel bizakodva v\u00e1rja a 2017-es bajnoks\u00e1got!<\/p>\n<\/div>\n<div>A Swift Cup Europe versenyb\u00e1zisa id\u00e9n olasz versenyz\u0151kkel is b\u0151v\u00fcl, valamint \u00faj fiatal tehets\u00e9gekkel is gyarapszik: Borsi Gerg\u0151 csapat\u00e1ban \u00faj versenyz\u0151k\u00e9nt Lengyel \u00c1d\u00e1m is indul a bajnoks\u00e1gban, aki az 1.3-as Suzukik kateg\u00f3ri\u00e1j\u00e1ban bizony\u00edthat majd.<\/div>\n<div><\/div>\n<div><img decoding=\"async\" class=\"aligncenter size-full wp-image-4639\" src=\"http:\/\/swiftcupeurope.com\/wp-content\/uploads\/2017\/05\/8.jpg\" alt=\"\" width=\"960\" height=\"640\" \/><\/div>","protected":false},"excerpt":{"rendered":"<p>Meg\u00e9rkezett a tavasz, ami azt jelenti, hogy a csapatok megkezdt\u00e9k a felk\u00e9sz\u00fcl\u00e9st a szezonra! A FIA Swift Cup Europe 2017-ben is t\u00f6bb kiemelt rendezv\u00e9ny bet\u00e9tprogramja lesz, \u00edgy az id\u00e9ny-nyit\u00f3 m\u00e1jusi verseny is k\u00fcl\u00f6nleges, hiszen a Kamion EB rendezv\u00e9ny bet\u00e9tfutamak\u00e9nt l\u00e1thatjuk versenyezni a Swifteseket, a Red Bull Ringen. 2017 els\u0151 hivatalos tesztj\u00e9nek a Hungaroring adott otthont, [&hellip;]<\/p>","protected":false},"author":2,"featured_media":4637,"comment_status":"open","ping_status":"open","sticky":false,"template":"","format":"standard","meta":{"footnotes":""},"categories":[1],"tags":[],"yoast_head":"<!-- This site is optimized with the Yoast SEO Premium plugin v21.1 (Yoast SEO v21.7) - https:\/\/yoast.com\/wordpress\/plugins\/seo\/ -->\n<title>Elkezdte a felk\u00e9sz\u00fcl\u00e9st a Borsi Motorsport - FIA Swift Cup Europe<\/title>\n<meta name=\"robots\" content=\"index, follow, max-snippet:-1, max-image-preview:large, max-video-preview:-1\" \/>\n<link rel=\"canonical\" href=\"https:\/\/www.swiftcupeurope.com\/en\/2017\/uncategorized\/elkezdte-a-felkeszulest-a-borsi-motorsport\/\" \/>\n<meta property=\"og:locale\" content=\"en_US\" \/>\n<meta property=\"og:type\" content=\"article\" \/>\n<meta property=\"og:title\" content=\"Elkezdte a felk\u00e9sz\u00fcl\u00e9st a Borsi Motorsport\" \/>\n<meta property=\"og:description\" content=\"Meg\u00e9rkezett a tavasz, ami azt jelenti, hogy a csapatok megkezdt\u00e9k a felk\u00e9sz\u00fcl\u00e9st a szezonra! A FIA Swift Cup Europe 2017-ben is t\u00f6bb kiemelt rendezv\u00e9ny bet\u00e9tprogramja lesz, \u00edgy az id\u00e9ny-nyit\u00f3 m\u00e1jusi verseny is k\u00fcl\u00f6nleges, hiszen a Kamion EB rendezv\u00e9ny bet\u00e9tfutamak\u00e9nt l\u00e1thatjuk versenyezni a Swifteseket, a Red Bull Ringen. 2017 els\u0151 hivatalos tesztj\u00e9nek a Hungaroring adott otthont, [&hellip;]\" \/>\n<meta property=\"og:url\" content=\"https:\/\/www.swiftcupeurope.com\/en\/2017\/uncategorized\/elkezdte-a-felkeszulest-a-borsi-motorsport\/\" \/>\n<meta property=\"og:site_name\" content=\"FIA Swift Cup Europe\" \/>\n<meta property=\"article:published_time\" content=\"2017-04-19T10:19:40+00:00\" \/>\n<meta property=\"og:image\" content=\"https:\/\/www.swiftcupeurope.com\/wp-content\/uploads\/2017\/05\/1-1.jpg\" \/>\n\t<meta property=\"og:image:width\" content=\"960\" \/>\n\t<meta property=\"og:image:height\" content=\"607\" \/>\n\t<meta property=\"og:image:type\" content=\"image\/jpeg\" \/>\n<meta name=\"author\" content=\"swiftcupeurope\" \/>\n<meta name=\"twitter:card\" content=\"summary_large_image\" \/>\n<meta name=\"twitter:label1\" content=\"Written by\" \/>\n\t<meta name=\"twitter:data1\" content=\"swiftcupeurope\" \/>\n\t<meta name=\"twitter:label2\" content=\"Est. reading time\" \/>\n\t<meta name=\"twitter:data2\" content=\"1 minute\" \/>\n<script type=\"application\/ld+json\" class=\"yoast-schema-graph\">{\"@context\":\"https:\/\/schema.org\",\"@graph\":[{\"@type\":\"Article\",\"@id\":\"https:\/\/www.swiftcupeurope.com\/2017\/uncategorized\/elkezdte-a-felkeszulest-a-borsi-motorsport\/#article\",\"isPartOf\":{\"@id\":\"https:\/\/www.swiftcupeurope.com\/2017\/uncategorized\/elkezdte-a-felkeszulest-a-borsi-motorsport\/\"},\"author\":{\"name\":\"swiftcupeurope\",\"@id\":\"https:\/\/www.swiftcupeurope.com\/#\/schema\/person\/03cb2427aeeeeac4a49a03160d04e8fe\"},\"headline\":\"Elkezdte a felk\u00e9sz\u00fcl\u00e9st a Borsi Motorsport\",\"datePublished\":\"2017-04-19T10:19:40+00:00\",\"dateModified\":\"2017-04-19T10:19:40+00:00\",\"mainEntityOfPage\":{\"@id\":\"https:\/\/www.swiftcupeurope.com\/2017\/uncategorized\/elkezdte-a-felkeszulest-a-borsi-motorsport\/\"},\"wordCount\":259,\"commentCount\":0,\"publisher\":{\"@id\":\"https:\/\/www.swiftcupeurope.com\/#organization\"},\"inLanguage\":\"en-US\",\"potentialAction\":[{\"@type\":\"CommentAction\",\"name\":\"Comment\",\"target\":[\"https:\/\/www.swiftcupeurope.com\/2017\/uncategorized\/elkezdte-a-felkeszulest-a-borsi-motorsport\/#respond\"]}]},{\"@type\":\"WebPage\",\"@id\":\"https:\/\/www.swiftcupeurope.com\/2017\/uncategorized\/elkezdte-a-felkeszulest-a-borsi-motorsport\/\",\"url\":\"https:\/\/www.swiftcupeurope.com\/2017\/uncategorized\/elkezdte-a-felkeszulest-a-borsi-motorsport\/\",\"name\":\"Elkezdte a felk\u00e9sz\u00fcl\u00e9st a Borsi Motorsport - FIA Swift Cup Europe\",\"isPartOf\":{\"@id\":\"https:\/\/www.swiftcupeurope.com\/#website\"},\"datePublished\":\"2017-04-19T10:19:40+00:00\",\"dateModified\":\"2017-04-19T10:19:40+00:00\",\"breadcrumb\":{\"@id\":\"https:\/\/www.swiftcupeurope.com\/2017\/uncategorized\/elkezdte-a-felkeszulest-a-borsi-motorsport\/#breadcrumb\"},\"inLanguage\":\"en-US\",\"potentialAction\":[{\"@type\":\"ReadAction\",\"target\":[\"https:\/\/www.swiftcupeurope.com\/2017\/uncategorized\/elkezdte-a-felkeszulest-a-borsi-motorsport\/\"]}]},{\"@type\":\"BreadcrumbList\",\"@id\":\"https:\/\/www.swiftcupeurope.com\/2017\/uncategorized\/elkezdte-a-felkeszulest-a-borsi-motorsport\/#breadcrumb\",\"itemListElement\":[{\"@type\":\"ListItem\",\"position\":1,\"name\":\"Kezd\u0151lap\",\"item\":\"https:\/\/www.swiftcupeurope.com\/\"},{\"@type\":\"ListItem\",\"position\":2,\"name\":\"Elkezdte a felk\u00e9sz\u00fcl\u00e9st a Borsi Motorsport\"}]},{\"@type\":\"WebSite\",\"@id\":\"https:\/\/www.swiftcupeurope.com\/#website\",\"url\":\"https:\/\/www.swiftcupeurope.com\/\",\"name\":\"FIA Swift Cup Europe\",\"description\":\"FIA Swift Cup Europe \/ Official Website\",\"publisher\":{\"@id\":\"https:\/\/www.swiftcupeurope.com\/#organization\"},\"potentialAction\":[{\"@type\":\"SearchAction\",\"target\":{\"@type\":\"EntryPoint\",\"urlTemplate\":\"https:\/\/www.swiftcupeurope.com\/?s={search_term_string}\"},\"query-input\":\"required name=search_term_string\"}],\"inLanguage\":\"en-US\"},{\"@type\":\"Organization\",\"@id\":\"https:\/\/www.swiftcupeurope.com\/#organization\",\"name\":\"FIA Swift Cup Europe\",\"url\":\"https:\/\/www.swiftcupeurope.com\/\",\"logo\":{\"@type\":\"ImageObject\",\"inLanguage\":\"en-US\",\"@id\":\"https:\/\/www.swiftcupeurope.com\/#\/schema\/logo\/image\/\",\"url\":\"https:\/\/www.swiftcupeurope.com\/wp-content\/uploads\/2021\/04\/cropped-sce_logo_2021inv.png\",\"contentUrl\":\"https:\/\/www.swiftcupeurope.com\/wp-content\/uploads\/2021\/04\/cropped-sce_logo_2021inv.png\",\"width\":600,\"height\":120,\"caption\":\"FIA Swift Cup Europe\"},\"image\":{\"@id\":\"https:\/\/www.swiftcupeurope.com\/#\/schema\/logo\/image\/\"}},{\"@type\":\"Person\",\"@id\":\"https:\/\/www.swiftcupeurope.com\/#\/schema\/person\/03cb2427aeeeeac4a49a03160d04e8fe\",\"name\":\"swiftcupeurope\",\"url\":\"https:\/\/www.swiftcupeurope.com\/en\/author\/swiftcupeurope\/\"}]}<\/script>\n<!-- \/ Yoast SEO Premium plugin. -->","yoast_head_json":{"title":"Elkezdte a felk\u00e9sz\u00fcl\u00e9st a Borsi Motorsport - FIA Swift Cup Europe","robots":{"index":"index","follow":"follow","max-snippet":"max-snippet:-1","max-image-preview":"max-image-preview:large","max-video-preview":"max-video-preview:-1"},"canonical":"https:\/\/www.swiftcupeurope.com\/en\/2017\/uncategorized\/elkezdte-a-felkeszulest-a-borsi-motorsport\/","og_locale":"en_US","og_type":"article","og_title":"Elkezdte a felk\u00e9sz\u00fcl\u00e9st a Borsi Motorsport","og_description":"Meg\u00e9rkezett a tavasz, ami azt jelenti, hogy a csapatok megkezdt\u00e9k a felk\u00e9sz\u00fcl\u00e9st a szezonra! A FIA Swift Cup Europe 2017-ben is t\u00f6bb kiemelt rendezv\u00e9ny bet\u00e9tprogramja lesz, \u00edgy az id\u00e9ny-nyit\u00f3 m\u00e1jusi verseny is k\u00fcl\u00f6nleges, hiszen a Kamion EB rendezv\u00e9ny bet\u00e9tfutamak\u00e9nt l\u00e1thatjuk versenyezni a Swifteseket, a Red Bull Ringen. 2017 els\u0151 hivatalos tesztj\u00e9nek a Hungaroring adott otthont, [&hellip;]","og_url":"https:\/\/www.swiftcupeurope.com\/en\/2017\/uncategorized\/elkezdte-a-felkeszulest-a-borsi-motorsport\/","og_site_name":"FIA Swift Cup Europe","article_published_time":"2017-04-19T10:19:40+00:00","og_image":[{"width":960,"height":607,"url":"https:\/\/www.swiftcupeurope.com\/wp-content\/uploads\/2017\/05\/1-1.jpg","type":"image\/jpeg"}],"author":"swiftcupeurope","twitter_card":"summary_large_image","twitter_misc":{"Written by":"swiftcupeurope","Est. reading time":"1 minute"},"schema":{"@context":"https:\/\/schema.org","@graph":[{"@type":"Article","@id":"https:\/\/www.swiftcupeurope.com\/2017\/uncategorized\/elkezdte-a-felkeszulest-a-borsi-motorsport\/#article","isPartOf":{"@id":"https:\/\/www.swiftcupeurope.com\/2017\/uncategorized\/elkezdte-a-felkeszulest-a-borsi-motorsport\/"},"author":{"name":"swiftcupeurope","@id":"https:\/\/www.swiftcupeurope.com\/#\/schema\/person\/03cb2427aeeeeac4a49a03160d04e8fe"},"headline":"Elkezdte a felk\u00e9sz\u00fcl\u00e9st a Borsi Motorsport","datePublished":"2017-04-19T10:19:40+00:00","dateModified":"2017-04-19T10:19:40+00:00","mainEntityOfPage":{"@id":"https:\/\/www.swiftcupeurope.com\/2017\/uncategorized\/elkezdte-a-felkeszulest-a-borsi-motorsport\/"},"wordCount":259,"commentCount":0,"publisher":{"@id":"https:\/\/www.swiftcupeurope.com\/#organization"},"inLanguage":"en-US","potentialAction":[{"@type":"CommentAction","name":"Comment","target":["https:\/\/www.swiftcupeurope.com\/2017\/uncategorized\/elkezdte-a-felkeszulest-a-borsi-motorsport\/#respond"]}]},{"@type":"WebPage","@id":"https:\/\/www.swiftcupeurope.com\/2017\/uncategorized\/elkezdte-a-felkeszulest-a-borsi-motorsport\/","url":"https:\/\/www.swiftcupeurope.com\/2017\/uncategorized\/elkezdte-a-felkeszulest-a-borsi-motorsport\/","name":"Elkezdte a felk\u00e9sz\u00fcl\u00e9st a Borsi Motorsport - FIA Swift Cup Europe","isPartOf":{"@id":"https:\/\/www.swiftcupeurope.com\/#website"},"datePublished":"2017-04-19T10:19:40+00:00","dateModified":"2017-04-19T10:19:40+00:00","breadcrumb":{"@id":"https:\/\/www.swiftcupeurope.com\/2017\/uncategorized\/elkezdte-a-felkeszulest-a-borsi-motorsport\/#breadcrumb"},"inLanguage":"en-US","potentialAction":[{"@type":"ReadAction","target":["https:\/\/www.swiftcupeurope.com\/2017\/uncategorized\/elkezdte-a-felkeszulest-a-borsi-motorsport\/"]}]},{"@type":"BreadcrumbList","@id":"https:\/\/www.swiftcupeurope.com\/2017\/uncategorized\/elkezdte-a-felkeszulest-a-borsi-motorsport\/#breadcrumb","itemListElement":[{"@type":"ListItem","position":1,"name":"Kezd\u0151lap","item":"https:\/\/www.swiftcupeurope.com\/"},{"@type":"ListItem","position":2,"name":"Elkezdte a felk\u00e9sz\u00fcl\u00e9st a Borsi Motorsport"}]},{"@type":"WebSite","@id":"https:\/\/www.swiftcupeurope.com\/#website","url":"https:\/\/www.swiftcupeurope.com\/","name":"FIA Swift Cup Europe","description":"FIA Swift Cup Europe \/ Official Website","publisher":{"@id":"https:\/\/www.swiftcupeurope.com\/#organization"},"potentialAction":[{"@type":"SearchAction","target":{"@type":"EntryPoint","urlTemplate":"https:\/\/www.swiftcupeurope.com\/?s={search_term_string}"},"query-input":"required name=search_term_string"}],"inLanguage":"en-US"},{"@type":"Organization","@id":"https:\/\/www.swiftcupeurope.com\/#organization","name":"FIA Swift Cup Europe","url":"https:\/\/www.swiftcupeurope.com\/","logo":{"@type":"ImageObject","inLanguage":"en-US","@id":"https:\/\/www.swiftcupeurope.com\/#\/schema\/logo\/image\/","url":"https:\/\/www.swiftcupeurope.com\/wp-content\/uploads\/2021\/04\/cropped-sce_logo_2021inv.png","contentUrl":"https:\/\/www.swiftcupeurope.com\/wp-content\/uploads\/2021\/04\/cropped-sce_logo_2021inv.png","width":600,"height":120,"caption":"FIA Swift Cup Europe"},"image":{"@id":"https:\/\/www.swiftcupeurope.com\/#\/schema\/logo\/image\/"}},{"@type":"Person","@id":"https:\/\/www.swiftcupeurope.com\/#\/schema\/person\/03cb2427aeeeeac4a49a03160d04e8fe","name":"swiftcupeurope","url":"https:\/\/www.swiftcupeurope.com\/en\/author\/swiftcupeurope\/"}]}},"_links":{"self":[{"href":"https:\/\/www.swiftcupeurope.com\/en\/wp-json\/wp\/v2\/posts\/4636"}],"collection":[{"href":"https:\/\/www.swiftcupeurope.com\/en\/wp-json\/wp\/v2\/posts"}],"about":[{"href":"https:\/\/www.swiftcupeurope.com\/en\/wp-json\/wp\/v2\/types\/post"}],"author":[{"embeddable":true,"href":"https:\/\/www.swiftcupeurope.com\/en\/wp-json\/wp\/v2\/users\/2"}],"replies":[{"embeddable":true,"href":"https:\/\/www.swiftcupeurope.com\/en\/wp-json\/wp\/v2\/comments?post=4636"}],"version-history":[{"count":0,"href":"https:\/\/www.swiftcupeurope.com\/en\/wp-json\/wp\/v2\/posts\/4636\/revisions"}],"wp:featuredmedia":[{"embeddable":true,"href":"https:\/\/www.swiftcupeurope.com\/en\/wp-json\/wp\/v2\/media\/4637"}],"wp:attachment":[{"href":"https:\/\/www.swiftcupeurope.com\/en\/wp-json\/wp\/v2\/media?parent=4636"}],"wp:term":[{"taxonomy":"category","embeddable":true,"href":"https:\/\/www.swiftcupeurope.com\/en\/wp-json\/wp\/v2\/categories?post=4636"},{"taxonomy":"post_tag","embeddable":true,"href":"https:\/\/www.swiftcupeurope.com\/en\/wp-json\/wp\/v2\/tags?post=4636"}],"curies":[{"name":"wp","href":"https:\/\/api.w.org\/{rel}","templated":true}]}}