{"id":4632,"date":"2017-05-03T10:18:27","date_gmt":"2017-05-03T10:18:27","guid":{"rendered":"http:\/\/swiftcupeurope.com\/?p=4632"},"modified":"2017-05-03T10:18:27","modified_gmt":"2017-05-03T10:18:27","slug":"jarmu-expon-jart-a-borsi-motorsport","status":"publish","type":"post","link":"https:\/\/www.swiftcupeurope.com\/en\/2017\/uncategorized\/jarmu-expon-jart-a-borsi-motorsport\/","title":{"rendered":"J\u00e1rm\u0171 Expon j\u00e1rt a Borsi Motorsport"},"content":{"rendered":"<p>Leny\u0171g\u00f6z\u0151 oldtimerek \u00e9s a modern aut\u00f3gy\u00e1rt\u00e1s leg\u00fajabb modelljei mutatkoztak be a Nagy-Duna s\u00e9t\u00e1nyon a h\u00e9tv\u00e9g\u00e9n. A tavalyi sikeres esem\u00e9nyt k\u00f6vet\u0151en, m\u00e1sodik alkalommal rendezt\u00e9k meg az <strong>Akkor \u00e9s Most J\u00e1rm\u0171 Exp\u00f3t<\/strong> Esztergomban. A ki\u00e1ll\u00edt\u00e1s n\u00e9vad\u00f3 szponzora id\u00e9n a Magyar Suzuki Zrt volt.<\/p>\n<p>A hazai k\u00f6z\u00f6ns\u00e9g a rendezv\u00e9nyen csod\u00e1lhatta meg el\u0151sz\u00f6r a Genfi Aut\u00f3szalonon nagy sikert arat\u00f3, \u00faj gener\u00e1ci\u00f3s Suzuki Swift-et.<\/p>\n<p>A ki\u00e1ll\u00edt\u00e1s<span class=\"text_exposed_show\">on <strong>Borsi Gerg\u0151<\/strong> \u00f6tsz\u00f6r\u00f6s magyar bajnok aut\u00f3versenyz\u0151 Suzuki Swift Sport versenyaut\u00f3j\u00e1t is megtekinthett\u00e9k az \u00e9rdekl\u0151d\u0151k, mellyel a FIA Swift Cup Europe 2017-es mez\u0151ny\u00e9ben versenyzik.<\/span><\/p>\n<p><img fetchpriority=\"high\" decoding=\"async\" class=\"aligncenter size-large wp-image-4634\" src=\"http:\/\/swiftcupeurope.com\/wp-content\/uploads\/2017\/05\/3-1024x674.jpg\" alt=\"\" width=\"640\" height=\"421\" \/><\/p>","protected":false},"excerpt":{"rendered":"<p>Leny\u0171g\u00f6z\u0151 oldtimerek \u00e9s a modern aut\u00f3gy\u00e1rt\u00e1s leg\u00fajabb modelljei mutatkoztak be a Nagy-Duna s\u00e9t\u00e1nyon a h\u00e9tv\u00e9g\u00e9n. A tavalyi sikeres esem\u00e9nyt k\u00f6vet\u0151en, m\u00e1sodik alkalommal rendezt\u00e9k meg az Akkor \u00e9s Most J\u00e1rm\u0171 Exp\u00f3t Esztergomban. A ki\u00e1ll\u00edt\u00e1s n\u00e9vad\u00f3 szponzora id\u00e9n a Magyar Suzuki Zrt volt. A hazai k\u00f6z\u00f6ns\u00e9g a rendezv\u00e9nyen csod\u00e1lhatta meg el\u0151sz\u00f6r a Genfi Aut\u00f3szalonon nagy sikert arat\u00f3, [&hellip;]<\/p>","protected":false},"author":2,"featured_media":4633,"comment_status":"open","ping_status":"open","sticky":false,"template":"","format":"standard","meta":{"footnotes":""},"categories":[1],"tags":[],"yoast_head":"<!-- This site is optimized with the Yoast SEO Premium plugin v21.1 (Yoast SEO v21.7) - https:\/\/yoast.com\/wordpress\/plugins\/seo\/ -->\n<title>J\u00e1rm\u0171 Expon j\u00e1rt a Borsi Motorsport - FIA Swift Cup Europe<\/title>\n<meta name=\"robots\" content=\"index, follow, max-snippet:-1, max-image-preview:large, max-video-preview:-1\" \/>\n<link rel=\"canonical\" href=\"https:\/\/www.swiftcupeurope.com\/en\/2017\/uncategorized\/jarmu-expon-jart-a-borsi-motorsport\/\" \/>\n<meta property=\"og:locale\" content=\"en_US\" \/>\n<meta property=\"og:type\" content=\"article\" \/>\n<meta property=\"og:title\" content=\"J\u00e1rm\u0171 Expon j\u00e1rt a Borsi Motorsport\" \/>\n<meta property=\"og:description\" content=\"Leny\u0171g\u00f6z\u0151 oldtimerek \u00e9s a modern aut\u00f3gy\u00e1rt\u00e1s leg\u00fajabb modelljei mutatkoztak be a Nagy-Duna s\u00e9t\u00e1nyon a h\u00e9tv\u00e9g\u00e9n. A tavalyi sikeres esem\u00e9nyt k\u00f6vet\u0151en, m\u00e1sodik alkalommal rendezt\u00e9k meg az Akkor \u00e9s Most J\u00e1rm\u0171 Exp\u00f3t Esztergomban. A ki\u00e1ll\u00edt\u00e1s n\u00e9vad\u00f3 szponzora id\u00e9n a Magyar Suzuki Zrt volt. A hazai k\u00f6z\u00f6ns\u00e9g a rendezv\u00e9nyen csod\u00e1lhatta meg el\u0151sz\u00f6r a Genfi Aut\u00f3szalonon nagy sikert arat\u00f3, [&hellip;]\" \/>\n<meta property=\"og:url\" content=\"https:\/\/www.swiftcupeurope.com\/en\/2017\/uncategorized\/jarmu-expon-jart-a-borsi-motorsport\/\" \/>\n<meta property=\"og:site_name\" content=\"FIA Swift Cup Europe\" \/>\n<meta property=\"article:published_time\" content=\"2017-05-03T10:18:27+00:00\" \/>\n<meta property=\"og:image\" content=\"https:\/\/www.swiftcupeurope.com\/wp-content\/uploads\/2017\/05\/1.jpg\" \/>\n\t<meta property=\"og:image:width\" content=\"2016\" \/>\n\t<meta property=\"og:image:height\" content=\"1512\" \/>\n\t<meta property=\"og:image:type\" content=\"image\/jpeg\" \/>\n<meta name=\"author\" content=\"swiftcupeurope\" \/>\n<meta name=\"twitter:card\" content=\"summary_large_image\" \/>\n<meta name=\"twitter:label1\" content=\"Written by\" \/>\n\t<meta name=\"twitter:data1\" content=\"swiftcupeurope\" \/>\n\t<meta name=\"twitter:label2\" content=\"Est. reading time\" \/>\n\t<meta name=\"twitter:data2\" content=\"1 minute\" \/>\n<script type=\"application\/ld+json\" class=\"yoast-schema-graph\">{\"@context\":\"https:\/\/schema.org\",\"@graph\":[{\"@type\":\"Article\",\"@id\":\"https:\/\/www.swiftcupeurope.com\/2017\/uncategorized\/jarmu-expon-jart-a-borsi-motorsport\/#article\",\"isPartOf\":{\"@id\":\"https:\/\/www.swiftcupeurope.com\/2017\/uncategorized\/jarmu-expon-jart-a-borsi-motorsport\/\"},\"author\":{\"name\":\"swiftcupeurope\",\"@id\":\"https:\/\/www.swiftcupeurope.com\/#\/schema\/person\/03cb2427aeeeeac4a49a03160d04e8fe\"},\"headline\":\"J\u00e1rm\u0171 Expon j\u00e1rt a Borsi Motorsport\",\"datePublished\":\"2017-05-03T10:18:27+00:00\",\"dateModified\":\"2017-05-03T10:18:27+00:00\",\"mainEntityOfPage\":{\"@id\":\"https:\/\/www.swiftcupeurope.com\/2017\/uncategorized\/jarmu-expon-jart-a-borsi-motorsport\/\"},\"wordCount\":138,\"commentCount\":0,\"publisher\":{\"@id\":\"https:\/\/www.swiftcupeurope.com\/#organization\"},\"inLanguage\":\"en-US\",\"potentialAction\":[{\"@type\":\"CommentAction\",\"name\":\"Comment\",\"target\":[\"https:\/\/www.swiftcupeurope.com\/2017\/uncategorized\/jarmu-expon-jart-a-borsi-motorsport\/#respond\"]}]},{\"@type\":\"WebPage\",\"@id\":\"https:\/\/www.swiftcupeurope.com\/2017\/uncategorized\/jarmu-expon-jart-a-borsi-motorsport\/\",\"url\":\"https:\/\/www.swiftcupeurope.com\/2017\/uncategorized\/jarmu-expon-jart-a-borsi-motorsport\/\",\"name\":\"J\u00e1rm\u0171 Expon j\u00e1rt a Borsi Motorsport - FIA Swift Cup Europe\",\"isPartOf\":{\"@id\":\"https:\/\/www.swiftcupeurope.com\/#website\"},\"datePublished\":\"2017-05-03T10:18:27+00:00\",\"dateModified\":\"2017-05-03T10:18:27+00:00\",\"breadcrumb\":{\"@id\":\"https:\/\/www.swiftcupeurope.com\/2017\/uncategorized\/jarmu-expon-jart-a-borsi-motorsport\/#breadcrumb\"},\"inLanguage\":\"en-US\",\"potentialAction\":[{\"@type\":\"ReadAction\",\"target\":[\"https:\/\/www.swiftcupeurope.com\/2017\/uncategorized\/jarmu-expon-jart-a-borsi-motorsport\/\"]}]},{\"@type\":\"BreadcrumbList\",\"@id\":\"https:\/\/www.swiftcupeurope.com\/2017\/uncategorized\/jarmu-expon-jart-a-borsi-motorsport\/#breadcrumb\",\"itemListElement\":[{\"@type\":\"ListItem\",\"position\":1,\"name\":\"Kezd\u0151lap\",\"item\":\"https:\/\/www.swiftcupeurope.com\/\"},{\"@type\":\"ListItem\",\"position\":2,\"name\":\"J\u00e1rm\u0171 Expon j\u00e1rt a Borsi Motorsport\"}]},{\"@type\":\"WebSite\",\"@id\":\"https:\/\/www.swiftcupeurope.com\/#website\",\"url\":\"https:\/\/www.swiftcupeurope.com\/\",\"name\":\"FIA Swift Cup Europe\",\"description\":\"FIA Swift Cup Europe \/ Official Website\",\"publisher\":{\"@id\":\"https:\/\/www.swiftcupeurope.com\/#organization\"},\"potentialAction\":[{\"@type\":\"SearchAction\",\"target\":{\"@type\":\"EntryPoint\",\"urlTemplate\":\"https:\/\/www.swiftcupeurope.com\/?s={search_term_string}\"},\"query-input\":\"required name=search_term_string\"}],\"inLanguage\":\"en-US\"},{\"@type\":\"Organization\",\"@id\":\"https:\/\/www.swiftcupeurope.com\/#organization\",\"name\":\"FIA Swift Cup Europe\",\"url\":\"https:\/\/www.swiftcupeurope.com\/\",\"logo\":{\"@type\":\"ImageObject\",\"inLanguage\":\"en-US\",\"@id\":\"https:\/\/www.swiftcupeurope.com\/#\/schema\/logo\/image\/\",\"url\":\"https:\/\/www.swiftcupeurope.com\/wp-content\/uploads\/2021\/04\/cropped-sce_logo_2021inv.png\",\"contentUrl\":\"https:\/\/www.swiftcupeurope.com\/wp-content\/uploads\/2021\/04\/cropped-sce_logo_2021inv.png\",\"width\":600,\"height\":120,\"caption\":\"FIA Swift Cup Europe\"},\"image\":{\"@id\":\"https:\/\/www.swiftcupeurope.com\/#\/schema\/logo\/image\/\"}},{\"@type\":\"Person\",\"@id\":\"https:\/\/www.swiftcupeurope.com\/#\/schema\/person\/03cb2427aeeeeac4a49a03160d04e8fe\",\"name\":\"swiftcupeurope\",\"url\":\"https:\/\/www.swiftcupeurope.com\/en\/author\/swiftcupeurope\/\"}]}<\/script>\n<!-- \/ Yoast SEO Premium plugin. -->","yoast_head_json":{"title":"J\u00e1rm\u0171 Expon j\u00e1rt a Borsi Motorsport - FIA Swift Cup Europe","robots":{"index":"index","follow":"follow","max-snippet":"max-snippet:-1","max-image-preview":"max-image-preview:large","max-video-preview":"max-video-preview:-1"},"canonical":"https:\/\/www.swiftcupeurope.com\/en\/2017\/uncategorized\/jarmu-expon-jart-a-borsi-motorsport\/","og_locale":"en_US","og_type":"article","og_title":"J\u00e1rm\u0171 Expon j\u00e1rt a Borsi Motorsport","og_description":"Leny\u0171g\u00f6z\u0151 oldtimerek \u00e9s a modern aut\u00f3gy\u00e1rt\u00e1s leg\u00fajabb modelljei mutatkoztak be a Nagy-Duna s\u00e9t\u00e1nyon a h\u00e9tv\u00e9g\u00e9n. A tavalyi sikeres esem\u00e9nyt k\u00f6vet\u0151en, m\u00e1sodik alkalommal rendezt\u00e9k meg az Akkor \u00e9s Most J\u00e1rm\u0171 Exp\u00f3t Esztergomban. A ki\u00e1ll\u00edt\u00e1s n\u00e9vad\u00f3 szponzora id\u00e9n a Magyar Suzuki Zrt volt. A hazai k\u00f6z\u00f6ns\u00e9g a rendezv\u00e9nyen csod\u00e1lhatta meg el\u0151sz\u00f6r a Genfi Aut\u00f3szalonon nagy sikert arat\u00f3, [&hellip;]","og_url":"https:\/\/www.swiftcupeurope.com\/en\/2017\/uncategorized\/jarmu-expon-jart-a-borsi-motorsport\/","og_site_name":"FIA Swift Cup Europe","article_published_time":"2017-05-03T10:18:27+00:00","og_image":[{"width":2016,"height":1512,"url":"https:\/\/www.swiftcupeurope.com\/wp-content\/uploads\/2017\/05\/1.jpg","type":"image\/jpeg"}],"author":"swiftcupeurope","twitter_card":"summary_large_image","twitter_misc":{"Written by":"swiftcupeurope","Est. reading time":"1 minute"},"schema":{"@context":"https:\/\/schema.org","@graph":[{"@type":"Article","@id":"https:\/\/www.swiftcupeurope.com\/2017\/uncategorized\/jarmu-expon-jart-a-borsi-motorsport\/#article","isPartOf":{"@id":"https:\/\/www.swiftcupeurope.com\/2017\/uncategorized\/jarmu-expon-jart-a-borsi-motorsport\/"},"author":{"name":"swiftcupeurope","@id":"https:\/\/www.swiftcupeurope.com\/#\/schema\/person\/03cb2427aeeeeac4a49a03160d04e8fe"},"headline":"J\u00e1rm\u0171 Expon j\u00e1rt a Borsi Motorsport","datePublished":"2017-05-03T10:18:27+00:00","dateModified":"2017-05-03T10:18:27+00:00","mainEntityOfPage":{"@id":"https:\/\/www.swiftcupeurope.com\/2017\/uncategorized\/jarmu-expon-jart-a-borsi-motorsport\/"},"wordCount":138,"commentCount":0,"publisher":{"@id":"https:\/\/www.swiftcupeurope.com\/#organization"},"inLanguage":"en-US","potentialAction":[{"@type":"CommentAction","name":"Comment","target":["https:\/\/www.swiftcupeurope.com\/2017\/uncategorized\/jarmu-expon-jart-a-borsi-motorsport\/#respond"]}]},{"@type":"WebPage","@id":"https:\/\/www.swiftcupeurope.com\/2017\/uncategorized\/jarmu-expon-jart-a-borsi-motorsport\/","url":"https:\/\/www.swiftcupeurope.com\/2017\/uncategorized\/jarmu-expon-jart-a-borsi-motorsport\/","name":"J\u00e1rm\u0171 Expon j\u00e1rt a Borsi Motorsport - FIA Swift Cup Europe","isPartOf":{"@id":"https:\/\/www.swiftcupeurope.com\/#website"},"datePublished":"2017-05-03T10:18:27+00:00","dateModified":"2017-05-03T10:18:27+00:00","breadcrumb":{"@id":"https:\/\/www.swiftcupeurope.com\/2017\/uncategorized\/jarmu-expon-jart-a-borsi-motorsport\/#breadcrumb"},"inLanguage":"en-US","potentialAction":[{"@type":"ReadAction","target":["https:\/\/www.swiftcupeurope.com\/2017\/uncategorized\/jarmu-expon-jart-a-borsi-motorsport\/"]}]},{"@type":"BreadcrumbList","@id":"https:\/\/www.swiftcupeurope.com\/2017\/uncategorized\/jarmu-expon-jart-a-borsi-motorsport\/#breadcrumb","itemListElement":[{"@type":"ListItem","position":1,"name":"Kezd\u0151lap","item":"https:\/\/www.swiftcupeurope.com\/"},{"@type":"ListItem","position":2,"name":"J\u00e1rm\u0171 Expon j\u00e1rt a Borsi Motorsport"}]},{"@type":"WebSite","@id":"https:\/\/www.swiftcupeurope.com\/#website","url":"https:\/\/www.swiftcupeurope.com\/","name":"FIA Swift Cup Europe","description":"FIA Swift Cup Europe \/ Official Website","publisher":{"@id":"https:\/\/www.swiftcupeurope.com\/#organization"},"potentialAction":[{"@type":"SearchAction","target":{"@type":"EntryPoint","urlTemplate":"https:\/\/www.swiftcupeurope.com\/?s={search_term_string}"},"query-input":"required name=search_term_string"}],"inLanguage":"en-US"},{"@type":"Organization","@id":"https:\/\/www.swiftcupeurope.com\/#organization","name":"FIA Swift Cup Europe","url":"https:\/\/www.swiftcupeurope.com\/","logo":{"@type":"ImageObject","inLanguage":"en-US","@id":"https:\/\/www.swiftcupeurope.com\/#\/schema\/logo\/image\/","url":"https:\/\/www.swiftcupeurope.com\/wp-content\/uploads\/2021\/04\/cropped-sce_logo_2021inv.png","contentUrl":"https:\/\/www.swiftcupeurope.com\/wp-content\/uploads\/2021\/04\/cropped-sce_logo_2021inv.png","width":600,"height":120,"caption":"FIA Swift Cup Europe"},"image":{"@id":"https:\/\/www.swiftcupeurope.com\/#\/schema\/logo\/image\/"}},{"@type":"Person","@id":"https:\/\/www.swiftcupeurope.com\/#\/schema\/person\/03cb2427aeeeeac4a49a03160d04e8fe","name":"swiftcupeurope","url":"https:\/\/www.swiftcupeurope.com\/en\/author\/swiftcupeurope\/"}]}},"_links":{"self":[{"href":"https:\/\/www.swiftcupeurope.com\/en\/wp-json\/wp\/v2\/posts\/4632"}],"collection":[{"href":"https:\/\/www.swiftcupeurope.com\/en\/wp-json\/wp\/v2\/posts"}],"about":[{"href":"https:\/\/www.swiftcupeurope.com\/en\/wp-json\/wp\/v2\/types\/post"}],"author":[{"embeddable":true,"href":"https:\/\/www.swiftcupeurope.com\/en\/wp-json\/wp\/v2\/users\/2"}],"replies":[{"embeddable":true,"href":"https:\/\/www.swiftcupeurope.com\/en\/wp-json\/wp\/v2\/comments?post=4632"}],"version-history":[{"count":0,"href":"https:\/\/www.swiftcupeurope.com\/en\/wp-json\/wp\/v2\/posts\/4632\/revisions"}],"wp:featuredmedia":[{"embeddable":true,"href":"https:\/\/www.swiftcupeurope.com\/en\/wp-json\/wp\/v2\/media\/4633"}],"wp:attachment":[{"href":"https:\/\/www.swiftcupeurope.com\/en\/wp-json\/wp\/v2\/media?parent=4632"}],"wp:term":[{"taxonomy":"category","embeddable":true,"href":"https:\/\/www.swiftcupeurope.com\/en\/wp-json\/wp\/v2\/categories?post=4632"},{"taxonomy":"post_tag","embeddable":true,"href":"https:\/\/www.swiftcupeurope.com\/en\/wp-json\/wp\/v2\/tags?post=4632"}],"curies":[{"name":"wp","href":"https:\/\/api.w.org\/{rel}","templated":true}]}}