{"id":4599,"date":"2017-03-27T08:55:32","date_gmt":"2017-03-27T08:55:32","guid":{"rendered":"http:\/\/swiftcupeurope.com\/?p=4599"},"modified":"2017-03-27T08:55:32","modified_gmt":"2017-03-27T08:55:32","slug":"swift-cup-europe-pilotai-a-kakucsring-kupan","status":"publish","type":"post","link":"https:\/\/www.swiftcupeurope.com\/en\/2017\/uncategorized\/swift-cup-europe-pilotai-a-kakucsring-kupan\/","title":{"rendered":"Swift Cup Europe pil\u00f3t\u00e1i a Kakucsring kup\u00e1n"},"content":{"rendered":"<p>A t\u00e9l folyam\u00e1n tal\u00e1n az egyetlen hivatalos felk\u00e9sz\u00fcl\u00e9si lehet\u0151s\u00e9g az \u00f6t fordul\u00f3s Kakucsring Kupa. A ring egy r\u00f6vid, 1km-es aszfaltcs\u00edk, val\u00f3j\u00e1ban gokart p\u00e1lya, de edzeni t\u00f6k\u00e9letes.<\/p>\n<p>A pil\u00f3t\u00e1k a gyakorl\u00e1sok ut\u00e1n 3&#215;3 k\u00f6rt teljes\u00edtenek, \u00e9s a legjobb id\u0151eredm\u00e9ny alapj\u00e1n alakul ki a v\u00e9gs\u0151 sorrend.<\/p>\n<p>A m\u00e1rciusban v\u00e9get \u00e9rt sorozatot \u00f6sszetettben ifj. Hefler R\u00f3bert nyerte, aki m\u00e1r t\u00f6bb SCE futamon rajthoz \u00e1llt. Beny\u00f3 M\u00e1t\u00e9 a harmadik helyen v\u00e9gzett, aki az 1600cc-es kateg\u00f3ri\u00e1t meg is nyerte a kup\u00e1s Suzuki Swift-j\u00e9vel.<\/p>\n<p>A Juniorok k\u00f6z\u00f6tt, a m\u00e1r tavaly megismert K\u00f6rm\u00f6czi ikerp\u00e1r v\u00e9gzett az \u00e9len, Bal\u00e1zs lett a bajnok, Gerg\u0151 el\u0151tt.<\/p>","protected":false},"excerpt":{"rendered":"<p>A t\u00e9l folyam\u00e1n tal\u00e1n az egyetlen hivatalos felk\u00e9sz\u00fcl\u00e9si lehet\u0151s\u00e9g az \u00f6t fordul\u00f3s Kakucsring Kupa. A ring egy r\u00f6vid, 1km-es aszfaltcs\u00edk, val\u00f3j\u00e1ban gokart p\u00e1lya, de edzeni t\u00f6k\u00e9letes. A pil\u00f3t\u00e1k a gyakorl\u00e1sok ut\u00e1n 3&#215;3 k\u00f6rt teljes\u00edtenek, \u00e9s a legjobb id\u0151eredm\u00e9ny alapj\u00e1n alakul ki a v\u00e9gs\u0151 sorrend. A m\u00e1rciusban v\u00e9get \u00e9rt sorozatot \u00f6sszetettben ifj. Hefler R\u00f3bert nyerte, aki [&hellip;]<\/p>","protected":false},"author":2,"featured_media":4601,"comment_status":"open","ping_status":"open","sticky":false,"template":"","format":"video","meta":{"footnotes":""},"categories":[1],"tags":[],"yoast_head":"<!-- This site is optimized with the Yoast SEO Premium plugin v21.1 (Yoast SEO v21.7) - https:\/\/yoast.com\/wordpress\/plugins\/seo\/ -->\n<title>Swift Cup Europe pil\u00f3t\u00e1i a Kakucsring kup\u00e1n - FIA Swift Cup Europe<\/title>\n<meta name=\"robots\" content=\"index, follow, max-snippet:-1, max-image-preview:large, max-video-preview:-1\" \/>\n<link rel=\"canonical\" href=\"https:\/\/www.swiftcupeurope.com\/en\/2017\/uncategorized\/swift-cup-europe-pilotai-a-kakucsring-kupan\/\" \/>\n<meta property=\"og:locale\" content=\"en_US\" \/>\n<meta property=\"og:type\" content=\"article\" \/>\n<meta property=\"og:title\" content=\"Swift Cup Europe pil\u00f3t\u00e1i a Kakucsring kup\u00e1n\" \/>\n<meta property=\"og:description\" content=\"A t\u00e9l folyam\u00e1n tal\u00e1n az egyetlen hivatalos felk\u00e9sz\u00fcl\u00e9si lehet\u0151s\u00e9g az \u00f6t fordul\u00f3s Kakucsring Kupa. A ring egy r\u00f6vid, 1km-es aszfaltcs\u00edk, val\u00f3j\u00e1ban gokart p\u00e1lya, de edzeni t\u00f6k\u00e9letes. A pil\u00f3t\u00e1k a gyakorl\u00e1sok ut\u00e1n 3&#215;3 k\u00f6rt teljes\u00edtenek, \u00e9s a legjobb id\u0151eredm\u00e9ny alapj\u00e1n alakul ki a v\u00e9gs\u0151 sorrend. A m\u00e1rciusban v\u00e9get \u00e9rt sorozatot \u00f6sszetettben ifj. Hefler R\u00f3bert nyerte, aki [&hellip;]\" \/>\n<meta property=\"og:url\" content=\"https:\/\/www.swiftcupeurope.com\/en\/2017\/uncategorized\/swift-cup-europe-pilotai-a-kakucsring-kupan\/\" \/>\n<meta property=\"og:site_name\" content=\"FIA Swift Cup Europe\" \/>\n<meta property=\"article:published_time\" content=\"2017-03-27T08:55:32+00:00\" \/>\n<meta property=\"og:image\" content=\"https:\/\/www.swiftcupeurope.com\/wp-content\/uploads\/2017\/03\/maxresdefault.jpg\" \/>\n\t<meta property=\"og:image:width\" content=\"1280\" \/>\n\t<meta property=\"og:image:height\" content=\"720\" \/>\n\t<meta property=\"og:image:type\" content=\"image\/jpeg\" \/>\n<meta name=\"author\" content=\"swiftcupeurope\" \/>\n<meta name=\"twitter:card\" content=\"summary_large_image\" \/>\n<meta name=\"twitter:label1\" content=\"Written by\" \/>\n\t<meta name=\"twitter:data1\" content=\"swiftcupeurope\" \/>\n\t<meta name=\"twitter:label2\" content=\"Est. reading time\" \/>\n\t<meta name=\"twitter:data2\" content=\"1 minute\" \/>\n<script type=\"application\/ld+json\" class=\"yoast-schema-graph\">{\"@context\":\"https:\/\/schema.org\",\"@graph\":[{\"@type\":\"Article\",\"@id\":\"https:\/\/www.swiftcupeurope.com\/2017\/uncategorized\/swift-cup-europe-pilotai-a-kakucsring-kupan\/#article\",\"isPartOf\":{\"@id\":\"https:\/\/www.swiftcupeurope.com\/2017\/uncategorized\/swift-cup-europe-pilotai-a-kakucsring-kupan\/\"},\"author\":{\"name\":\"swiftcupeurope\",\"@id\":\"https:\/\/www.swiftcupeurope.com\/#\/schema\/person\/03cb2427aeeeeac4a49a03160d04e8fe\"},\"headline\":\"Swift Cup Europe pil\u00f3t\u00e1i a Kakucsring kup\u00e1n\",\"datePublished\":\"2017-03-27T08:55:32+00:00\",\"dateModified\":\"2017-03-27T08:55:32+00:00\",\"mainEntityOfPage\":{\"@id\":\"https:\/\/www.swiftcupeurope.com\/2017\/uncategorized\/swift-cup-europe-pilotai-a-kakucsring-kupan\/\"},\"wordCount\":152,\"commentCount\":0,\"publisher\":{\"@id\":\"https:\/\/www.swiftcupeurope.com\/#organization\"},\"inLanguage\":\"en-US\",\"potentialAction\":[{\"@type\":\"CommentAction\",\"name\":\"Comment\",\"target\":[\"https:\/\/www.swiftcupeurope.com\/2017\/uncategorized\/swift-cup-europe-pilotai-a-kakucsring-kupan\/#respond\"]}]},{\"@type\":\"WebPage\",\"@id\":\"https:\/\/www.swiftcupeurope.com\/2017\/uncategorized\/swift-cup-europe-pilotai-a-kakucsring-kupan\/\",\"url\":\"https:\/\/www.swiftcupeurope.com\/2017\/uncategorized\/swift-cup-europe-pilotai-a-kakucsring-kupan\/\",\"name\":\"Swift Cup Europe pil\u00f3t\u00e1i a Kakucsring kup\u00e1n - FIA Swift Cup Europe\",\"isPartOf\":{\"@id\":\"https:\/\/www.swiftcupeurope.com\/#website\"},\"datePublished\":\"2017-03-27T08:55:32+00:00\",\"dateModified\":\"2017-03-27T08:55:32+00:00\",\"breadcrumb\":{\"@id\":\"https:\/\/www.swiftcupeurope.com\/2017\/uncategorized\/swift-cup-europe-pilotai-a-kakucsring-kupan\/#breadcrumb\"},\"inLanguage\":\"en-US\",\"potentialAction\":[{\"@type\":\"ReadAction\",\"target\":[\"https:\/\/www.swiftcupeurope.com\/2017\/uncategorized\/swift-cup-europe-pilotai-a-kakucsring-kupan\/\"]}]},{\"@type\":\"BreadcrumbList\",\"@id\":\"https:\/\/www.swiftcupeurope.com\/2017\/uncategorized\/swift-cup-europe-pilotai-a-kakucsring-kupan\/#breadcrumb\",\"itemListElement\":[{\"@type\":\"ListItem\",\"position\":1,\"name\":\"Kezd\u0151lap\",\"item\":\"https:\/\/www.swiftcupeurope.com\/\"},{\"@type\":\"ListItem\",\"position\":2,\"name\":\"Swift Cup Europe pil\u00f3t\u00e1i a Kakucsring kup\u00e1n\"}]},{\"@type\":\"WebSite\",\"@id\":\"https:\/\/www.swiftcupeurope.com\/#website\",\"url\":\"https:\/\/www.swiftcupeurope.com\/\",\"name\":\"FIA Swift Cup Europe\",\"description\":\"FIA Swift Cup Europe \/ Official Website\",\"publisher\":{\"@id\":\"https:\/\/www.swiftcupeurope.com\/#organization\"},\"potentialAction\":[{\"@type\":\"SearchAction\",\"target\":{\"@type\":\"EntryPoint\",\"urlTemplate\":\"https:\/\/www.swiftcupeurope.com\/?s={search_term_string}\"},\"query-input\":\"required name=search_term_string\"}],\"inLanguage\":\"en-US\"},{\"@type\":\"Organization\",\"@id\":\"https:\/\/www.swiftcupeurope.com\/#organization\",\"name\":\"FIA Swift Cup Europe\",\"url\":\"https:\/\/www.swiftcupeurope.com\/\",\"logo\":{\"@type\":\"ImageObject\",\"inLanguage\":\"en-US\",\"@id\":\"https:\/\/www.swiftcupeurope.com\/#\/schema\/logo\/image\/\",\"url\":\"https:\/\/www.swiftcupeurope.com\/wp-content\/uploads\/2021\/04\/cropped-sce_logo_2021inv.png\",\"contentUrl\":\"https:\/\/www.swiftcupeurope.com\/wp-content\/uploads\/2021\/04\/cropped-sce_logo_2021inv.png\",\"width\":600,\"height\":120,\"caption\":\"FIA Swift Cup Europe\"},\"image\":{\"@id\":\"https:\/\/www.swiftcupeurope.com\/#\/schema\/logo\/image\/\"}},{\"@type\":\"Person\",\"@id\":\"https:\/\/www.swiftcupeurope.com\/#\/schema\/person\/03cb2427aeeeeac4a49a03160d04e8fe\",\"name\":\"swiftcupeurope\",\"url\":\"https:\/\/www.swiftcupeurope.com\/en\/author\/swiftcupeurope\/\"}]}<\/script>\n<!-- \/ Yoast SEO Premium plugin. -->","yoast_head_json":{"title":"Swift Cup Europe pil\u00f3t\u00e1i a Kakucsring kup\u00e1n - FIA Swift Cup Europe","robots":{"index":"index","follow":"follow","max-snippet":"max-snippet:-1","max-image-preview":"max-image-preview:large","max-video-preview":"max-video-preview:-1"},"canonical":"https:\/\/www.swiftcupeurope.com\/en\/2017\/uncategorized\/swift-cup-europe-pilotai-a-kakucsring-kupan\/","og_locale":"en_US","og_type":"article","og_title":"Swift Cup Europe pil\u00f3t\u00e1i a Kakucsring kup\u00e1n","og_description":"A t\u00e9l folyam\u00e1n tal\u00e1n az egyetlen hivatalos felk\u00e9sz\u00fcl\u00e9si lehet\u0151s\u00e9g az \u00f6t fordul\u00f3s Kakucsring Kupa. A ring egy r\u00f6vid, 1km-es aszfaltcs\u00edk, val\u00f3j\u00e1ban gokart p\u00e1lya, de edzeni t\u00f6k\u00e9letes. A pil\u00f3t\u00e1k a gyakorl\u00e1sok ut\u00e1n 3&#215;3 k\u00f6rt teljes\u00edtenek, \u00e9s a legjobb id\u0151eredm\u00e9ny alapj\u00e1n alakul ki a v\u00e9gs\u0151 sorrend. A m\u00e1rciusban v\u00e9get \u00e9rt sorozatot \u00f6sszetettben ifj. Hefler R\u00f3bert nyerte, aki [&hellip;]","og_url":"https:\/\/www.swiftcupeurope.com\/en\/2017\/uncategorized\/swift-cup-europe-pilotai-a-kakucsring-kupan\/","og_site_name":"FIA Swift Cup Europe","article_published_time":"2017-03-27T08:55:32+00:00","og_image":[{"width":1280,"height":720,"url":"https:\/\/www.swiftcupeurope.com\/wp-content\/uploads\/2017\/03\/maxresdefault.jpg","type":"image\/jpeg"}],"author":"swiftcupeurope","twitter_card":"summary_large_image","twitter_misc":{"Written by":"swiftcupeurope","Est. reading time":"1 minute"},"schema":{"@context":"https:\/\/schema.org","@graph":[{"@type":"Article","@id":"https:\/\/www.swiftcupeurope.com\/2017\/uncategorized\/swift-cup-europe-pilotai-a-kakucsring-kupan\/#article","isPartOf":{"@id":"https:\/\/www.swiftcupeurope.com\/2017\/uncategorized\/swift-cup-europe-pilotai-a-kakucsring-kupan\/"},"author":{"name":"swiftcupeurope","@id":"https:\/\/www.swiftcupeurope.com\/#\/schema\/person\/03cb2427aeeeeac4a49a03160d04e8fe"},"headline":"Swift Cup Europe pil\u00f3t\u00e1i a Kakucsring kup\u00e1n","datePublished":"2017-03-27T08:55:32+00:00","dateModified":"2017-03-27T08:55:32+00:00","mainEntityOfPage":{"@id":"https:\/\/www.swiftcupeurope.com\/2017\/uncategorized\/swift-cup-europe-pilotai-a-kakucsring-kupan\/"},"wordCount":152,"commentCount":0,"publisher":{"@id":"https:\/\/www.swiftcupeurope.com\/#organization"},"inLanguage":"en-US","potentialAction":[{"@type":"CommentAction","name":"Comment","target":["https:\/\/www.swiftcupeurope.com\/2017\/uncategorized\/swift-cup-europe-pilotai-a-kakucsring-kupan\/#respond"]}]},{"@type":"WebPage","@id":"https:\/\/www.swiftcupeurope.com\/2017\/uncategorized\/swift-cup-europe-pilotai-a-kakucsring-kupan\/","url":"https:\/\/www.swiftcupeurope.com\/2017\/uncategorized\/swift-cup-europe-pilotai-a-kakucsring-kupan\/","name":"Swift Cup Europe pil\u00f3t\u00e1i a Kakucsring kup\u00e1n - FIA Swift Cup Europe","isPartOf":{"@id":"https:\/\/www.swiftcupeurope.com\/#website"},"datePublished":"2017-03-27T08:55:32+00:00","dateModified":"2017-03-27T08:55:32+00:00","breadcrumb":{"@id":"https:\/\/www.swiftcupeurope.com\/2017\/uncategorized\/swift-cup-europe-pilotai-a-kakucsring-kupan\/#breadcrumb"},"inLanguage":"en-US","potentialAction":[{"@type":"ReadAction","target":["https:\/\/www.swiftcupeurope.com\/2017\/uncategorized\/swift-cup-europe-pilotai-a-kakucsring-kupan\/"]}]},{"@type":"BreadcrumbList","@id":"https:\/\/www.swiftcupeurope.com\/2017\/uncategorized\/swift-cup-europe-pilotai-a-kakucsring-kupan\/#breadcrumb","itemListElement":[{"@type":"ListItem","position":1,"name":"Kezd\u0151lap","item":"https:\/\/www.swiftcupeurope.com\/"},{"@type":"ListItem","position":2,"name":"Swift Cup Europe pil\u00f3t\u00e1i a Kakucsring kup\u00e1n"}]},{"@type":"WebSite","@id":"https:\/\/www.swiftcupeurope.com\/#website","url":"https:\/\/www.swiftcupeurope.com\/","name":"FIA Swift Cup Europe","description":"FIA Swift Cup Europe \/ Official Website","publisher":{"@id":"https:\/\/www.swiftcupeurope.com\/#organization"},"potentialAction":[{"@type":"SearchAction","target":{"@type":"EntryPoint","urlTemplate":"https:\/\/www.swiftcupeurope.com\/?s={search_term_string}"},"query-input":"required name=search_term_string"}],"inLanguage":"en-US"},{"@type":"Organization","@id":"https:\/\/www.swiftcupeurope.com\/#organization","name":"FIA Swift Cup Europe","url":"https:\/\/www.swiftcupeurope.com\/","logo":{"@type":"ImageObject","inLanguage":"en-US","@id":"https:\/\/www.swiftcupeurope.com\/#\/schema\/logo\/image\/","url":"https:\/\/www.swiftcupeurope.com\/wp-content\/uploads\/2021\/04\/cropped-sce_logo_2021inv.png","contentUrl":"https:\/\/www.swiftcupeurope.com\/wp-content\/uploads\/2021\/04\/cropped-sce_logo_2021inv.png","width":600,"height":120,"caption":"FIA Swift Cup Europe"},"image":{"@id":"https:\/\/www.swiftcupeurope.com\/#\/schema\/logo\/image\/"}},{"@type":"Person","@id":"https:\/\/www.swiftcupeurope.com\/#\/schema\/person\/03cb2427aeeeeac4a49a03160d04e8fe","name":"swiftcupeurope","url":"https:\/\/www.swiftcupeurope.com\/en\/author\/swiftcupeurope\/"}]}},"_links":{"self":[{"href":"https:\/\/www.swiftcupeurope.com\/en\/wp-json\/wp\/v2\/posts\/4599"}],"collection":[{"href":"https:\/\/www.swiftcupeurope.com\/en\/wp-json\/wp\/v2\/posts"}],"about":[{"href":"https:\/\/www.swiftcupeurope.com\/en\/wp-json\/wp\/v2\/types\/post"}],"author":[{"embeddable":true,"href":"https:\/\/www.swiftcupeurope.com\/en\/wp-json\/wp\/v2\/users\/2"}],"replies":[{"embeddable":true,"href":"https:\/\/www.swiftcupeurope.com\/en\/wp-json\/wp\/v2\/comments?post=4599"}],"version-history":[{"count":0,"href":"https:\/\/www.swiftcupeurope.com\/en\/wp-json\/wp\/v2\/posts\/4599\/revisions"}],"wp:featuredmedia":[{"embeddable":true,"href":"https:\/\/www.swiftcupeurope.com\/en\/wp-json\/wp\/v2\/media\/4601"}],"wp:attachment":[{"href":"https:\/\/www.swiftcupeurope.com\/en\/wp-json\/wp\/v2\/media?parent=4599"}],"wp:term":[{"taxonomy":"category","embeddable":true,"href":"https:\/\/www.swiftcupeurope.com\/en\/wp-json\/wp\/v2\/categories?post=4599"},{"taxonomy":"post_tag","embeddable":true,"href":"https:\/\/www.swiftcupeurope.com\/en\/wp-json\/wp\/v2\/tags?post=4599"}],"curies":[{"name":"wp","href":"https:\/\/api.w.org\/{rel}","templated":true}]}}