{"id":4424,"date":"2016-10-15T06:43:26","date_gmt":"2016-10-15T06:43:26","guid":{"rendered":"http:\/\/swiftcupeurope.com\/?p=4424"},"modified":"2016-10-15T06:43:26","modified_gmt":"2016-10-15T06:43:26","slug":"a-nemet-turaautobajnoksagot-celozta-meg-a-12-eves-egri-ostehetseg","status":"publish","type":"post","link":"https:\/\/www.swiftcupeurope.com\/en\/2016\/uncategorized\/a-nemet-turaautobajnoksagot-celozta-meg-a-12-eves-egri-ostehetseg\/","title":{"rendered":"A N\u00e9met T\u00faraaut\u00f3bajnoks\u00e1got c\u00e9lozta meg a 12 \u00e9ves egri \u0151stehets\u00e9g"},"content":{"rendered":"<h6>Szomsz\u00e9d Lajos Bal\u00e1zs m\u00e9g csak 12 \u00e9ves, de j\u00f6v\u0151re m\u00e1r a Swift Cup Europe-ban bizony\u00edthat, amely olyan kiv\u00e1l\u00f3 versenyz\u0151ket ind\u00edtott el a p\u00e1ly\u00e1n, mint Kiss Norbert, Michelisz Norbert \u00e9s Nagy Norbert. Az egri \u0151stehets\u00e9g a N\u00e9met T\u00faraaut\u00f3-bajnoks\u00e1got c\u00e9lozta meg feln\u0151tt kor\u00e1ra, de ha ilyen gyorsan \u00edvel felfel\u00e9 a p\u00e1ly\u00e1ja, a Forma1 sem kiz\u00e1rt. Persze ehhez az\u00e9rt \u00e9desanyj\u00e1nak is van egy-k\u00e9t szava: az aut\u00f3versenyz\u00e9s nem mehet a tanul\u00e1s rov\u00e1s\u00e1ra.<\/h6>\n<p>(Sajt\u00f3anyag, Fot\u00f3: Keller Rich\u00e1rd, Forr\u00e1s: Egrisztorik)<\/p>\n<p>Egy hungaroringi gokartversenyen fedezt\u00e9k fel Szomsz\u00e9d Lajos Bal\u00e1zst, az egri Hunyadi M\u00e1ty\u00e1s \u00c1ltal\u00e1nos Iskola 12 \u00e9ves tanul\u00f3j\u00e1t, aki igazi \u0151stehets\u00e9gk\u00e9nt magabiztosan nyerte a futamot. Lajosra, nem ak\u00e1rki, Burkus Egon a Swift Cup Europe prom\u00f3tere, a GFS csapat tulajdonosa is felfigyelt, aki be\u00fcltette az ifj\u00fa tehets\u00e9get egy Suzuki Swiftbe az Euroringen.<\/p>\n<p><a href=\"http:\/\/swiftcupeurope.com\/wp-content\/uploads\/2016\/10\/szomszed_lajos_balazs_02.jpg\"><img fetchpriority=\"high\" decoding=\"async\" class=\"aligncenter size-large wp-image-4426\" src=\"http:\/\/swiftcupeurope.com\/wp-content\/uploads\/2016\/10\/szomszed_lajos_balazs_02-1024x690.jpg\" alt=\"szomszed_lajos_balazs_02\" width=\"640\" height=\"431\" \/><\/a><\/p>\n<p>Lajos zsenge kora ellen\u00e9re azonnal megmutatta oroszl\u00e1nk\u00f6rm\u00e9t: vill\u00e1mgyorsan alkalmazkodott az \u00faj aut\u00f3hoz \u00e9s a p\u00e1ly\u00e1hoz, ami egy igazi\u00a0 aut\u00f3versenyz\u0151-\u0151stehets\u00e9g legf\u0151bb ism\u00e9rve. Burkus Egont olyannyira meggy\u0151zt\u00e9k a teszteredm\u00e9nyek, hogy Lajosnak versenyz\u0151i \u00fcl\u00e9st biztos\u00edtott az FIA Swift Cup Europe 2017-es id\u00e9ny\u00e9ben. A sorozat olyan kiv\u00e1l\u00f3 pil\u00f3t\u00e1kat ind\u00edtott el a p\u00e1ly\u00e1n, mint Kiss Norbert, Michelisz Norbert, \u00e9s Nagy Norbert.<\/p>\n<p>Lajos a m\u00falt h\u00e9ten megrendezett z\u00e1r\u00f3futamon \u2013 b\u00e1r m\u00e9g csak vend\u00e9gk\u00e9nt \u2013 de belek\u00f3stolhatott a Hungaroringen a versenyz\u00e9s izgalmas vil\u00e1g\u00e1ba, ahol tal\u00e1lkozott egyik nagy p\u00e9ldak\u00e9p\u00e9vel is: Kiss Norberttel, k\u00e9tszeres kamion-Eur\u00f3pa-bajnokkal.<\/p>\n<p><a href=\"http:\/\/swiftcupeurope.com\/wp-content\/uploads\/2016\/10\/szomszed_lajos_balazs_05.jpg\"><img decoding=\"async\" class=\"aligncenter size-large wp-image-4425\" src=\"http:\/\/swiftcupeurope.com\/wp-content\/uploads\/2016\/10\/szomszed_lajos_balazs_05-1024x576.jpg\" alt=\"szomszed_lajos_balazs_05\" width=\"640\" height=\"360\" \/><\/a>A Swift Cup Europe z\u00e1r\u00f3futam\u00e1nak volt egy m\u00e1sik heves megyei vonatkoz\u00e1s\u00fa h\u00edrei is: \u00e1tadtak ugyanis hivatalosan egy \u00e1llatment\u0151 Swiftet a k\u00e1polnai <a href=\"https:\/\/www.facebook.com\/Macskapcsolat\/videos\/\">Macska\u00e1rvah\u00e1z Alap\u00edtv\u00e1nynak<\/a>.<\/p>\n<p><a href=\"http:\/\/swiftcupeurope.com\/wp-content\/uploads\/2016\/10\/szomszed_lajos_balazs_04.jpg\"><img decoding=\"async\" class=\"aligncenter size-large wp-image-4428\" src=\"http:\/\/swiftcupeurope.com\/wp-content\/uploads\/2016\/10\/szomszed_lajos_balazs_04-1024x578.jpg\" alt=\"szomszed_lajos_balazs_04\" width=\"640\" height=\"361\" \/><\/a><\/p>\n<p>Visszat\u00e9rve az egri \u0151stehets\u00e9gre: Lajos h\u00edrport\u00e1lunknak el\u00e1rulta, hogy\u00a0 a N\u00e9met T\u00faraaut\u00f3-bajnoks\u00e1got c\u00e9lozta meg feln\u0151tt kor\u00e1ra. Ezt m\u00e1r csak mi tessz\u00fck hozz\u00e1: ha ilyen gyorsan \u00edvel felfel\u00e9 a p\u00e1ly\u00e1ja, a Forma1 sem kiz\u00e1rt. Persze ehhez az\u00e9rt \u00e9desanyj\u00e1nak is van egy-k\u00e9t szava: Lajosnak j\u00f3l kell tanulnia, vagyis az aut\u00f3versenyz\u00e9s nem mehet a tanul\u00e1s rov\u00e1s\u00e1ra. Mi mindenesetre az \u00e9let mindk\u00e9t ter\u00fclet\u00e9n ezerrel szurkolunk Lajosnak!<\/p>\n<p>N\u00e9zd meg a j\u00f6v\u0151 leend\u0151 nagy bajnok\u00e1val k\u00e9sz\u00edtett interj\u00fankat, aki roppant szer\u00e9nyen \u00e9s szimpatikusan nyilatkozott nek\u00fcnk:<\/p>\n<p><iframe src=\"https:\/\/www.youtube.com\/embed\/qiUeUukTkoc\" width=\"640\" height=\"360\" frameborder=\"0\" allowfullscreen=\"allowfullscreen\"><\/iframe><\/p>","protected":false},"excerpt":{"rendered":"<p>Szomsz\u00e9d Lajos Bal\u00e1zs m\u00e9g csak 12 \u00e9ves, de j\u00f6v\u0151re m\u00e1r a Swift Cup Europe-ban bizony\u00edthat, amely olyan kiv\u00e1l\u00f3 versenyz\u0151ket ind\u00edtott el a p\u00e1ly\u00e1n, mint Kiss Norbert, Michelisz Norbert \u00e9s Nagy Norbert. Az egri \u0151stehets\u00e9g a N\u00e9met T\u00faraaut\u00f3-bajnoks\u00e1got c\u00e9lozta meg feln\u0151tt kor\u00e1ra, de ha ilyen gyorsan \u00edvel felfel\u00e9 a p\u00e1ly\u00e1ja, a Forma1 sem kiz\u00e1rt. Persze ehhez [&hellip;]<\/p>","protected":false},"author":2,"featured_media":4427,"comment_status":"open","ping_status":"open","sticky":false,"template":"","format":"standard","meta":{"footnotes":""},"categories":[1],"tags":[],"yoast_head":"<!-- This site is optimized with the Yoast SEO Premium plugin v21.1 (Yoast SEO v21.7) - https:\/\/yoast.com\/wordpress\/plugins\/seo\/ -->\n<title>A N\u00e9met T\u00faraaut\u00f3bajnoks\u00e1got c\u00e9lozta meg a 12 \u00e9ves egri \u0151stehets\u00e9g - FIA Swift Cup Europe<\/title>\n<meta name=\"robots\" content=\"index, follow, max-snippet:-1, max-image-preview:large, max-video-preview:-1\" \/>\n<link rel=\"canonical\" href=\"https:\/\/www.swiftcupeurope.com\/en\/2016\/uncategorized\/a-nemet-turaautobajnoksagot-celozta-meg-a-12-eves-egri-ostehetseg\/\" \/>\n<meta property=\"og:locale\" content=\"en_US\" \/>\n<meta property=\"og:type\" content=\"article\" \/>\n<meta property=\"og:title\" content=\"A N\u00e9met T\u00faraaut\u00f3bajnoks\u00e1got c\u00e9lozta meg a 12 \u00e9ves egri \u0151stehets\u00e9g\" \/>\n<meta property=\"og:description\" content=\"Szomsz\u00e9d Lajos Bal\u00e1zs m\u00e9g csak 12 \u00e9ves, de j\u00f6v\u0151re m\u00e1r a Swift Cup Europe-ban bizony\u00edthat, amely olyan kiv\u00e1l\u00f3 versenyz\u0151ket ind\u00edtott el a p\u00e1ly\u00e1n, mint Kiss Norbert, Michelisz Norbert \u00e9s Nagy Norbert. Az egri \u0151stehets\u00e9g a N\u00e9met T\u00faraaut\u00f3-bajnoks\u00e1got c\u00e9lozta meg feln\u0151tt kor\u00e1ra, de ha ilyen gyorsan \u00edvel felfel\u00e9 a p\u00e1ly\u00e1ja, a Forma1 sem kiz\u00e1rt. Persze ehhez [&hellip;]\" \/>\n<meta property=\"og:url\" content=\"https:\/\/www.swiftcupeurope.com\/en\/2016\/uncategorized\/a-nemet-turaautobajnoksagot-celozta-meg-a-12-eves-egri-ostehetseg\/\" \/>\n<meta property=\"og:site_name\" content=\"FIA Swift Cup Europe\" \/>\n<meta property=\"article:published_time\" content=\"2016-10-15T06:43:26+00:00\" \/>\n<meta property=\"og:image\" content=\"https:\/\/www.swiftcupeurope.com\/wp-content\/uploads\/2016\/10\/szomszed_lajos_balazs.jpg\" \/>\n\t<meta property=\"og:image:width\" content=\"1920\" \/>\n\t<meta property=\"og:image:height\" content=\"1402\" \/>\n\t<meta property=\"og:image:type\" content=\"image\/jpeg\" \/>\n<meta name=\"author\" content=\"swiftcupeurope\" \/>\n<meta name=\"twitter:card\" content=\"summary_large_image\" \/>\n<meta name=\"twitter:label1\" content=\"Written by\" \/>\n\t<meta name=\"twitter:data1\" content=\"swiftcupeurope\" \/>\n\t<meta name=\"twitter:label2\" content=\"Est. reading time\" \/>\n\t<meta name=\"twitter:data2\" content=\"2 minutes\" \/>\n<script type=\"application\/ld+json\" class=\"yoast-schema-graph\">{\"@context\":\"https:\/\/schema.org\",\"@graph\":[{\"@type\":\"Article\",\"@id\":\"https:\/\/www.swiftcupeurope.com\/2016\/uncategorized\/a-nemet-turaautobajnoksagot-celozta-meg-a-12-eves-egri-ostehetseg\/#article\",\"isPartOf\":{\"@id\":\"https:\/\/www.swiftcupeurope.com\/2016\/uncategorized\/a-nemet-turaautobajnoksagot-celozta-meg-a-12-eves-egri-ostehetseg\/\"},\"author\":{\"name\":\"swiftcupeurope\",\"@id\":\"https:\/\/www.swiftcupeurope.com\/#\/schema\/person\/03cb2427aeeeeac4a49a03160d04e8fe\"},\"headline\":\"A N\u00e9met T\u00faraaut\u00f3bajnoks\u00e1got c\u00e9lozta meg a 12 \u00e9ves egri \u0151stehets\u00e9g\",\"datePublished\":\"2016-10-15T06:43:26+00:00\",\"dateModified\":\"2016-10-15T06:43:26+00:00\",\"mainEntityOfPage\":{\"@id\":\"https:\/\/www.swiftcupeurope.com\/2016\/uncategorized\/a-nemet-turaautobajnoksagot-celozta-meg-a-12-eves-egri-ostehetseg\/\"},\"wordCount\":463,\"commentCount\":0,\"publisher\":{\"@id\":\"https:\/\/www.swiftcupeurope.com\/#organization\"},\"inLanguage\":\"en-US\",\"potentialAction\":[{\"@type\":\"CommentAction\",\"name\":\"Comment\",\"target\":[\"https:\/\/www.swiftcupeurope.com\/2016\/uncategorized\/a-nemet-turaautobajnoksagot-celozta-meg-a-12-eves-egri-ostehetseg\/#respond\"]}]},{\"@type\":\"WebPage\",\"@id\":\"https:\/\/www.swiftcupeurope.com\/2016\/uncategorized\/a-nemet-turaautobajnoksagot-celozta-meg-a-12-eves-egri-ostehetseg\/\",\"url\":\"https:\/\/www.swiftcupeurope.com\/2016\/uncategorized\/a-nemet-turaautobajnoksagot-celozta-meg-a-12-eves-egri-ostehetseg\/\",\"name\":\"A N\u00e9met T\u00faraaut\u00f3bajnoks\u00e1got c\u00e9lozta meg a 12 \u00e9ves egri \u0151stehets\u00e9g - FIA Swift Cup Europe\",\"isPartOf\":{\"@id\":\"https:\/\/www.swiftcupeurope.com\/#website\"},\"datePublished\":\"2016-10-15T06:43:26+00:00\",\"dateModified\":\"2016-10-15T06:43:26+00:00\",\"breadcrumb\":{\"@id\":\"https:\/\/www.swiftcupeurope.com\/2016\/uncategorized\/a-nemet-turaautobajnoksagot-celozta-meg-a-12-eves-egri-ostehetseg\/#breadcrumb\"},\"inLanguage\":\"en-US\",\"potentialAction\":[{\"@type\":\"ReadAction\",\"target\":[\"https:\/\/www.swiftcupeurope.com\/2016\/uncategorized\/a-nemet-turaautobajnoksagot-celozta-meg-a-12-eves-egri-ostehetseg\/\"]}]},{\"@type\":\"BreadcrumbList\",\"@id\":\"https:\/\/www.swiftcupeurope.com\/2016\/uncategorized\/a-nemet-turaautobajnoksagot-celozta-meg-a-12-eves-egri-ostehetseg\/#breadcrumb\",\"itemListElement\":[{\"@type\":\"ListItem\",\"position\":1,\"name\":\"Kezd\u0151lap\",\"item\":\"https:\/\/www.swiftcupeurope.com\/\"},{\"@type\":\"ListItem\",\"position\":2,\"name\":\"A N\u00e9met T\u00faraaut\u00f3bajnoks\u00e1got c\u00e9lozta meg a 12 \u00e9ves egri \u0151stehets\u00e9g\"}]},{\"@type\":\"WebSite\",\"@id\":\"https:\/\/www.swiftcupeurope.com\/#website\",\"url\":\"https:\/\/www.swiftcupeurope.com\/\",\"name\":\"FIA Swift Cup Europe\",\"description\":\"FIA Swift Cup Europe \/ Official Website\",\"publisher\":{\"@id\":\"https:\/\/www.swiftcupeurope.com\/#organization\"},\"potentialAction\":[{\"@type\":\"SearchAction\",\"target\":{\"@type\":\"EntryPoint\",\"urlTemplate\":\"https:\/\/www.swiftcupeurope.com\/?s={search_term_string}\"},\"query-input\":\"required name=search_term_string\"}],\"inLanguage\":\"en-US\"},{\"@type\":\"Organization\",\"@id\":\"https:\/\/www.swiftcupeurope.com\/#organization\",\"name\":\"FIA Swift Cup Europe\",\"url\":\"https:\/\/www.swiftcupeurope.com\/\",\"logo\":{\"@type\":\"ImageObject\",\"inLanguage\":\"en-US\",\"@id\":\"https:\/\/www.swiftcupeurope.com\/#\/schema\/logo\/image\/\",\"url\":\"https:\/\/www.swiftcupeurope.com\/wp-content\/uploads\/2021\/04\/cropped-sce_logo_2021inv.png\",\"contentUrl\":\"https:\/\/www.swiftcupeurope.com\/wp-content\/uploads\/2021\/04\/cropped-sce_logo_2021inv.png\",\"width\":600,\"height\":120,\"caption\":\"FIA Swift Cup Europe\"},\"image\":{\"@id\":\"https:\/\/www.swiftcupeurope.com\/#\/schema\/logo\/image\/\"}},{\"@type\":\"Person\",\"@id\":\"https:\/\/www.swiftcupeurope.com\/#\/schema\/person\/03cb2427aeeeeac4a49a03160d04e8fe\",\"name\":\"swiftcupeurope\",\"url\":\"https:\/\/www.swiftcupeurope.com\/en\/author\/swiftcupeurope\/\"}]}<\/script>\n<!-- \/ Yoast SEO Premium plugin. -->","yoast_head_json":{"title":"A N\u00e9met T\u00faraaut\u00f3bajnoks\u00e1got c\u00e9lozta meg a 12 \u00e9ves egri \u0151stehets\u00e9g - FIA Swift Cup Europe","robots":{"index":"index","follow":"follow","max-snippet":"max-snippet:-1","max-image-preview":"max-image-preview:large","max-video-preview":"max-video-preview:-1"},"canonical":"https:\/\/www.swiftcupeurope.com\/en\/2016\/uncategorized\/a-nemet-turaautobajnoksagot-celozta-meg-a-12-eves-egri-ostehetseg\/","og_locale":"en_US","og_type":"article","og_title":"A N\u00e9met T\u00faraaut\u00f3bajnoks\u00e1got c\u00e9lozta meg a 12 \u00e9ves egri \u0151stehets\u00e9g","og_description":"Szomsz\u00e9d Lajos Bal\u00e1zs m\u00e9g csak 12 \u00e9ves, de j\u00f6v\u0151re m\u00e1r a Swift Cup Europe-ban bizony\u00edthat, amely olyan kiv\u00e1l\u00f3 versenyz\u0151ket ind\u00edtott el a p\u00e1ly\u00e1n, mint Kiss Norbert, Michelisz Norbert \u00e9s Nagy Norbert. Az egri \u0151stehets\u00e9g a N\u00e9met T\u00faraaut\u00f3-bajnoks\u00e1got c\u00e9lozta meg feln\u0151tt kor\u00e1ra, de ha ilyen gyorsan \u00edvel felfel\u00e9 a p\u00e1ly\u00e1ja, a Forma1 sem kiz\u00e1rt. Persze ehhez [&hellip;]","og_url":"https:\/\/www.swiftcupeurope.com\/en\/2016\/uncategorized\/a-nemet-turaautobajnoksagot-celozta-meg-a-12-eves-egri-ostehetseg\/","og_site_name":"FIA Swift Cup Europe","article_published_time":"2016-10-15T06:43:26+00:00","og_image":[{"width":1920,"height":1402,"url":"https:\/\/www.swiftcupeurope.com\/wp-content\/uploads\/2016\/10\/szomszed_lajos_balazs.jpg","type":"image\/jpeg"}],"author":"swiftcupeurope","twitter_card":"summary_large_image","twitter_misc":{"Written by":"swiftcupeurope","Est. reading time":"2 minutes"},"schema":{"@context":"https:\/\/schema.org","@graph":[{"@type":"Article","@id":"https:\/\/www.swiftcupeurope.com\/2016\/uncategorized\/a-nemet-turaautobajnoksagot-celozta-meg-a-12-eves-egri-ostehetseg\/#article","isPartOf":{"@id":"https:\/\/www.swiftcupeurope.com\/2016\/uncategorized\/a-nemet-turaautobajnoksagot-celozta-meg-a-12-eves-egri-ostehetseg\/"},"author":{"name":"swiftcupeurope","@id":"https:\/\/www.swiftcupeurope.com\/#\/schema\/person\/03cb2427aeeeeac4a49a03160d04e8fe"},"headline":"A N\u00e9met T\u00faraaut\u00f3bajnoks\u00e1got c\u00e9lozta meg a 12 \u00e9ves egri \u0151stehets\u00e9g","datePublished":"2016-10-15T06:43:26+00:00","dateModified":"2016-10-15T06:43:26+00:00","mainEntityOfPage":{"@id":"https:\/\/www.swiftcupeurope.com\/2016\/uncategorized\/a-nemet-turaautobajnoksagot-celozta-meg-a-12-eves-egri-ostehetseg\/"},"wordCount":463,"commentCount":0,"publisher":{"@id":"https:\/\/www.swiftcupeurope.com\/#organization"},"inLanguage":"en-US","potentialAction":[{"@type":"CommentAction","name":"Comment","target":["https:\/\/www.swiftcupeurope.com\/2016\/uncategorized\/a-nemet-turaautobajnoksagot-celozta-meg-a-12-eves-egri-ostehetseg\/#respond"]}]},{"@type":"WebPage","@id":"https:\/\/www.swiftcupeurope.com\/2016\/uncategorized\/a-nemet-turaautobajnoksagot-celozta-meg-a-12-eves-egri-ostehetseg\/","url":"https:\/\/www.swiftcupeurope.com\/2016\/uncategorized\/a-nemet-turaautobajnoksagot-celozta-meg-a-12-eves-egri-ostehetseg\/","name":"A N\u00e9met T\u00faraaut\u00f3bajnoks\u00e1got c\u00e9lozta meg a 12 \u00e9ves egri \u0151stehets\u00e9g - FIA Swift Cup Europe","isPartOf":{"@id":"https:\/\/www.swiftcupeurope.com\/#website"},"datePublished":"2016-10-15T06:43:26+00:00","dateModified":"2016-10-15T06:43:26+00:00","breadcrumb":{"@id":"https:\/\/www.swiftcupeurope.com\/2016\/uncategorized\/a-nemet-turaautobajnoksagot-celozta-meg-a-12-eves-egri-ostehetseg\/#breadcrumb"},"inLanguage":"en-US","potentialAction":[{"@type":"ReadAction","target":["https:\/\/www.swiftcupeurope.com\/2016\/uncategorized\/a-nemet-turaautobajnoksagot-celozta-meg-a-12-eves-egri-ostehetseg\/"]}]},{"@type":"BreadcrumbList","@id":"https:\/\/www.swiftcupeurope.com\/2016\/uncategorized\/a-nemet-turaautobajnoksagot-celozta-meg-a-12-eves-egri-ostehetseg\/#breadcrumb","itemListElement":[{"@type":"ListItem","position":1,"name":"Kezd\u0151lap","item":"https:\/\/www.swiftcupeurope.com\/"},{"@type":"ListItem","position":2,"name":"A N\u00e9met T\u00faraaut\u00f3bajnoks\u00e1got c\u00e9lozta meg a 12 \u00e9ves egri \u0151stehets\u00e9g"}]},{"@type":"WebSite","@id":"https:\/\/www.swiftcupeurope.com\/#website","url":"https:\/\/www.swiftcupeurope.com\/","name":"FIA Swift Cup Europe","description":"FIA Swift Cup Europe \/ Official Website","publisher":{"@id":"https:\/\/www.swiftcupeurope.com\/#organization"},"potentialAction":[{"@type":"SearchAction","target":{"@type":"EntryPoint","urlTemplate":"https:\/\/www.swiftcupeurope.com\/?s={search_term_string}"},"query-input":"required name=search_term_string"}],"inLanguage":"en-US"},{"@type":"Organization","@id":"https:\/\/www.swiftcupeurope.com\/#organization","name":"FIA Swift Cup Europe","url":"https:\/\/www.swiftcupeurope.com\/","logo":{"@type":"ImageObject","inLanguage":"en-US","@id":"https:\/\/www.swiftcupeurope.com\/#\/schema\/logo\/image\/","url":"https:\/\/www.swiftcupeurope.com\/wp-content\/uploads\/2021\/04\/cropped-sce_logo_2021inv.png","contentUrl":"https:\/\/www.swiftcupeurope.com\/wp-content\/uploads\/2021\/04\/cropped-sce_logo_2021inv.png","width":600,"height":120,"caption":"FIA Swift Cup Europe"},"image":{"@id":"https:\/\/www.swiftcupeurope.com\/#\/schema\/logo\/image\/"}},{"@type":"Person","@id":"https:\/\/www.swiftcupeurope.com\/#\/schema\/person\/03cb2427aeeeeac4a49a03160d04e8fe","name":"swiftcupeurope","url":"https:\/\/www.swiftcupeurope.com\/en\/author\/swiftcupeurope\/"}]}},"_links":{"self":[{"href":"https:\/\/www.swiftcupeurope.com\/en\/wp-json\/wp\/v2\/posts\/4424"}],"collection":[{"href":"https:\/\/www.swiftcupeurope.com\/en\/wp-json\/wp\/v2\/posts"}],"about":[{"href":"https:\/\/www.swiftcupeurope.com\/en\/wp-json\/wp\/v2\/types\/post"}],"author":[{"embeddable":true,"href":"https:\/\/www.swiftcupeurope.com\/en\/wp-json\/wp\/v2\/users\/2"}],"replies":[{"embeddable":true,"href":"https:\/\/www.swiftcupeurope.com\/en\/wp-json\/wp\/v2\/comments?post=4424"}],"version-history":[{"count":0,"href":"https:\/\/www.swiftcupeurope.com\/en\/wp-json\/wp\/v2\/posts\/4424\/revisions"}],"wp:featuredmedia":[{"embeddable":true,"href":"https:\/\/www.swiftcupeurope.com\/en\/wp-json\/wp\/v2\/media\/4427"}],"wp:attachment":[{"href":"https:\/\/www.swiftcupeurope.com\/en\/wp-json\/wp\/v2\/media?parent=4424"}],"wp:term":[{"taxonomy":"category","embeddable":true,"href":"https:\/\/www.swiftcupeurope.com\/en\/wp-json\/wp\/v2\/categories?post=4424"},{"taxonomy":"post_tag","embeddable":true,"href":"https:\/\/www.swiftcupeurope.com\/en\/wp-json\/wp\/v2\/tags?post=4424"}],"curies":[{"name":"wp","href":"https:\/\/api.w.org\/{rel}","templated":true}]}}