{"id":4051,"date":"2016-10-18T12:08:31","date_gmt":"2016-10-18T12:08:31","guid":{"rendered":"http:\/\/swiftcupeurope.com\/?p=4051"},"modified":"2016-10-18T12:08:31","modified_gmt":"2016-10-18T12:08:31","slug":"csik-janos-a-2016-os-bajnok","status":"publish","type":"post","link":"https:\/\/www.swiftcupeurope.com\/en\/2016\/uncategorized\/csik-janos-a-2016-os-bajnok\/","title":{"rendered":"Csik J\u00e1nos a 2016-os bajnok!"},"content":{"rendered":"<p>Csik J\u00e1nos a bajnoks\u00e1g m\u00e1sodik hely\u00e9n \u00e1llt a Nagy Fin\u00e1l\u00e9, a Hungaroring-i h\u00e9tv\u00e9ge el\u0151tt. Tudhat\u00f3 volt, hogy a futameldob\u00e1sok miatt azonban j\u00f3l \u00e1ll, \u00edgy sz\u00e1m\u00e1ra fontos volt, hogy dobog\u00f3s helyeket szerezzen, \u00e9s ne essen ki az utols\u00f3 versenyeken.<\/p>\n<p><a href=\"http:\/\/swiftcupeurope.com\/wp-content\/uploads\/2016\/10\/IMG_1843.jpg\"><img decoding=\"async\" class=\"alignleft size-medium wp-image-4384\" src=\"http:\/\/swiftcupeurope.com\/wp-content\/uploads\/2016\/10\/IMG_1843-300x127.jpg\" alt=\"img_1843\" width=\"300\" height=\"127\" \/><\/a><strong>De mi az a futameldob\u00e1s?<\/strong> Mivel a sorozat igen hossz\u00fa, 16 versenyb\u0151l \u00e1ll, a szab\u00e1lyok szerint a h\u00e1rom legrosszabb eredm\u00e9nyt levonj\u00e1k a megszerzett pontokb\u00f3l.<\/p>\n<p>Ez lehet a legkevesebb pontot jelent\u0151 futam, kies\u00e9s, vagy olyan eset, ha a pil\u00f3ta nevezett, de nem tudott rajthoz \u00e1llni.<\/p>\n<p>Csik J\u00e1nos ebb\u0151l a szempontb\u00f3l is j\u00f3l \u00e1llt, m\u00edg vet\u00e9lyt\u00e1rsai ugyan utol\u00e9rt\u00e9k pontsz\u00e1mban, de val\u00f3j\u00e1ban Csik maradt a f\u0151 es\u00e9lyes.<\/p>\n<p>Az utols\u00f3 h\u00e9tv\u00e9g\u00e9n egy napra lett bes\u0171r\u00edtve az \u00f6sszes program, azaz az id\u0151m\u00e9r\u00e9s, \u00e9s a h\u00e1rom verseny. Igazi \u0151szies id\u0151, de szerencs\u00e9re csak minim\u00e1lis es\u0151 v\u00e1rta a mez\u0151nyt.<\/p>\n<p><a href=\"http:\/\/swiftcupeurope.com\/wp-content\/uploads\/2016\/10\/IMG_1179.jpg\"><img fetchpriority=\"high\" decoding=\"async\" class=\"alignleft size-medium wp-image-4215\" src=\"http:\/\/swiftcupeurope.com\/wp-content\/uploads\/2016\/10\/IMG_1179-300x180.jpg\" alt=\"img_1179\" width=\"300\" height=\"180\" \/><\/a>Az id\u0151m\u00e9r\u00e9s els\u0151 r\u00e9sz\u00e9ben, a Q1-ben Forrai G\u00e1bor volt a leggyorsabb, t\u00f6bb mint 7 tizeddel nyerte azt.<\/p>\n<p>A Super Pole-ba bejut\u00f3 legjobb t\u00edz versenyz\u0151nek egy m\u00e9rt k\u00f6rre volt lehet\u0151s\u00e9ge, de a kicsit nedves aszfalt t\u00f6bbeket megtr\u00e9f\u00e1lt.<\/p>\n<p>\u00cdgy j\u00e1rt az addig leggyorsabb Forrai is, aki hib\u00e1zott a m\u00e9rt k\u00f6r\u00e9n, csak\u00fagy mint Balogh, M\u00e9sz\u00e1ros, Bernula \u00e9s Fekete.<\/p>\n<p><a href=\"http:\/\/swiftcupeurope.com\/wp-content\/uploads\/2016\/10\/IMG_1226.jpg\"><img decoding=\"async\" class=\"alignleft size-medium wp-image-4224\" src=\"http:\/\/swiftcupeurope.com\/wp-content\/uploads\/2016\/10\/IMG_1226-300x175.jpg\" alt=\"img_1226\" width=\"300\" height=\"175\" \/><\/a>A legjobban Moln\u00e1r Bendeg\u00faz \u00f6sszpontos\u00edtott, \u00e9s megszerezte az els\u0151 helyet, \u00e9s azzal a plusz egy pontot.<\/p>\n<p>Beny\u00f3 M\u00e1t\u00e9 m\u00e1sodik hely\u00e9vel mutatta, hogy az id\u00e9n sok\u00e1ig rakonc\u00e1tlankod\u00f3 aut\u00f3ja miatt nem volt eredm\u00e9nyes, ezen a h\u00e9tv\u00e9g\u00e9n m\u00e1sik aut\u00f3val versenyzett, \u00e9s jelent\u0151sen gyorsulni tudott.<\/p>\n<p><a href=\"http:\/\/swiftcupeurope.com\/wp-content\/uploads\/2016\/10\/IMG_0776.jpg\"><img loading=\"lazy\" decoding=\"async\" class=\"alignleft size-medium wp-image-4161\" src=\"http:\/\/swiftcupeurope.com\/wp-content\/uploads\/2016\/10\/IMG_0776-300x171.jpg\" alt=\"img_0776\" width=\"300\" height=\"171\" \/><\/a>Az els\u0151 futamon Moln\u00e1r Bendeg\u00faz kihaszn\u00e1lta hogy a pole-b\u00f3l indult, \u00e9s v\u00e9gig vezette a futamot.<\/p>\n<p>Csik J\u00e1nos nagyon gyors volt, hamar fel is z\u00e1rk\u00f3zott r\u00e1, t\u00f6bbsz\u00f6r \u00f6ssze is \u00e9rtek, de el\u0151zni nem tudott.<\/p>\n<p>Beny\u00f3 M\u00e1t\u00e9 a harmadik lett, Forrai G\u00e1bor \u00e9s Bernula Istv\u00e1n el\u0151tt, m\u00edg Balogh Zolt\u00e1n a hatodik helyen \u00e9rt c\u00e9lba.<\/p>\n<p>Moln\u00e1r ezzel a gy\u0151zelemmel k\u00f6zeledett Csikhoz a bajnoki t\u00e1bl\u00e1zaton, Bernula \u00e9s Forrai sz\u00e1m\u00e1ra viszont \u00fagy t\u0171nt, kisz\u00e1ll a bajnoki c\u00edm\u00e9rt foly\u00f3 harcb\u00f3l, \u00e9s Balogh Zolt\u00e1nnal a harmadik hely\u00e9rt fognak k\u00fczdeni.<\/p>\n<p><a href=\"http:\/\/swiftcupeurope.com\/wp-content\/uploads\/2016\/10\/IMG_1150.jpg\"><img loading=\"lazy\" decoding=\"async\" class=\"alignleft size-medium wp-image-4202\" src=\"http:\/\/swiftcupeurope.com\/wp-content\/uploads\/2016\/10\/IMG_1150-300x172.jpg\" alt=\"img_1150\" width=\"300\" height=\"172\" \/><\/a>A m\u00e1sodik futamon F\u00fcge Kriszti\u00e1n indult az \u00e9lr\u0151l, \u00e9s meg is tartotta a vezet\u00e9st az els\u0151 k\u00f6rben. A futam v\u00e9g\u00e9re Balogh Zolt\u00e1n\u00e9 volt a f\u0151szerep aki nagy el\u0151nnyel vezetett, eg\u00e9szen addig m\u00edg Bernula Istv\u00e1n utol nem \u00e9rte. Siker\u00fclt az utols\u00f3 k\u00f6r\u00f6ket kiv\u00e9dekeznie, \u00e9s megnyerte a futamot Bernula el\u0151tt.<\/p>\n<p><a href=\"http:\/\/swiftcupeurope.com\/wp-content\/uploads\/2016\/10\/IMG_0723.jpg\"><img loading=\"lazy\" decoding=\"async\" class=\"alignleft size-medium wp-image-4145\" src=\"http:\/\/swiftcupeurope.com\/wp-content\/uploads\/2016\/10\/IMG_0723-300x198.jpg\" alt=\"img_0723\" width=\"300\" height=\"198\" \/><\/a>Beny\u00f3 M\u00e1t\u00e9 \u00fajra harmadik lett, nyom\u00e1ban a bajnoki c\u00edm\u00e9rt k\u00fczd\u0151 Csikkal \u00e9s Moln\u00e1rral.<\/p>\n<p>Moln\u00e1r Bendeg\u00faz sok\u00e1ig Csik el\u0151tt volt, de hib\u00e1zott, \u00e9s ezt Csik kihaszn\u00e1lta, fontos pontokat szerezve ezzel.<\/p>\n<p>Az utols\u00f3, harmadik futamra m\u00e1r csak egy k\u00e9rd\u00e9s maradt, tud-e Moln\u00e1r Bendeg\u00faz 6 pontot hozni Csik J\u00e1nos-on?! Ehhez mindenk\u00e9ppen gy\u0151znie kellett.<\/p>\n<p><a href=\"http:\/\/swiftcupeurope.com\/wp-content\/uploads\/2016\/10\/IMG_1902.jpg\"><img loading=\"lazy\" decoding=\"async\" class=\"alignleft size-medium wp-image-4396\" src=\"http:\/\/swiftcupeurope.com\/wp-content\/uploads\/2016\/10\/IMG_1902-300x158.jpg\" alt=\"img_1902\" width=\"300\" height=\"158\" \/><\/a>A futam els\u0151 fel\u00e9ben \u00fagy t\u0171nt, ez siker\u00fcl a RaceStar gy\u0151ztes\u00e9nek, de Csik komoly temp\u00f3t dikt\u00e1lva t\u00f6rt el\u0151re, eg\u00e9szen a harmadik helyig.<\/p>\n<p>Moln\u00e1r megnyerte a futamot, a nagyon j\u00f3 form\u00e1ban aut\u00f3z\u00f3 Forrai G\u00e1bor el\u0151tt, <strong>Csik pedig a harmadik hely\u00e9vel bebiztos\u00edtotta a 2016-os bajnoki c\u00edmet.<\/strong><\/p>\n<p>Az FIA Swift Cup Europe bajnoks\u00e1g els\u0151 hat helyezettje:<\/p>\n<ol>\n<li>Csik J\u00e1nos 203 pont<\/li>\n<li>Moln\u00e1r Bendeg\u00faz 202 pont<\/li>\n<li>Bernula Istv\u00e1n 188 pont<\/li>\n<li>Forrai G\u00e1bor 181 pont<\/li>\n<li>Balogh Zolt\u00e1n 178 pont<\/li>\n<li>M\u00e9sz\u00e1ros G\u00e1bor 146 pont<\/li>\n<\/ol>\n<p><a href=\"http:\/\/swiftcupeurope.com\/wp-content\/uploads\/2016\/10\/IMG_1828.jpg\"><img loading=\"lazy\" decoding=\"async\" class=\"alignleft size-medium wp-image-4375\" src=\"http:\/\/swiftcupeurope.com\/wp-content\/uploads\/2016\/10\/IMG_1828-300x174.jpg\" alt=\"img_1828\" width=\"300\" height=\"174\" \/><\/a>N\u00e9zz\u00fck mi t\u00f6rt\u00e9nt a kisebbik kateg\u00f3ri\u00e1ban, ahol az 1.3-as aut\u00f3kkal k\u00fczd\u00f6ttek a pil\u00f3t\u00e1k. Erre a h\u00e9tv\u00e9g\u00e9re nyolc f\u0151s volt a csoport, olyan bemutatkoz\u00f3 pil\u00f3t\u00e1val, mint a RallyCross egyik nagy tehets\u00e9g\u00e9nek kiki\u00e1ltott Kov\u00e1cs Marcell.<\/p>\n<p>A bajnoks\u00e1g harmadik helye m\u00e1r a h\u00e9tv\u00e9ge el\u0151tt eld\u0151lt, M\u00e9h\u00e9sz Attila sem el\u0151re, sem h\u00e1tra nem tudott m\u00e1r l\u00e9pni a ranglist\u00e1n.<\/p>\n<p>A bajnoki c\u00edm\u00e9rt Fodor \u00c1rp\u00e1d \u00e9s Kov\u00e1cs Kolos k\u00fczd\u00f6tt, kett\u0151j\u00fck k\u00f6z\u00fcl Fodor \u00e1llt jobban, de el\u0151nye nem volt jelent\u0151s.<\/p>\n<p>Az id\u0151m\u00e9r\u00e9s m\u00e9gsem r\u00f3luk sz\u00f3lt, meglepet\u00e9sre Kov\u00e1cs Marcell megszerezte a legjobb helyez\u00e9st, igaz csak 5 ezreddel Kov\u00e1cs Kolos el\u0151tt.<\/p>\n<p><a href=\"http:\/\/swiftcupeurope.com\/wp-content\/uploads\/2016\/10\/IMG_0651.jpg\"><img loading=\"lazy\" decoding=\"async\" class=\"alignleft size-medium wp-image-4120\" src=\"http:\/\/swiftcupeurope.com\/wp-content\/uploads\/2016\/10\/IMG_0651-300x168.jpg\" alt=\"img_0651\" width=\"300\" height=\"168\" \/><\/a>Az els\u0151 futamon Kov\u00e1cs Marcell megmutatta, nemcsak &#8222;s\u00e1rban&#8221;, az aszfalton is j\u00f3, nagy csat\u00e1ban, megnyerte a futamot.<\/p>\n<p>Kov\u00e1cs Kolos id\u0151b\u00fcntet\u00e9st kapott, \u0150 visszacs\u00faszott a negyedik helyre, de m\u00e9g \u00edgy is Fodor \u00c1rp\u00e1d el\u0151tt \u00e9rt\u00e9kelt\u00e9k.<\/p>\n<p><a href=\"http:\/\/swiftcupeurope.com\/wp-content\/uploads\/2016\/10\/IMG_1291.jpg\"><img loading=\"lazy\" decoding=\"async\" class=\"alignleft size-medium wp-image-4240\" src=\"http:\/\/swiftcupeurope.com\/wp-content\/uploads\/2016\/10\/IMG_1291-300x139.jpg\" alt=\"img_1291\" width=\"300\" height=\"139\" \/><\/a>A m\u00e1sodik futamon Fodor \u00fajra mag\u00e1ra tal\u00e1lt \u00e9s megnyerte a futamot, ez\u00fattal Hefler R\u00f3bert \u00e9s Kov\u00e1cs Kolos el\u0151tt.<\/p>\n<p>A harmadik helyre a K\u00f6rm\u00f6czi ikrek k\u00f6z\u00fcl Bal\u00e1zs \u00e1llhatott fel.<\/p>\n<p><a href=\"http:\/\/swiftcupeurope.com\/wp-content\/uploads\/2016\/10\/IMG_1728.jpg\"><img loading=\"lazy\" decoding=\"async\" class=\"alignleft size-medium wp-image-4334\" src=\"http:\/\/swiftcupeurope.com\/wp-content\/uploads\/2016\/10\/IMG_1728-300x130.jpg\" alt=\"img_1728\" width=\"300\" height=\"130\" \/><\/a>Az utols\u00f3 futamra \u00edgy Fodorhoz ker\u00fclt az el\u0151ny, de v\u00e9g\u00fcl nem tudott \u00e9lni a lehet\u0151s\u00e9ggel. Sok\u00e1ig k\u00fczd\u00f6tt Kov\u00e1cs-al, de v\u00e9g\u00fcl \u00f6sszeakadtak \u00e9s mindketten kiestek. A fel\u00fcgyel\u0151 test\u00fclet a man\u0151ver\u00e9\u00e9rt kiz\u00e1rta a futamb\u00f3l.<\/p>\n<p>A harmadik versenyt \u00fajra Kov\u00e1cs Marcell nyerte, K\u00f6rm\u00f6czi Bal\u00e1zs \u00e9s Hefler R\u00f3bert el\u0151tt. Az 1,3-asok 2016-os bajnoka pedig Kov\u00e1cs Kolos lett.<\/p>\n<p><a href=\"https:\/\/www.swiftcupeurope.com\/en\/fia-swift-cup-europe-2016\/\">A bajnoks\u00e1g teljes v\u00e9geredm\u00e9nye.<\/a><\/p>\n<p>&nbsp;<\/p>","protected":false},"excerpt":{"rendered":"<p>Csik J\u00e1nos a bajnoks\u00e1g m\u00e1sodik hely\u00e9n \u00e1llt a Nagy Fin\u00e1l\u00e9, a Hungaroring-i h\u00e9tv\u00e9ge el\u0151tt. Tudhat\u00f3 volt, hogy a futameldob\u00e1sok miatt azonban j\u00f3l \u00e1ll, \u00edgy sz\u00e1m\u00e1ra fontos volt, hogy dobog\u00f3s helyeket szerezzen, \u00e9s ne essen ki az utols\u00f3 versenyeken. De mi az a futameldob\u00e1s? Mivel a sorozat igen hossz\u00fa, 16 versenyb\u0151l \u00e1ll, a szab\u00e1lyok szerint a [&hellip;]<\/p>","protected":false},"author":2,"featured_media":4144,"comment_status":"open","ping_status":"open","sticky":false,"template":"","format":"standard","meta":{"footnotes":""},"categories":[1],"tags":[],"yoast_head":"<!-- This site is optimized with the Yoast SEO Premium plugin v21.1 (Yoast SEO v21.7) - https:\/\/yoast.com\/wordpress\/plugins\/seo\/ -->\n<title>Csik J\u00e1nos a 2016-os bajnok! - FIA Swift Cup Europe<\/title>\n<meta name=\"robots\" content=\"index, follow, max-snippet:-1, max-image-preview:large, max-video-preview:-1\" \/>\n<link rel=\"canonical\" href=\"https:\/\/www.swiftcupeurope.com\/en\/2016\/uncategorized\/csik-janos-a-2016-os-bajnok\/\" \/>\n<meta property=\"og:locale\" content=\"en_US\" \/>\n<meta property=\"og:type\" content=\"article\" \/>\n<meta property=\"og:title\" content=\"Csik J\u00e1nos a 2016-os bajnok!\" \/>\n<meta property=\"og:description\" content=\"Csik J\u00e1nos a bajnoks\u00e1g m\u00e1sodik hely\u00e9n \u00e1llt a Nagy Fin\u00e1l\u00e9, a Hungaroring-i h\u00e9tv\u00e9ge el\u0151tt. Tudhat\u00f3 volt, hogy a futameldob\u00e1sok miatt azonban j\u00f3l \u00e1ll, \u00edgy sz\u00e1m\u00e1ra fontos volt, hogy dobog\u00f3s helyeket szerezzen, \u00e9s ne essen ki az utols\u00f3 versenyeken. De mi az a futameldob\u00e1s? Mivel a sorozat igen hossz\u00fa, 16 versenyb\u0151l \u00e1ll, a szab\u00e1lyok szerint a [&hellip;]\" \/>\n<meta property=\"og:url\" content=\"https:\/\/www.swiftcupeurope.com\/en\/2016\/uncategorized\/csik-janos-a-2016-os-bajnok\/\" \/>\n<meta property=\"og:site_name\" content=\"FIA Swift Cup Europe\" \/>\n<meta property=\"article:published_time\" content=\"2016-10-18T12:08:31+00:00\" \/>\n<meta property=\"og:image\" content=\"https:\/\/www.swiftcupeurope.com\/wp-content\/uploads\/2016\/10\/IMG_0722.jpg\" \/>\n\t<meta property=\"og:image:width\" content=\"1440\" \/>\n\t<meta property=\"og:image:height\" content=\"874\" \/>\n\t<meta property=\"og:image:type\" content=\"image\/jpeg\" \/>\n<meta name=\"author\" content=\"swiftcupeurope\" \/>\n<meta name=\"twitter:card\" content=\"summary_large_image\" \/>\n<meta name=\"twitter:label1\" content=\"Written by\" \/>\n\t<meta name=\"twitter:data1\" content=\"swiftcupeurope\" \/>\n\t<meta name=\"twitter:label2\" content=\"Est. reading time\" \/>\n\t<meta name=\"twitter:data2\" content=\"5 minutes\" \/>\n<script type=\"application\/ld+json\" class=\"yoast-schema-graph\">{\"@context\":\"https:\/\/schema.org\",\"@graph\":[{\"@type\":\"Article\",\"@id\":\"https:\/\/www.swiftcupeurope.com\/2016\/uncategorized\/csik-janos-a-2016-os-bajnok\/#article\",\"isPartOf\":{\"@id\":\"https:\/\/www.swiftcupeurope.com\/2016\/uncategorized\/csik-janos-a-2016-os-bajnok\/\"},\"author\":{\"name\":\"swiftcupeurope\",\"@id\":\"https:\/\/www.swiftcupeurope.com\/#\/schema\/person\/03cb2427aeeeeac4a49a03160d04e8fe\"},\"headline\":\"Csik J\u00e1nos a 2016-os bajnok!\",\"datePublished\":\"2016-10-18T12:08:31+00:00\",\"dateModified\":\"2016-10-18T12:08:31+00:00\",\"mainEntityOfPage\":{\"@id\":\"https:\/\/www.swiftcupeurope.com\/2016\/uncategorized\/csik-janos-a-2016-os-bajnok\/\"},\"wordCount\":990,\"commentCount\":0,\"publisher\":{\"@id\":\"https:\/\/www.swiftcupeurope.com\/#organization\"},\"inLanguage\":\"en-US\",\"potentialAction\":[{\"@type\":\"CommentAction\",\"name\":\"Comment\",\"target\":[\"https:\/\/www.swiftcupeurope.com\/2016\/uncategorized\/csik-janos-a-2016-os-bajnok\/#respond\"]}]},{\"@type\":\"WebPage\",\"@id\":\"https:\/\/www.swiftcupeurope.com\/2016\/uncategorized\/csik-janos-a-2016-os-bajnok\/\",\"url\":\"https:\/\/www.swiftcupeurope.com\/2016\/uncategorized\/csik-janos-a-2016-os-bajnok\/\",\"name\":\"Csik J\u00e1nos a 2016-os bajnok! - FIA Swift Cup Europe\",\"isPartOf\":{\"@id\":\"https:\/\/www.swiftcupeurope.com\/#website\"},\"datePublished\":\"2016-10-18T12:08:31+00:00\",\"dateModified\":\"2016-10-18T12:08:31+00:00\",\"breadcrumb\":{\"@id\":\"https:\/\/www.swiftcupeurope.com\/2016\/uncategorized\/csik-janos-a-2016-os-bajnok\/#breadcrumb\"},\"inLanguage\":\"en-US\",\"potentialAction\":[{\"@type\":\"ReadAction\",\"target\":[\"https:\/\/www.swiftcupeurope.com\/2016\/uncategorized\/csik-janos-a-2016-os-bajnok\/\"]}]},{\"@type\":\"BreadcrumbList\",\"@id\":\"https:\/\/www.swiftcupeurope.com\/2016\/uncategorized\/csik-janos-a-2016-os-bajnok\/#breadcrumb\",\"itemListElement\":[{\"@type\":\"ListItem\",\"position\":1,\"name\":\"Kezd\u0151lap\",\"item\":\"https:\/\/www.swiftcupeurope.com\/\"},{\"@type\":\"ListItem\",\"position\":2,\"name\":\"Csik J\u00e1nos a 2016-os bajnok!\"}]},{\"@type\":\"WebSite\",\"@id\":\"https:\/\/www.swiftcupeurope.com\/#website\",\"url\":\"https:\/\/www.swiftcupeurope.com\/\",\"name\":\"FIA Swift Cup Europe\",\"description\":\"FIA Swift Cup Europe \/ Official Website\",\"publisher\":{\"@id\":\"https:\/\/www.swiftcupeurope.com\/#organization\"},\"potentialAction\":[{\"@type\":\"SearchAction\",\"target\":{\"@type\":\"EntryPoint\",\"urlTemplate\":\"https:\/\/www.swiftcupeurope.com\/?s={search_term_string}\"},\"query-input\":\"required name=search_term_string\"}],\"inLanguage\":\"en-US\"},{\"@type\":\"Organization\",\"@id\":\"https:\/\/www.swiftcupeurope.com\/#organization\",\"name\":\"FIA Swift Cup Europe\",\"url\":\"https:\/\/www.swiftcupeurope.com\/\",\"logo\":{\"@type\":\"ImageObject\",\"inLanguage\":\"en-US\",\"@id\":\"https:\/\/www.swiftcupeurope.com\/#\/schema\/logo\/image\/\",\"url\":\"https:\/\/www.swiftcupeurope.com\/wp-content\/uploads\/2021\/04\/cropped-sce_logo_2021inv.png\",\"contentUrl\":\"https:\/\/www.swiftcupeurope.com\/wp-content\/uploads\/2021\/04\/cropped-sce_logo_2021inv.png\",\"width\":600,\"height\":120,\"caption\":\"FIA Swift Cup Europe\"},\"image\":{\"@id\":\"https:\/\/www.swiftcupeurope.com\/#\/schema\/logo\/image\/\"}},{\"@type\":\"Person\",\"@id\":\"https:\/\/www.swiftcupeurope.com\/#\/schema\/person\/03cb2427aeeeeac4a49a03160d04e8fe\",\"name\":\"swiftcupeurope\",\"url\":\"https:\/\/www.swiftcupeurope.com\/en\/author\/swiftcupeurope\/\"}]}<\/script>\n<!-- \/ Yoast SEO Premium plugin. -->","yoast_head_json":{"title":"Csik J\u00e1nos a 2016-os bajnok! - FIA Swift Cup Europe","robots":{"index":"index","follow":"follow","max-snippet":"max-snippet:-1","max-image-preview":"max-image-preview:large","max-video-preview":"max-video-preview:-1"},"canonical":"https:\/\/www.swiftcupeurope.com\/en\/2016\/uncategorized\/csik-janos-a-2016-os-bajnok\/","og_locale":"en_US","og_type":"article","og_title":"Csik J\u00e1nos a 2016-os bajnok!","og_description":"Csik J\u00e1nos a bajnoks\u00e1g m\u00e1sodik hely\u00e9n \u00e1llt a Nagy Fin\u00e1l\u00e9, a Hungaroring-i h\u00e9tv\u00e9ge el\u0151tt. Tudhat\u00f3 volt, hogy a futameldob\u00e1sok miatt azonban j\u00f3l \u00e1ll, \u00edgy sz\u00e1m\u00e1ra fontos volt, hogy dobog\u00f3s helyeket szerezzen, \u00e9s ne essen ki az utols\u00f3 versenyeken. De mi az a futameldob\u00e1s? Mivel a sorozat igen hossz\u00fa, 16 versenyb\u0151l \u00e1ll, a szab\u00e1lyok szerint a [&hellip;]","og_url":"https:\/\/www.swiftcupeurope.com\/en\/2016\/uncategorized\/csik-janos-a-2016-os-bajnok\/","og_site_name":"FIA Swift Cup Europe","article_published_time":"2016-10-18T12:08:31+00:00","og_image":[{"width":1440,"height":874,"url":"https:\/\/www.swiftcupeurope.com\/wp-content\/uploads\/2016\/10\/IMG_0722.jpg","type":"image\/jpeg"}],"author":"swiftcupeurope","twitter_card":"summary_large_image","twitter_misc":{"Written by":"swiftcupeurope","Est. reading time":"5 minutes"},"schema":{"@context":"https:\/\/schema.org","@graph":[{"@type":"Article","@id":"https:\/\/www.swiftcupeurope.com\/2016\/uncategorized\/csik-janos-a-2016-os-bajnok\/#article","isPartOf":{"@id":"https:\/\/www.swiftcupeurope.com\/2016\/uncategorized\/csik-janos-a-2016-os-bajnok\/"},"author":{"name":"swiftcupeurope","@id":"https:\/\/www.swiftcupeurope.com\/#\/schema\/person\/03cb2427aeeeeac4a49a03160d04e8fe"},"headline":"Csik J\u00e1nos a 2016-os bajnok!","datePublished":"2016-10-18T12:08:31+00:00","dateModified":"2016-10-18T12:08:31+00:00","mainEntityOfPage":{"@id":"https:\/\/www.swiftcupeurope.com\/2016\/uncategorized\/csik-janos-a-2016-os-bajnok\/"},"wordCount":990,"commentCount":0,"publisher":{"@id":"https:\/\/www.swiftcupeurope.com\/#organization"},"inLanguage":"en-US","potentialAction":[{"@type":"CommentAction","name":"Comment","target":["https:\/\/www.swiftcupeurope.com\/2016\/uncategorized\/csik-janos-a-2016-os-bajnok\/#respond"]}]},{"@type":"WebPage","@id":"https:\/\/www.swiftcupeurope.com\/2016\/uncategorized\/csik-janos-a-2016-os-bajnok\/","url":"https:\/\/www.swiftcupeurope.com\/2016\/uncategorized\/csik-janos-a-2016-os-bajnok\/","name":"Csik J\u00e1nos a 2016-os bajnok! - FIA Swift Cup Europe","isPartOf":{"@id":"https:\/\/www.swiftcupeurope.com\/#website"},"datePublished":"2016-10-18T12:08:31+00:00","dateModified":"2016-10-18T12:08:31+00:00","breadcrumb":{"@id":"https:\/\/www.swiftcupeurope.com\/2016\/uncategorized\/csik-janos-a-2016-os-bajnok\/#breadcrumb"},"inLanguage":"en-US","potentialAction":[{"@type":"ReadAction","target":["https:\/\/www.swiftcupeurope.com\/2016\/uncategorized\/csik-janos-a-2016-os-bajnok\/"]}]},{"@type":"BreadcrumbList","@id":"https:\/\/www.swiftcupeurope.com\/2016\/uncategorized\/csik-janos-a-2016-os-bajnok\/#breadcrumb","itemListElement":[{"@type":"ListItem","position":1,"name":"Kezd\u0151lap","item":"https:\/\/www.swiftcupeurope.com\/"},{"@type":"ListItem","position":2,"name":"Csik J\u00e1nos a 2016-os bajnok!"}]},{"@type":"WebSite","@id":"https:\/\/www.swiftcupeurope.com\/#website","url":"https:\/\/www.swiftcupeurope.com\/","name":"FIA Swift Cup Europe","description":"FIA Swift Cup Europe \/ Official Website","publisher":{"@id":"https:\/\/www.swiftcupeurope.com\/#organization"},"potentialAction":[{"@type":"SearchAction","target":{"@type":"EntryPoint","urlTemplate":"https:\/\/www.swiftcupeurope.com\/?s={search_term_string}"},"query-input":"required name=search_term_string"}],"inLanguage":"en-US"},{"@type":"Organization","@id":"https:\/\/www.swiftcupeurope.com\/#organization","name":"FIA Swift Cup Europe","url":"https:\/\/www.swiftcupeurope.com\/","logo":{"@type":"ImageObject","inLanguage":"en-US","@id":"https:\/\/www.swiftcupeurope.com\/#\/schema\/logo\/image\/","url":"https:\/\/www.swiftcupeurope.com\/wp-content\/uploads\/2021\/04\/cropped-sce_logo_2021inv.png","contentUrl":"https:\/\/www.swiftcupeurope.com\/wp-content\/uploads\/2021\/04\/cropped-sce_logo_2021inv.png","width":600,"height":120,"caption":"FIA Swift Cup Europe"},"image":{"@id":"https:\/\/www.swiftcupeurope.com\/#\/schema\/logo\/image\/"}},{"@type":"Person","@id":"https:\/\/www.swiftcupeurope.com\/#\/schema\/person\/03cb2427aeeeeac4a49a03160d04e8fe","name":"swiftcupeurope","url":"https:\/\/www.swiftcupeurope.com\/en\/author\/swiftcupeurope\/"}]}},"_links":{"self":[{"href":"https:\/\/www.swiftcupeurope.com\/en\/wp-json\/wp\/v2\/posts\/4051"}],"collection":[{"href":"https:\/\/www.swiftcupeurope.com\/en\/wp-json\/wp\/v2\/posts"}],"about":[{"href":"https:\/\/www.swiftcupeurope.com\/en\/wp-json\/wp\/v2\/types\/post"}],"author":[{"embeddable":true,"href":"https:\/\/www.swiftcupeurope.com\/en\/wp-json\/wp\/v2\/users\/2"}],"replies":[{"embeddable":true,"href":"https:\/\/www.swiftcupeurope.com\/en\/wp-json\/wp\/v2\/comments?post=4051"}],"version-history":[{"count":0,"href":"https:\/\/www.swiftcupeurope.com\/en\/wp-json\/wp\/v2\/posts\/4051\/revisions"}],"wp:featuredmedia":[{"embeddable":true,"href":"https:\/\/www.swiftcupeurope.com\/en\/wp-json\/wp\/v2\/media\/4144"}],"wp:attachment":[{"href":"https:\/\/www.swiftcupeurope.com\/en\/wp-json\/wp\/v2\/media?parent=4051"}],"wp:term":[{"taxonomy":"category","embeddable":true,"href":"https:\/\/www.swiftcupeurope.com\/en\/wp-json\/wp\/v2\/categories?post=4051"},{"taxonomy":"post_tag","embeddable":true,"href":"https:\/\/www.swiftcupeurope.com\/en\/wp-json\/wp\/v2\/tags?post=4051"}],"curies":[{"name":"wp","href":"https:\/\/api.w.org\/{rel}","templated":true}]}}