{"id":4032,"date":"2016-10-06T18:34:20","date_gmt":"2016-10-06T18:34:20","guid":{"rendered":"http:\/\/swiftcupeurope.com\/?p=4032"},"modified":"2016-10-06T18:34:20","modified_gmt":"2016-10-06T18:34:20","slug":"benyo-mate-az-uj-europa-alapitvany-jubileumi-tehetsegfesztivaljan","status":"publish","type":"post","link":"https:\/\/www.swiftcupeurope.com\/en\/2016\/uncategorized\/benyo-mate-az-uj-europa-alapitvany-jubileumi-tehetsegfesztivaljan\/","title":{"rendered":"Beny\u00f3 M\u00e1t\u00e9 az \u00daj Eur\u00f3pa Alap\u00edtv\u00e1ny jubileumi Tehets\u00e9gfesztiv\u00e1lj\u00e1n"},"content":{"rendered":"<p>Fenn\u00e1ll\u00e1s\u00e1nak t\u00edz\u00e9ves jubileum\u00e1t \u00fcnnepelte a MOL \u00daj Eur\u00f3pa Alap\u00edtv\u00e1ny. A szervezet egy \u00e9vtizede t\u00e1mogatja a tizennyolc \u00e9vn\u00e9l fiatalabb sportol\u00f3kat, m\u0171v\u00e9szeti \u00e9s tudom\u00e1nyos tehets\u00e9geket, valamint a gyermekgy\u00f3gy\u00edt\u00f3 programokat v\u00e9gz\u0151 civil szervezeteket. Az alap\u00edtv\u00e1ny t\u00f6bb mint egymilli\u00e1rd forintot osztott ki, \u00e9s t\u00f6bb t\u00edzezer fiatalt t\u00e1mogatott az elm\u00falt t\u00edz \u00e9vben. A t\u00e1mogatottak k\u00f6z\u00f6tt a nemzetk\u00f6zi szinten is kiemelked\u0151en sikeres hazai aut\u00f3sportb\u00f3l is megtal\u00e1lhat\u00f3 egy fiatal tehets\u00e9g.<\/p>\n<p>A MOL \u00daj Eur\u00f3pa Alap\u00edtv\u00e1ny t\u00edz\u00e9ves fenn\u00e1ll\u00e1s\u00e1t \u00fcnnepl\u0151 esem\u00e9nyt okt\u00f3ber 1-j\u00e9n rendeztek meg a budapesti Millen\u00e1rison. A rendezv\u00e9nyen bemutatt\u00e1k az \u201e\u00daj Eur\u00f3pa Alap\u00edtv\u00e1ny arcait\u201d, akikre az alap\u00edtv\u00e1ny internetes oldal\u00e1n lehetett szavazni.<\/p>\n<p><a href=\"http:\/\/swiftcupeurope.com\/wp-content\/uploads\/2016\/10\/MOLujeuropaszim.jpg\"><img fetchpriority=\"high\" decoding=\"async\" class=\"alignleft size-medium wp-image-4035\" src=\"http:\/\/swiftcupeurope.com\/wp-content\/uploads\/2016\/10\/MOLujeuropaszim-300x200.jpg\" alt=\"molujeuropaszim\" width=\"300\" height=\"200\" \/><\/a>A hazai aut\u00f3sportot a rendezv\u00e9nyen a <strong>Swift Cup Europe<\/strong> kor\u00e1bbi junior bajnoka <strong>Beny\u00f3 M\u00e1t\u00e9<\/strong> k\u00e9pviselte, aki az id\u00e9n m\u00e1r m\u00e1sodik \u00e9vben nyert el t\u00e1mogat\u00e1st az alap\u00edtv\u00e1nyt\u00f3l sikeres p\u00e1ly\u00e1zat\u00e1val. M\u00e1t\u00e9 \u00e9s csapata a rendezv\u00e9nyre egy kis meglepet\u00e9ssel is szolg\u00e1lt ugyanis a vend\u00e9gek egy versenyaut\u00f3 szimul\u00e1toron k\u00f3stolhattak bele egy kicsit az aut\u00f3sport izgalmas vil\u00e1g\u00e1ba.<\/p>\n<p>\u00d6r\u00f6mteli dolog, hogy az egyik legismertebb, legnagyobb hazai v\u00e1llalat \u00e1ltal szponzor\u00e1lt alap\u00edtv\u00e1ny szeretett sport\u00e1gunkban is hozz\u00e1j\u00e1rul egy fiatal tehets\u00e9g\u00fcnk sikereihez!<\/p>\n<p>forr\u00e1s:Boncz Elek<\/p>","protected":false},"excerpt":{"rendered":"<p>Fenn\u00e1ll\u00e1s\u00e1nak t\u00edz\u00e9ves jubileum\u00e1t \u00fcnnepelte a MOL \u00daj Eur\u00f3pa Alap\u00edtv\u00e1ny. A szervezet egy \u00e9vtizede t\u00e1mogatja a tizennyolc \u00e9vn\u00e9l fiatalabb sportol\u00f3kat, m\u0171v\u00e9szeti \u00e9s tudom\u00e1nyos tehets\u00e9geket, valamint a gyermekgy\u00f3gy\u00edt\u00f3 programokat v\u00e9gz\u0151 civil szervezeteket. Az alap\u00edtv\u00e1ny t\u00f6bb mint egymilli\u00e1rd forintot osztott ki, \u00e9s t\u00f6bb t\u00edzezer fiatalt t\u00e1mogatott az elm\u00falt t\u00edz \u00e9vben. A t\u00e1mogatottak k\u00f6z\u00f6tt a nemzetk\u00f6zi szinten is kiemelked\u0151en [&hellip;]<\/p>","protected":false},"author":2,"featured_media":4034,"comment_status":"open","ping_status":"open","sticky":false,"template":"","format":"standard","meta":{"footnotes":""},"categories":[1],"tags":[],"yoast_head":"<!-- This site is optimized with the Yoast SEO Premium plugin v21.1 (Yoast SEO v21.7) - https:\/\/yoast.com\/wordpress\/plugins\/seo\/ -->\n<title>Beny\u00f3 M\u00e1t\u00e9 az \u00daj Eur\u00f3pa Alap\u00edtv\u00e1ny jubileumi Tehets\u00e9gfesztiv\u00e1lj\u00e1n - FIA Swift Cup Europe<\/title>\n<meta name=\"robots\" content=\"index, follow, max-snippet:-1, max-image-preview:large, max-video-preview:-1\" \/>\n<link rel=\"canonical\" href=\"https:\/\/www.swiftcupeurope.com\/en\/2016\/uncategorized\/benyo-mate-az-uj-europa-alapitvany-jubileumi-tehetsegfesztivaljan\/\" \/>\n<meta property=\"og:locale\" content=\"en_US\" \/>\n<meta property=\"og:type\" content=\"article\" \/>\n<meta property=\"og:title\" content=\"Beny\u00f3 M\u00e1t\u00e9 az \u00daj Eur\u00f3pa Alap\u00edtv\u00e1ny jubileumi Tehets\u00e9gfesztiv\u00e1lj\u00e1n\" \/>\n<meta property=\"og:description\" content=\"Fenn\u00e1ll\u00e1s\u00e1nak t\u00edz\u00e9ves jubileum\u00e1t \u00fcnnepelte a MOL \u00daj Eur\u00f3pa Alap\u00edtv\u00e1ny. A szervezet egy \u00e9vtizede t\u00e1mogatja a tizennyolc \u00e9vn\u00e9l fiatalabb sportol\u00f3kat, m\u0171v\u00e9szeti \u00e9s tudom\u00e1nyos tehets\u00e9geket, valamint a gyermekgy\u00f3gy\u00edt\u00f3 programokat v\u00e9gz\u0151 civil szervezeteket. Az alap\u00edtv\u00e1ny t\u00f6bb mint egymilli\u00e1rd forintot osztott ki, \u00e9s t\u00f6bb t\u00edzezer fiatalt t\u00e1mogatott az elm\u00falt t\u00edz \u00e9vben. A t\u00e1mogatottak k\u00f6z\u00f6tt a nemzetk\u00f6zi szinten is kiemelked\u0151en [&hellip;]\" \/>\n<meta property=\"og:url\" content=\"https:\/\/www.swiftcupeurope.com\/en\/2016\/uncategorized\/benyo-mate-az-uj-europa-alapitvany-jubileumi-tehetsegfesztivaljan\/\" \/>\n<meta property=\"og:site_name\" content=\"FIA Swift Cup Europe\" \/>\n<meta property=\"article:published_time\" content=\"2016-10-06T18:34:20+00:00\" \/>\n<meta property=\"og:image\" content=\"https:\/\/www.swiftcupeurope.com\/wp-content\/uploads\/2016\/10\/MOLujeuropaMate.jpg\" \/>\n\t<meta property=\"og:image:width\" content=\"960\" \/>\n\t<meta property=\"og:image:height\" content=\"576\" \/>\n\t<meta property=\"og:image:type\" content=\"image\/jpeg\" \/>\n<meta name=\"author\" content=\"swiftcupeurope\" \/>\n<meta name=\"twitter:card\" content=\"summary_large_image\" \/>\n<meta name=\"twitter:label1\" content=\"Written by\" \/>\n\t<meta name=\"twitter:data1\" content=\"swiftcupeurope\" \/>\n\t<meta name=\"twitter:label2\" content=\"Est. reading time\" \/>\n\t<meta name=\"twitter:data2\" content=\"1 minute\" \/>\n<script type=\"application\/ld+json\" class=\"yoast-schema-graph\">{\"@context\":\"https:\/\/schema.org\",\"@graph\":[{\"@type\":\"Article\",\"@id\":\"https:\/\/www.swiftcupeurope.com\/en\/2016\/uncategorized\/benyo-mate-az-uj-europa-alapitvany-jubileumi-tehetsegfesztivaljan\/#article\",\"isPartOf\":{\"@id\":\"https:\/\/www.swiftcupeurope.com\/en\/2016\/uncategorized\/benyo-mate-az-uj-europa-alapitvany-jubileumi-tehetsegfesztivaljan\/\"},\"author\":{\"name\":\"swiftcupeurope\",\"@id\":\"https:\/\/www.swiftcupeurope.com\/#\/schema\/person\/03cb2427aeeeeac4a49a03160d04e8fe\"},\"headline\":\"Beny\u00f3 M\u00e1t\u00e9 az \u00daj Eur\u00f3pa Alap\u00edtv\u00e1ny jubileumi Tehets\u00e9gfesztiv\u00e1lj\u00e1n\",\"datePublished\":\"2016-10-06T18:34:20+00:00\",\"dateModified\":\"2016-10-06T18:34:20+00:00\",\"mainEntityOfPage\":{\"@id\":\"https:\/\/www.swiftcupeurope.com\/en\/2016\/uncategorized\/benyo-mate-az-uj-europa-alapitvany-jubileumi-tehetsegfesztivaljan\/\"},\"wordCount\":278,\"commentCount\":0,\"publisher\":{\"@id\":\"https:\/\/www.swiftcupeurope.com\/#organization\"},\"inLanguage\":\"en-US\",\"potentialAction\":[{\"@type\":\"CommentAction\",\"name\":\"Comment\",\"target\":[\"https:\/\/www.swiftcupeurope.com\/en\/2016\/uncategorized\/benyo-mate-az-uj-europa-alapitvany-jubileumi-tehetsegfesztivaljan\/#respond\"]}]},{\"@type\":\"WebPage\",\"@id\":\"https:\/\/www.swiftcupeurope.com\/en\/2016\/uncategorized\/benyo-mate-az-uj-europa-alapitvany-jubileumi-tehetsegfesztivaljan\/\",\"url\":\"https:\/\/www.swiftcupeurope.com\/en\/2016\/uncategorized\/benyo-mate-az-uj-europa-alapitvany-jubileumi-tehetsegfesztivaljan\/\",\"name\":\"Beny\u00f3 M\u00e1t\u00e9 az \u00daj Eur\u00f3pa Alap\u00edtv\u00e1ny jubileumi Tehets\u00e9gfesztiv\u00e1lj\u00e1n - FIA Swift Cup Europe\",\"isPartOf\":{\"@id\":\"https:\/\/www.swiftcupeurope.com\/#website\"},\"datePublished\":\"2016-10-06T18:34:20+00:00\",\"dateModified\":\"2016-10-06T18:34:20+00:00\",\"breadcrumb\":{\"@id\":\"https:\/\/www.swiftcupeurope.com\/en\/2016\/uncategorized\/benyo-mate-az-uj-europa-alapitvany-jubileumi-tehetsegfesztivaljan\/#breadcrumb\"},\"inLanguage\":\"en-US\",\"potentialAction\":[{\"@type\":\"ReadAction\",\"target\":[\"https:\/\/www.swiftcupeurope.com\/en\/2016\/uncategorized\/benyo-mate-az-uj-europa-alapitvany-jubileumi-tehetsegfesztivaljan\/\"]}]},{\"@type\":\"BreadcrumbList\",\"@id\":\"https:\/\/www.swiftcupeurope.com\/en\/2016\/uncategorized\/benyo-mate-az-uj-europa-alapitvany-jubileumi-tehetsegfesztivaljan\/#breadcrumb\",\"itemListElement\":[{\"@type\":\"ListItem\",\"position\":1,\"name\":\"Kezd\u0151lap\",\"item\":\"https:\/\/www.swiftcupeurope.com\/\"},{\"@type\":\"ListItem\",\"position\":2,\"name\":\"Beny\u00f3 M\u00e1t\u00e9 az \u00daj Eur\u00f3pa Alap\u00edtv\u00e1ny jubileumi Tehets\u00e9gfesztiv\u00e1lj\u00e1n\"}]},{\"@type\":\"WebSite\",\"@id\":\"https:\/\/www.swiftcupeurope.com\/#website\",\"url\":\"https:\/\/www.swiftcupeurope.com\/\",\"name\":\"FIA Swift Cup Europe\",\"description\":\"FIA Swift Cup Europe \/ Official Website\",\"publisher\":{\"@id\":\"https:\/\/www.swiftcupeurope.com\/#organization\"},\"potentialAction\":[{\"@type\":\"SearchAction\",\"target\":{\"@type\":\"EntryPoint\",\"urlTemplate\":\"https:\/\/www.swiftcupeurope.com\/?s={search_term_string}\"},\"query-input\":\"required name=search_term_string\"}],\"inLanguage\":\"en-US\"},{\"@type\":\"Organization\",\"@id\":\"https:\/\/www.swiftcupeurope.com\/#organization\",\"name\":\"FIA Swift Cup Europe\",\"url\":\"https:\/\/www.swiftcupeurope.com\/\",\"logo\":{\"@type\":\"ImageObject\",\"inLanguage\":\"en-US\",\"@id\":\"https:\/\/www.swiftcupeurope.com\/#\/schema\/logo\/image\/\",\"url\":\"https:\/\/www.swiftcupeurope.com\/wp-content\/uploads\/2021\/04\/cropped-sce_logo_2021inv.png\",\"contentUrl\":\"https:\/\/www.swiftcupeurope.com\/wp-content\/uploads\/2021\/04\/cropped-sce_logo_2021inv.png\",\"width\":600,\"height\":120,\"caption\":\"FIA Swift Cup Europe\"},\"image\":{\"@id\":\"https:\/\/www.swiftcupeurope.com\/#\/schema\/logo\/image\/\"}},{\"@type\":\"Person\",\"@id\":\"https:\/\/www.swiftcupeurope.com\/#\/schema\/person\/03cb2427aeeeeac4a49a03160d04e8fe\",\"name\":\"swiftcupeurope\",\"url\":\"https:\/\/www.swiftcupeurope.com\/en\/author\/swiftcupeurope\/\"}]}<\/script>\n<!-- \/ Yoast SEO Premium plugin. -->","yoast_head_json":{"title":"Beny\u00f3 M\u00e1t\u00e9 az \u00daj Eur\u00f3pa Alap\u00edtv\u00e1ny jubileumi Tehets\u00e9gfesztiv\u00e1lj\u00e1n - FIA Swift Cup Europe","robots":{"index":"index","follow":"follow","max-snippet":"max-snippet:-1","max-image-preview":"max-image-preview:large","max-video-preview":"max-video-preview:-1"},"canonical":"https:\/\/www.swiftcupeurope.com\/en\/2016\/uncategorized\/benyo-mate-az-uj-europa-alapitvany-jubileumi-tehetsegfesztivaljan\/","og_locale":"en_US","og_type":"article","og_title":"Beny\u00f3 M\u00e1t\u00e9 az \u00daj Eur\u00f3pa Alap\u00edtv\u00e1ny jubileumi Tehets\u00e9gfesztiv\u00e1lj\u00e1n","og_description":"Fenn\u00e1ll\u00e1s\u00e1nak t\u00edz\u00e9ves jubileum\u00e1t \u00fcnnepelte a MOL \u00daj Eur\u00f3pa Alap\u00edtv\u00e1ny. A szervezet egy \u00e9vtizede t\u00e1mogatja a tizennyolc \u00e9vn\u00e9l fiatalabb sportol\u00f3kat, m\u0171v\u00e9szeti \u00e9s tudom\u00e1nyos tehets\u00e9geket, valamint a gyermekgy\u00f3gy\u00edt\u00f3 programokat v\u00e9gz\u0151 civil szervezeteket. Az alap\u00edtv\u00e1ny t\u00f6bb mint egymilli\u00e1rd forintot osztott ki, \u00e9s t\u00f6bb t\u00edzezer fiatalt t\u00e1mogatott az elm\u00falt t\u00edz \u00e9vben. A t\u00e1mogatottak k\u00f6z\u00f6tt a nemzetk\u00f6zi szinten is kiemelked\u0151en [&hellip;]","og_url":"https:\/\/www.swiftcupeurope.com\/en\/2016\/uncategorized\/benyo-mate-az-uj-europa-alapitvany-jubileumi-tehetsegfesztivaljan\/","og_site_name":"FIA Swift Cup Europe","article_published_time":"2016-10-06T18:34:20+00:00","og_image":[{"width":960,"height":576,"url":"https:\/\/www.swiftcupeurope.com\/wp-content\/uploads\/2016\/10\/MOLujeuropaMate.jpg","type":"image\/jpeg"}],"author":"swiftcupeurope","twitter_card":"summary_large_image","twitter_misc":{"Written by":"swiftcupeurope","Est. reading time":"1 minute"},"schema":{"@context":"https:\/\/schema.org","@graph":[{"@type":"Article","@id":"https:\/\/www.swiftcupeurope.com\/en\/2016\/uncategorized\/benyo-mate-az-uj-europa-alapitvany-jubileumi-tehetsegfesztivaljan\/#article","isPartOf":{"@id":"https:\/\/www.swiftcupeurope.com\/en\/2016\/uncategorized\/benyo-mate-az-uj-europa-alapitvany-jubileumi-tehetsegfesztivaljan\/"},"author":{"name":"swiftcupeurope","@id":"https:\/\/www.swiftcupeurope.com\/#\/schema\/person\/03cb2427aeeeeac4a49a03160d04e8fe"},"headline":"Beny\u00f3 M\u00e1t\u00e9 az \u00daj Eur\u00f3pa Alap\u00edtv\u00e1ny jubileumi Tehets\u00e9gfesztiv\u00e1lj\u00e1n","datePublished":"2016-10-06T18:34:20+00:00","dateModified":"2016-10-06T18:34:20+00:00","mainEntityOfPage":{"@id":"https:\/\/www.swiftcupeurope.com\/en\/2016\/uncategorized\/benyo-mate-az-uj-europa-alapitvany-jubileumi-tehetsegfesztivaljan\/"},"wordCount":278,"commentCount":0,"publisher":{"@id":"https:\/\/www.swiftcupeurope.com\/#organization"},"inLanguage":"en-US","potentialAction":[{"@type":"CommentAction","name":"Comment","target":["https:\/\/www.swiftcupeurope.com\/en\/2016\/uncategorized\/benyo-mate-az-uj-europa-alapitvany-jubileumi-tehetsegfesztivaljan\/#respond"]}]},{"@type":"WebPage","@id":"https:\/\/www.swiftcupeurope.com\/en\/2016\/uncategorized\/benyo-mate-az-uj-europa-alapitvany-jubileumi-tehetsegfesztivaljan\/","url":"https:\/\/www.swiftcupeurope.com\/en\/2016\/uncategorized\/benyo-mate-az-uj-europa-alapitvany-jubileumi-tehetsegfesztivaljan\/","name":"Beny\u00f3 M\u00e1t\u00e9 az \u00daj Eur\u00f3pa Alap\u00edtv\u00e1ny jubileumi Tehets\u00e9gfesztiv\u00e1lj\u00e1n - FIA Swift Cup Europe","isPartOf":{"@id":"https:\/\/www.swiftcupeurope.com\/#website"},"datePublished":"2016-10-06T18:34:20+00:00","dateModified":"2016-10-06T18:34:20+00:00","breadcrumb":{"@id":"https:\/\/www.swiftcupeurope.com\/en\/2016\/uncategorized\/benyo-mate-az-uj-europa-alapitvany-jubileumi-tehetsegfesztivaljan\/#breadcrumb"},"inLanguage":"en-US","potentialAction":[{"@type":"ReadAction","target":["https:\/\/www.swiftcupeurope.com\/en\/2016\/uncategorized\/benyo-mate-az-uj-europa-alapitvany-jubileumi-tehetsegfesztivaljan\/"]}]},{"@type":"BreadcrumbList","@id":"https:\/\/www.swiftcupeurope.com\/en\/2016\/uncategorized\/benyo-mate-az-uj-europa-alapitvany-jubileumi-tehetsegfesztivaljan\/#breadcrumb","itemListElement":[{"@type":"ListItem","position":1,"name":"Kezd\u0151lap","item":"https:\/\/www.swiftcupeurope.com\/"},{"@type":"ListItem","position":2,"name":"Beny\u00f3 M\u00e1t\u00e9 az \u00daj Eur\u00f3pa Alap\u00edtv\u00e1ny jubileumi Tehets\u00e9gfesztiv\u00e1lj\u00e1n"}]},{"@type":"WebSite","@id":"https:\/\/www.swiftcupeurope.com\/#website","url":"https:\/\/www.swiftcupeurope.com\/","name":"FIA Swift Cup Europe","description":"FIA Swift Cup Europe \/ Official Website","publisher":{"@id":"https:\/\/www.swiftcupeurope.com\/#organization"},"potentialAction":[{"@type":"SearchAction","target":{"@type":"EntryPoint","urlTemplate":"https:\/\/www.swiftcupeurope.com\/?s={search_term_string}"},"query-input":"required name=search_term_string"}],"inLanguage":"en-US"},{"@type":"Organization","@id":"https:\/\/www.swiftcupeurope.com\/#organization","name":"FIA Swift Cup Europe","url":"https:\/\/www.swiftcupeurope.com\/","logo":{"@type":"ImageObject","inLanguage":"en-US","@id":"https:\/\/www.swiftcupeurope.com\/#\/schema\/logo\/image\/","url":"https:\/\/www.swiftcupeurope.com\/wp-content\/uploads\/2021\/04\/cropped-sce_logo_2021inv.png","contentUrl":"https:\/\/www.swiftcupeurope.com\/wp-content\/uploads\/2021\/04\/cropped-sce_logo_2021inv.png","width":600,"height":120,"caption":"FIA Swift Cup Europe"},"image":{"@id":"https:\/\/www.swiftcupeurope.com\/#\/schema\/logo\/image\/"}},{"@type":"Person","@id":"https:\/\/www.swiftcupeurope.com\/#\/schema\/person\/03cb2427aeeeeac4a49a03160d04e8fe","name":"swiftcupeurope","url":"https:\/\/www.swiftcupeurope.com\/en\/author\/swiftcupeurope\/"}]}},"_links":{"self":[{"href":"https:\/\/www.swiftcupeurope.com\/en\/wp-json\/wp\/v2\/posts\/4032"}],"collection":[{"href":"https:\/\/www.swiftcupeurope.com\/en\/wp-json\/wp\/v2\/posts"}],"about":[{"href":"https:\/\/www.swiftcupeurope.com\/en\/wp-json\/wp\/v2\/types\/post"}],"author":[{"embeddable":true,"href":"https:\/\/www.swiftcupeurope.com\/en\/wp-json\/wp\/v2\/users\/2"}],"replies":[{"embeddable":true,"href":"https:\/\/www.swiftcupeurope.com\/en\/wp-json\/wp\/v2\/comments?post=4032"}],"version-history":[{"count":0,"href":"https:\/\/www.swiftcupeurope.com\/en\/wp-json\/wp\/v2\/posts\/4032\/revisions"}],"wp:featuredmedia":[{"embeddable":true,"href":"https:\/\/www.swiftcupeurope.com\/en\/wp-json\/wp\/v2\/media\/4034"}],"wp:attachment":[{"href":"https:\/\/www.swiftcupeurope.com\/en\/wp-json\/wp\/v2\/media?parent=4032"}],"wp:term":[{"taxonomy":"category","embeddable":true,"href":"https:\/\/www.swiftcupeurope.com\/en\/wp-json\/wp\/v2\/categories?post=4032"},{"taxonomy":"post_tag","embeddable":true,"href":"https:\/\/www.swiftcupeurope.com\/en\/wp-json\/wp\/v2\/tags?post=4032"}],"curies":[{"name":"wp","href":"https:\/\/api.w.org\/{rel}","templated":true}]}}