{"id":4027,"date":"2016-10-05T09:36:59","date_gmt":"2016-10-05T09:36:59","guid":{"rendered":"http:\/\/swiftcupeurope.com\/?p=4027"},"modified":"2016-10-05T09:36:59","modified_gmt":"2016-10-05T09:36:59","slug":"ki-lehet-a-bajnok","status":"publish","type":"post","link":"https:\/\/www.swiftcupeurope.com\/en\/2016\/uncategorized\/ki-lehet-a-bajnok\/","title":{"rendered":"Ki lehet a bajnok?"},"content":{"rendered":"<p>Okt\u00f3ber k\u00f6zep\u00e9n a FIA Swift Cup Europe az utols\u00f3 mindent eld\u00f6nt\u0151 versenyh\u00e9tv\u00e9g\u00e9j\u00e9hez \u00e9rkezik, amelynek helysz\u00edne ism\u00e9t a Hungaroring lesz. Hossz\u00fa \u00e9s fordulatos id\u00e9ny \u00e1ll a versenyz\u0151k m\u00f6g\u00f6tt, m\u00e9gsem d\u0151lt el kihez ker\u00fcl a 2016-os bajnoki c\u00edm. S\u0151t!\u00a0<strong>Soha ilyen szoros \u00e9s izgalmas szezonz\u00e1r\u00f3t nem l\u00e1thattunk m\u00e9g a kupa t\u00f6rt\u00e9net\u00e9ben.<\/strong><\/p>\n<p>Az idei bajnoks\u00e1g 16 futamot \u00e9s 7 versenyh\u00e9tv\u00e9g\u00e9t foglal mag\u00e1ba. Fontos szab\u00e1ly a Swift Cup Europe sorozatban, hogy a\u00a0<strong>h\u00e1rom legrosszabb eredm\u00e9ny minuszol\u00e1sra ker\u00fcl<\/strong>, azaz az \u00f6sszpontsz\u00e1mb\u00f3l levon\u00f3dik. Ide nemcsak a legrosszabb eredm\u00e9ny tartozik, hanem a kies\u00e9s, vagy az olyan esetek, ahol a pil\u00f3ta nevezett, de nem tudott elrajtolni.<\/p>\n<p>A bajnoks\u00e1g szempontj\u00e1b\u00f3l, most az\u00a0<a href=\"https:\/\/www.swiftcupeurope.com\/en\/fia-swift-cup-europe-2016\/\" target=\"_blank\">FIA \u00e9rt\u00e9kel\u00e9st n\u00e9zz\u00fck<\/a>, hiszen ez a f\u0151bajnoks\u00e1g. Ezen k\u00edv\u00fcl term\u00e9szetesen \u00e9v v\u00e9g\u00e9n a magyar bajnokot, az 1.3-sok gy\u0151ztes\u00e9t, a legjobb senior \u00e9s junior versenyz\u0151t, valamint legsikeresebb h\u00f6lgyversenyz\u0151t is kihirdetj\u00fck.<\/p>\n<p>A sz\u00e1molgat\u00e1shoz fontos tudni, hogy az utols\u00f3 h\u00e9tv\u00e9ge folyam\u00e1n \u00f6sszesen 64 pont gy\u0171jthet\u0151.<\/p>\n<p><strong>N\u00e9zz\u00fck, hogy \u00e1ll a bajnoks\u00e1g, \u00e9s kik az es\u00e9lyesek?<\/strong><\/p>\n<ol>\n<li><strong>Bernula Istv\u00e1n &#8211; 164 pont<\/strong><\/li>\n<\/ol>\n<p><a href=\"http:\/\/swiftcupeurope.com\/wp-content\/uploads\/2016\/08\/sz3_dsc_0012.jpg\"><img decoding=\"async\" class=\"alignleft size-thumbnail wp-image-3638\" src=\"http:\/\/swiftcupeurope.com\/wp-content\/uploads\/2016\/08\/sz3_dsc_0012-150x150.jpg\" alt=\"sz3_dsc_0012\" width=\"150\" height=\"150\" \/><\/a>Bernula 2015-ben m\u00e1r bajnok lett, akkor\u00a0<a href=\"https:\/\/www.swiftcupeurope.com\/en\/fia-swift-cup-europe-2015\/\" target=\"_blank\">Tomas Bizub-al holtversenyben<\/a>\u00a0osztoztak a bajnoki tr\u00f3fe\u00e1n. Nem is lehet k\u00e9rd\u00e9s, hogy id\u00e9n c\u00edmv\u00e9d\u00e9sre k\u00e9sz\u00fcl. A pontversenyben ugyan az \u00e9len j\u00e1r, de a h\u00e1rom legrosszabb eredm\u00e9ny eldob\u00e1s\u00e1val k\u00f6zel sem \u00e1ll olyan j\u00f3l. Sz\u00e1m\u00e1ra fontos lesz, hogy a h\u00e1rom hungaroringi futamon a m\u00e1sik k\u00e9t nagy es\u00e9lyes, Csik J\u00e1nos \u00e9s Moln\u00e1r Bendeg\u00faz el\u0151tt v\u00e9gezzen. Bernula nagy p\u00e1lyatapasztalattal indul neki a h\u00e9tv\u00e9g\u00e9nek, ahol minden es\u00e9lye megvan a dupl\u00e1z\u00e1sra.<\/p>\n<p>2. <strong>Csik J\u00e1nos &#8211; 157 pont<\/strong><\/p>\n<p><a href=\"http:\/\/swiftcupeurope.com\/wp-content\/uploads\/2016\/08\/DSC1199.jpg\"><img decoding=\"async\" class=\"alignleft size-thumbnail wp-image-3906\" src=\"http:\/\/swiftcupeurope.com\/wp-content\/uploads\/2016\/08\/DSC1199-150x150.jpg\" alt=\"_DSC1199\" width=\"150\" height=\"150\" \/><\/a>Tal\u00e1n Csik J\u00e1nos \u00e1ll legjobban a futameldob\u00e1sok tekintet\u00e9ben: 157 pontja van, h\u00e1rom futam minuszol\u00e1ssal pedig 154 pontja. Az \u00e9rett, j\u00f3l taktik\u00e1z\u00f3 \u00e9s legt\u00f6bb \u2013 n\u00e9gy- gy\u0151zelemmel rendelkez\u0151 versenyz\u0151 m\u00e9gsem d\u0151lhet h\u00e1tra, hiszen egy meging\u00e1s vagy rosszabb eredm\u00e9ny a bajnoki c\u00edm elveszt\u00e9s\u00e9t jelentheti sz\u00e1m\u00e1ra. Legoptim\u00e1lisabb esetben el\u00e9g lehet, ha \u201ck\u00f6rbeverik\u201d egym\u00e1st a vet\u00e9lyt\u00e1rsaival, \u00e1m az elm\u00falt versenyeket n\u00e9zve a Swift Cup Europe mez\u0151nye tartogathat m\u00e9g meglepet\u00e9seket Csik, \u00e9s a n\u00e9z\u0151k sz\u00e1m\u00e1ra.<\/p>\n<p>3. <strong>Moln\u00e1r Bendeg\u00faz &#8211; 155 pont<\/strong><\/p>\n<p><a href=\"http:\/\/swiftcupeurope.com\/wp-content\/uploads\/2016\/06\/DSC09371.jpg\"><img decoding=\"async\" class=\"alignleft size-thumbnail wp-image-3405\" src=\"http:\/\/swiftcupeurope.com\/wp-content\/uploads\/2016\/06\/DSC09371-150x150.jpg\" alt=\"DSC09371\" width=\"150\" height=\"150\" \/><\/a>A meglepet\u00e9s ember, mondan\u00e1 az, aki nem k\u00f6veti figyelemmel a sorozatot. De a RaceStar program m\u00e1r 2015-ben is bizony\u00edtott, akkor Bizub bajnok lett Bernul\u00e1val holtversenyben. A RaceStar tehets\u00e9gkutat\u00f3 idei gy\u0151ztese szint\u00e9n kit\u0171n\u0151en szerepel a szezonban, Moln\u00e1r Bendeg\u00faz az \u00e9llovasok k\u00f6z\u00f6tt j\u00e1r \u00e9s a m\u00ednuszol\u00e1st figyelembe v\u00e9ve jobban \u00e1ll, mint Bernula Istv\u00e1n. H\u00e1rom futamgy\u0151zelme van, igaz sokszor volt balszerencs\u00e9s is. A tapasztalat nem mellette sz\u00f3l, de egyk\u00f6r\u00f6s temp\u00f3ja megk\u00e9rd\u0151jelezhetetlen. Eg\u00e9sz \u00e9vben dinamikusan fejl\u0151d\u00f6tt, ha fejben \u00f6ssze tudja rakni a h\u00e9tv\u00e9g\u00e9t, \u00e9s hib\u00e1tlanul versenyzik, bajnok lehet. Ehhez azonban le kell gy\u0151znie k\u00e9t f\u0151 riv\u00e1lis\u00e1t.<\/p>\n<p>4. <strong>Forrai G\u00e1bor &#8211; 153 pont<\/strong><\/p>\n<p><a href=\"http:\/\/swiftcupeurope.com\/wp-content\/uploads\/2016\/06\/DSC09096.jpg\"><img loading=\"lazy\" decoding=\"async\" class=\"alignleft size-thumbnail wp-image-3367\" src=\"http:\/\/swiftcupeurope.com\/wp-content\/uploads\/2016\/06\/DSC09096-150x150.jpg\" alt=\"DSC09096\" width=\"150\" height=\"150\" \/><\/a>Forrai az, aki megkavarhatja a k\u00e1rty\u00e1kat. A futameldob\u00e1sokat tekintve ugyan \u0150 \u00e1ll a legrosszabbul az \u00e9len \u00e1ll\u00f3k k\u00f6z\u00fcl, de m\u00e1r minden vet\u00e9lyt\u00e1rs\u00e1t le tudta gy\u0151zni futamon. Id\u00e9n nincs gy\u0151zelem m\u00e9g a neve mellett, amely f\u0151k\u00e9nt a rajtjainak k\u00f6sz\u00f6nhet\u0151 \u00e1m ha ezen t\u00fal tud lend\u00fclni, meglepet\u00e9st okozhat. Egy k\u00f6r\u00f6n megvan a temp\u00f3ja, \u00e9s ha v\u00e9gre megszerezi els\u0151 gy\u0151zelm\u00e9t, egyb\u0151l a bajnoki aspir\u00e1nsok k\u00f6z\u00e9 ugrik. De ehhez gy\u0151znie kell!<\/p>\n<p>5. <strong>Balogh Zolt\u00e1n &#8211; 136 pont<\/strong><\/p>\n<p><a href=\"http:\/\/swiftcupeurope.com\/wp-content\/uploads\/2016\/05\/DSC2189.jpg\"><img loading=\"lazy\" decoding=\"async\" class=\"alignleft size-thumbnail wp-image-3079\" src=\"http:\/\/swiftcupeurope.com\/wp-content\/uploads\/2016\/05\/DSC2189-150x150.jpg\" alt=\"_DSC2189\" width=\"150\" height=\"150\" \/><\/a>Balogh Zolt\u00e1n els\u0151 r\u00e1n\u00e9z\u00e9sre messze van az els\u0151 n\u00e9gy pil\u00f3t\u00e1t\u00f3l. Jelenleg 136 pontja van, lemarad\u00e1sa 28 pont Bernul\u00e1t\u00f3l. Azonban neki az eldob\u00e1sok m\u00e1r nem sz\u00e1m\u00edtanak, hisz id\u00e9n h\u00e1romszor kiesett, \u00edgy biztosan 0 pont lesz t\u0151le levonva. Ennek k\u00f6sz\u00f6nhet\u0151en a val\u00f3di lemarad\u00e1sa 18 pont, ami ledolgozhat\u00f3, de ahhoz 100%-os teljes\u00edtm\u00e9nyt kell ny\u00fajtania. Balogh teh\u00e1t h\u00e1rom gy\u0151zelemmel az \u00e9lre ugorhat. Lehetetlen? Az aut\u00f3sportban nincs lehetetlen!<\/p>\n<p>A bajnoks\u00e1g megnyer\u00e9s\u00e9re m\u00e9g matematikailag es\u00e9lyes M\u00e9sz\u00e1ros G\u00e1bor \u00e9s Keijo-Keke Platzer is. Sz\u00e1mukra csak akkor van es\u00e9ly, ha az els\u0151 \u00f6t pil\u00f3ta t\u00f6bbsz\u00f6r is kiesik, \u00e9s \u0150k futamgy\u0151zelmeket hoznak.<\/p>\n<p>&nbsp;<\/p>\n<p>&nbsp;<\/p>","protected":false},"excerpt":{"rendered":"<p>Okt\u00f3ber k\u00f6zep\u00e9n a FIA Swift Cup Europe az utols\u00f3 mindent eld\u00f6nt\u0151 versenyh\u00e9tv\u00e9g\u00e9j\u00e9hez \u00e9rkezik, amelynek helysz\u00edne ism\u00e9t a Hungaroring lesz. Hossz\u00fa \u00e9s fordulatos id\u00e9ny \u00e1ll a versenyz\u0151k m\u00f6g\u00f6tt, m\u00e9gsem d\u0151lt el kihez ker\u00fcl a 2016-os bajnoki c\u00edm. S\u0151t!\u00a0Soha ilyen szoros \u00e9s izgalmas szezonz\u00e1r\u00f3t nem l\u00e1thattunk m\u00e9g a kupa t\u00f6rt\u00e9net\u00e9ben. Az idei bajnoks\u00e1g 16 futamot \u00e9s 7 [&hellip;]<\/p>","protected":false},"author":2,"featured_media":3990,"comment_status":"open","ping_status":"open","sticky":false,"template":"","format":"standard","meta":{"footnotes":""},"categories":[1],"tags":[],"yoast_head":"<!-- This site is optimized with the Yoast SEO Premium plugin v21.1 (Yoast SEO v21.7) - https:\/\/yoast.com\/wordpress\/plugins\/seo\/ -->\n<title>Ki lehet a bajnok? - FIA Swift Cup Europe<\/title>\n<meta name=\"robots\" content=\"index, follow, max-snippet:-1, max-image-preview:large, max-video-preview:-1\" \/>\n<link rel=\"canonical\" href=\"https:\/\/www.swiftcupeurope.com\/en\/2016\/uncategorized\/ki-lehet-a-bajnok\/\" \/>\n<meta property=\"og:locale\" content=\"en_US\" \/>\n<meta property=\"og:type\" content=\"article\" \/>\n<meta property=\"og:title\" content=\"Ki lehet a bajnok?\" \/>\n<meta property=\"og:description\" content=\"Okt\u00f3ber k\u00f6zep\u00e9n a FIA Swift Cup Europe az utols\u00f3 mindent eld\u00f6nt\u0151 versenyh\u00e9tv\u00e9g\u00e9j\u00e9hez \u00e9rkezik, amelynek helysz\u00edne ism\u00e9t a Hungaroring lesz. Hossz\u00fa \u00e9s fordulatos id\u00e9ny \u00e1ll a versenyz\u0151k m\u00f6g\u00f6tt, m\u00e9gsem d\u0151lt el kihez ker\u00fcl a 2016-os bajnoki c\u00edm. S\u0151t!\u00a0Soha ilyen szoros \u00e9s izgalmas szezonz\u00e1r\u00f3t nem l\u00e1thattunk m\u00e9g a kupa t\u00f6rt\u00e9net\u00e9ben. Az idei bajnoks\u00e1g 16 futamot \u00e9s 7 [&hellip;]\" \/>\n<meta property=\"og:url\" content=\"https:\/\/www.swiftcupeurope.com\/en\/2016\/uncategorized\/ki-lehet-a-bajnok\/\" \/>\n<meta property=\"og:site_name\" content=\"FIA Swift Cup Europe\" \/>\n<meta property=\"article:published_time\" content=\"2016-10-05T09:36:59+00:00\" \/>\n<meta property=\"og:image\" content=\"https:\/\/www.swiftcupeurope.com\/wp-content\/uploads\/2016\/08\/DSC1801.jpg\" \/>\n\t<meta property=\"og:image:width\" content=\"960\" \/>\n\t<meta property=\"og:image:height\" content=\"832\" \/>\n\t<meta property=\"og:image:type\" content=\"image\/jpeg\" \/>\n<meta name=\"author\" content=\"swiftcupeurope\" \/>\n<meta name=\"twitter:card\" content=\"summary_large_image\" \/>\n<meta name=\"twitter:label1\" content=\"Written by\" \/>\n\t<meta name=\"twitter:data1\" content=\"swiftcupeurope\" \/>\n\t<meta name=\"twitter:label2\" content=\"Est. reading time\" \/>\n\t<meta name=\"twitter:data2\" content=\"4 minutes\" \/>\n<script type=\"application\/ld+json\" class=\"yoast-schema-graph\">{\"@context\":\"https:\/\/schema.org\",\"@graph\":[{\"@type\":\"Article\",\"@id\":\"https:\/\/www.swiftcupeurope.com\/2016\/uncategorized\/ki-lehet-a-bajnok\/#article\",\"isPartOf\":{\"@id\":\"https:\/\/www.swiftcupeurope.com\/2016\/uncategorized\/ki-lehet-a-bajnok\/\"},\"author\":{\"name\":\"swiftcupeurope\",\"@id\":\"https:\/\/www.swiftcupeurope.com\/#\/schema\/person\/03cb2427aeeeeac4a49a03160d04e8fe\"},\"headline\":\"Ki lehet a bajnok?\",\"datePublished\":\"2016-10-05T09:36:59+00:00\",\"dateModified\":\"2016-10-05T09:36:59+00:00\",\"mainEntityOfPage\":{\"@id\":\"https:\/\/www.swiftcupeurope.com\/2016\/uncategorized\/ki-lehet-a-bajnok\/\"},\"wordCount\":825,\"commentCount\":0,\"publisher\":{\"@id\":\"https:\/\/www.swiftcupeurope.com\/#organization\"},\"inLanguage\":\"en-US\",\"potentialAction\":[{\"@type\":\"CommentAction\",\"name\":\"Comment\",\"target\":[\"https:\/\/www.swiftcupeurope.com\/2016\/uncategorized\/ki-lehet-a-bajnok\/#respond\"]}]},{\"@type\":\"WebPage\",\"@id\":\"https:\/\/www.swiftcupeurope.com\/2016\/uncategorized\/ki-lehet-a-bajnok\/\",\"url\":\"https:\/\/www.swiftcupeurope.com\/2016\/uncategorized\/ki-lehet-a-bajnok\/\",\"name\":\"Ki lehet a bajnok? - FIA Swift Cup Europe\",\"isPartOf\":{\"@id\":\"https:\/\/www.swiftcupeurope.com\/#website\"},\"datePublished\":\"2016-10-05T09:36:59+00:00\",\"dateModified\":\"2016-10-05T09:36:59+00:00\",\"breadcrumb\":{\"@id\":\"https:\/\/www.swiftcupeurope.com\/2016\/uncategorized\/ki-lehet-a-bajnok\/#breadcrumb\"},\"inLanguage\":\"en-US\",\"potentialAction\":[{\"@type\":\"ReadAction\",\"target\":[\"https:\/\/www.swiftcupeurope.com\/2016\/uncategorized\/ki-lehet-a-bajnok\/\"]}]},{\"@type\":\"BreadcrumbList\",\"@id\":\"https:\/\/www.swiftcupeurope.com\/2016\/uncategorized\/ki-lehet-a-bajnok\/#breadcrumb\",\"itemListElement\":[{\"@type\":\"ListItem\",\"position\":1,\"name\":\"Kezd\u0151lap\",\"item\":\"https:\/\/www.swiftcupeurope.com\/\"},{\"@type\":\"ListItem\",\"position\":2,\"name\":\"Ki lehet a bajnok?\"}]},{\"@type\":\"WebSite\",\"@id\":\"https:\/\/www.swiftcupeurope.com\/#website\",\"url\":\"https:\/\/www.swiftcupeurope.com\/\",\"name\":\"FIA Swift Cup Europe\",\"description\":\"FIA Swift Cup Europe \/ Official Website\",\"publisher\":{\"@id\":\"https:\/\/www.swiftcupeurope.com\/#organization\"},\"potentialAction\":[{\"@type\":\"SearchAction\",\"target\":{\"@type\":\"EntryPoint\",\"urlTemplate\":\"https:\/\/www.swiftcupeurope.com\/?s={search_term_string}\"},\"query-input\":\"required name=search_term_string\"}],\"inLanguage\":\"en-US\"},{\"@type\":\"Organization\",\"@id\":\"https:\/\/www.swiftcupeurope.com\/#organization\",\"name\":\"FIA Swift Cup Europe\",\"url\":\"https:\/\/www.swiftcupeurope.com\/\",\"logo\":{\"@type\":\"ImageObject\",\"inLanguage\":\"en-US\",\"@id\":\"https:\/\/www.swiftcupeurope.com\/#\/schema\/logo\/image\/\",\"url\":\"https:\/\/www.swiftcupeurope.com\/wp-content\/uploads\/2021\/04\/cropped-sce_logo_2021inv.png\",\"contentUrl\":\"https:\/\/www.swiftcupeurope.com\/wp-content\/uploads\/2021\/04\/cropped-sce_logo_2021inv.png\",\"width\":600,\"height\":120,\"caption\":\"FIA Swift Cup Europe\"},\"image\":{\"@id\":\"https:\/\/www.swiftcupeurope.com\/#\/schema\/logo\/image\/\"}},{\"@type\":\"Person\",\"@id\":\"https:\/\/www.swiftcupeurope.com\/#\/schema\/person\/03cb2427aeeeeac4a49a03160d04e8fe\",\"name\":\"swiftcupeurope\",\"url\":\"https:\/\/www.swiftcupeurope.com\/en\/author\/swiftcupeurope\/\"}]}<\/script>\n<!-- \/ Yoast SEO Premium plugin. -->","yoast_head_json":{"title":"Ki lehet a bajnok? - FIA Swift Cup Europe","robots":{"index":"index","follow":"follow","max-snippet":"max-snippet:-1","max-image-preview":"max-image-preview:large","max-video-preview":"max-video-preview:-1"},"canonical":"https:\/\/www.swiftcupeurope.com\/en\/2016\/uncategorized\/ki-lehet-a-bajnok\/","og_locale":"en_US","og_type":"article","og_title":"Ki lehet a bajnok?","og_description":"Okt\u00f3ber k\u00f6zep\u00e9n a FIA Swift Cup Europe az utols\u00f3 mindent eld\u00f6nt\u0151 versenyh\u00e9tv\u00e9g\u00e9j\u00e9hez \u00e9rkezik, amelynek helysz\u00edne ism\u00e9t a Hungaroring lesz. Hossz\u00fa \u00e9s fordulatos id\u00e9ny \u00e1ll a versenyz\u0151k m\u00f6g\u00f6tt, m\u00e9gsem d\u0151lt el kihez ker\u00fcl a 2016-os bajnoki c\u00edm. S\u0151t!\u00a0Soha ilyen szoros \u00e9s izgalmas szezonz\u00e1r\u00f3t nem l\u00e1thattunk m\u00e9g a kupa t\u00f6rt\u00e9net\u00e9ben. Az idei bajnoks\u00e1g 16 futamot \u00e9s 7 [&hellip;]","og_url":"https:\/\/www.swiftcupeurope.com\/en\/2016\/uncategorized\/ki-lehet-a-bajnok\/","og_site_name":"FIA Swift Cup Europe","article_published_time":"2016-10-05T09:36:59+00:00","og_image":[{"width":960,"height":832,"url":"https:\/\/www.swiftcupeurope.com\/wp-content\/uploads\/2016\/08\/DSC1801.jpg","type":"image\/jpeg"}],"author":"swiftcupeurope","twitter_card":"summary_large_image","twitter_misc":{"Written by":"swiftcupeurope","Est. reading time":"4 minutes"},"schema":{"@context":"https:\/\/schema.org","@graph":[{"@type":"Article","@id":"https:\/\/www.swiftcupeurope.com\/2016\/uncategorized\/ki-lehet-a-bajnok\/#article","isPartOf":{"@id":"https:\/\/www.swiftcupeurope.com\/2016\/uncategorized\/ki-lehet-a-bajnok\/"},"author":{"name":"swiftcupeurope","@id":"https:\/\/www.swiftcupeurope.com\/#\/schema\/person\/03cb2427aeeeeac4a49a03160d04e8fe"},"headline":"Ki lehet a bajnok?","datePublished":"2016-10-05T09:36:59+00:00","dateModified":"2016-10-05T09:36:59+00:00","mainEntityOfPage":{"@id":"https:\/\/www.swiftcupeurope.com\/2016\/uncategorized\/ki-lehet-a-bajnok\/"},"wordCount":825,"commentCount":0,"publisher":{"@id":"https:\/\/www.swiftcupeurope.com\/#organization"},"inLanguage":"en-US","potentialAction":[{"@type":"CommentAction","name":"Comment","target":["https:\/\/www.swiftcupeurope.com\/2016\/uncategorized\/ki-lehet-a-bajnok\/#respond"]}]},{"@type":"WebPage","@id":"https:\/\/www.swiftcupeurope.com\/2016\/uncategorized\/ki-lehet-a-bajnok\/","url":"https:\/\/www.swiftcupeurope.com\/2016\/uncategorized\/ki-lehet-a-bajnok\/","name":"Ki lehet a bajnok? - FIA Swift Cup Europe","isPartOf":{"@id":"https:\/\/www.swiftcupeurope.com\/#website"},"datePublished":"2016-10-05T09:36:59+00:00","dateModified":"2016-10-05T09:36:59+00:00","breadcrumb":{"@id":"https:\/\/www.swiftcupeurope.com\/2016\/uncategorized\/ki-lehet-a-bajnok\/#breadcrumb"},"inLanguage":"en-US","potentialAction":[{"@type":"ReadAction","target":["https:\/\/www.swiftcupeurope.com\/2016\/uncategorized\/ki-lehet-a-bajnok\/"]}]},{"@type":"BreadcrumbList","@id":"https:\/\/www.swiftcupeurope.com\/2016\/uncategorized\/ki-lehet-a-bajnok\/#breadcrumb","itemListElement":[{"@type":"ListItem","position":1,"name":"Kezd\u0151lap","item":"https:\/\/www.swiftcupeurope.com\/"},{"@type":"ListItem","position":2,"name":"Ki lehet a bajnok?"}]},{"@type":"WebSite","@id":"https:\/\/www.swiftcupeurope.com\/#website","url":"https:\/\/www.swiftcupeurope.com\/","name":"FIA Swift Cup Europe","description":"FIA Swift Cup Europe \/ Official Website","publisher":{"@id":"https:\/\/www.swiftcupeurope.com\/#organization"},"potentialAction":[{"@type":"SearchAction","target":{"@type":"EntryPoint","urlTemplate":"https:\/\/www.swiftcupeurope.com\/?s={search_term_string}"},"query-input":"required name=search_term_string"}],"inLanguage":"en-US"},{"@type":"Organization","@id":"https:\/\/www.swiftcupeurope.com\/#organization","name":"FIA Swift Cup Europe","url":"https:\/\/www.swiftcupeurope.com\/","logo":{"@type":"ImageObject","inLanguage":"en-US","@id":"https:\/\/www.swiftcupeurope.com\/#\/schema\/logo\/image\/","url":"https:\/\/www.swiftcupeurope.com\/wp-content\/uploads\/2021\/04\/cropped-sce_logo_2021inv.png","contentUrl":"https:\/\/www.swiftcupeurope.com\/wp-content\/uploads\/2021\/04\/cropped-sce_logo_2021inv.png","width":600,"height":120,"caption":"FIA Swift Cup Europe"},"image":{"@id":"https:\/\/www.swiftcupeurope.com\/#\/schema\/logo\/image\/"}},{"@type":"Person","@id":"https:\/\/www.swiftcupeurope.com\/#\/schema\/person\/03cb2427aeeeeac4a49a03160d04e8fe","name":"swiftcupeurope","url":"https:\/\/www.swiftcupeurope.com\/en\/author\/swiftcupeurope\/"}]}},"_links":{"self":[{"href":"https:\/\/www.swiftcupeurope.com\/en\/wp-json\/wp\/v2\/posts\/4027"}],"collection":[{"href":"https:\/\/www.swiftcupeurope.com\/en\/wp-json\/wp\/v2\/posts"}],"about":[{"href":"https:\/\/www.swiftcupeurope.com\/en\/wp-json\/wp\/v2\/types\/post"}],"author":[{"embeddable":true,"href":"https:\/\/www.swiftcupeurope.com\/en\/wp-json\/wp\/v2\/users\/2"}],"replies":[{"embeddable":true,"href":"https:\/\/www.swiftcupeurope.com\/en\/wp-json\/wp\/v2\/comments?post=4027"}],"version-history":[{"count":0,"href":"https:\/\/www.swiftcupeurope.com\/en\/wp-json\/wp\/v2\/posts\/4027\/revisions"}],"wp:featuredmedia":[{"embeddable":true,"href":"https:\/\/www.swiftcupeurope.com\/en\/wp-json\/wp\/v2\/media\/3990"}],"wp:attachment":[{"href":"https:\/\/www.swiftcupeurope.com\/en\/wp-json\/wp\/v2\/media?parent=4027"}],"wp:term":[{"taxonomy":"category","embeddable":true,"href":"https:\/\/www.swiftcupeurope.com\/en\/wp-json\/wp\/v2\/categories?post=4027"},{"taxonomy":"post_tag","embeddable":true,"href":"https:\/\/www.swiftcupeurope.com\/en\/wp-json\/wp\/v2\/tags?post=4027"}],"curies":[{"name":"wp","href":"https:\/\/api.w.org\/{rel}","templated":true}]}}