{"id":3728,"date":"2016-08-28T19:08:20","date_gmt":"2016-08-28T19:08:20","guid":{"rendered":"http:\/\/swiftcupeurope.com\/?p=3728"},"modified":"2016-08-28T19:08:20","modified_gmt":"2016-08-28T19:08:20","slug":"vasarnap-molnar-bendeguz-es-bernula-istvan-gyozott","status":"publish","type":"post","link":"https:\/\/www.swiftcupeurope.com\/en\/2016\/uncategorized\/vasarnap-molnar-bendeguz-es-bernula-istvan-gyozott\/","title":{"rendered":"Vas\u00e1rnap Moln\u00e1r Bendeg\u00faz \u00e9s Bernula Istv\u00e1n gy\u0151z\u00f6tt"},"content":{"rendered":"<p>Vas\u00e1rnap m\u00e9g t\u00f6bben l\u00e1togattak ki a Hungaroring-re, ahol a Swift Cup Europe volt a bet\u00e9tprogramja Kamion Eur\u00f3pa Bajnoks\u00e1gnak, illetve a Blancpain GT Series-nek. A rendez\u0151k t\u00e1j\u00e9koztat\u00e1sa szerint a ver\u0151f\u00e9nyes naps\u00fct\u00e9sben 21.000-en k\u00f6vett\u00e9k figyelemmel a helysz\u00ednen a vas\u00e1rnapi k\u00e9t versenyt.<\/p>\n<p><a href=\"http:\/\/swiftcupeurope.com\/wp-content\/uploads\/2016\/08\/SLP3797.jpg\"><img decoding=\"async\" class=\"alignleft size-medium wp-image-3731\" src=\"http:\/\/swiftcupeurope.com\/wp-content\/uploads\/2016\/08\/SLP3797-300x149.jpg\" alt=\"_SLP3797\" width=\"300\" height=\"149\" \/><\/a>A 39 f\u0151s mez\u0151ny ezt k\u00e9t l\u00e1tv\u00e1nyos futammal h\u00e1l\u00e1lta meg. Az els\u0151 verseny d\u00e9lel\u0151tt rajtolt, az els\u0151 sorban Max Wimmerrel \u00e9s Moln\u00e1r Bendeg\u00fazzal, melyet \u00fajra \u00e9l\u0151 k\u00f6zvet\u00edt\u00e9s form\u00e1j\u00e1ban is k\u00f6vetni lehetett.<\/p>\n<p>A fiatal magyar pil\u00f3ta, az idei RaceStar gy\u0151ztese, hamar az \u00e9lre \u00e1llt, \u00e9s igyekezett kihaszn\u00e1lni a m\u00f6g\u00f6tte l\u00e9v\u0151 k\u00fczdelmeket, k\u00f6rr\u0151l k\u00f6rre n\u00f6velte az el\u0151ny\u00e9t.<\/p>\n<p>Eg\u00e9szen a 12 k\u00f6r\u00f6s verseny v\u00e9g\u00e9ig magabiztosan vezetett, senki nem vesz\u00e9lyeztette, \u00e9s v\u00e9g\u00fcl 1,7 mp-es el\u0151nnyel nyert Moln\u00e1r Bendeg\u00faz.<a href=\"http:\/\/swiftcupeurope.com\/wp-content\/uploads\/2016\/08\/SLP4190.jpg\"><img fetchpriority=\"high\" decoding=\"async\" class=\"aligncenter size-large wp-image-3732\" src=\"http:\/\/swiftcupeurope.com\/wp-content\/uploads\/2016\/08\/SLP4190-1024x635.jpg\" alt=\"_SLP4190\" width=\"640\" height=\"397\" \/><\/a><\/p>\n<p>M\u00f6g\u00f6tte m\u00e1r k\u00f6zel sem volt egy\u00e9rtelm\u0171 a helyzet, Balogh Zolt\u00e1n \u00e9s M\u00e9sz\u00e1ros G\u00e1bor a c\u00e9lig csat\u00e1zott, melyb\u0151l Balogh j\u00f6tt ki gy\u0151ztesen.<\/p>\n<p><a href=\"http:\/\/swiftcupeurope.com\/wp-content\/uploads\/2016\/08\/SLP3889.jpg\"><img decoding=\"async\" class=\"aligncenter size-large wp-image-3739\" src=\"http:\/\/swiftcupeurope.com\/wp-content\/uploads\/2016\/08\/SLP3889-1024x511.jpg\" alt=\"_SLP3889\" width=\"640\" height=\"319\" \/><\/a>A szombati gy\u0151ztes, Csik J\u00e1nos m\u0171szaki hib\u00e1val k\u00fczd\u00f6tt, nem tudott pontszerz\u0151 helyek\u00e9rt k\u00fczdeni, a 35. helyen \u00e9rt c\u00e9lba.<\/p>\n<p>Az 1,3-asok k\u00fczdelm\u00e9t ez\u00fattal Zolt\u00e1n Kevin nyerte Kov\u00e1cs Kolos, \u00e9s a meglepet\u00e9s pil\u00f3ta, K\u00f6rm\u0151czi Bal\u00e1zs el\u0151tt.<\/p>\n<p><a href=\"http:\/\/swiftcupeurope.com\/wp-content\/uploads\/2016\/08\/DSC1545.jpg\"><img loading=\"lazy\" decoding=\"async\" class=\"aligncenter size-large wp-image-3734\" src=\"http:\/\/swiftcupeurope.com\/wp-content\/uploads\/2016\/08\/DSC1545-1024x456.jpg\" alt=\"_DSC1545\" width=\"640\" height=\"285\" \/><\/a>A m\u00e1sodik versenyre az els\u0151 nyolc pil\u00f3ta \u00fajra ford\u00edtott sorrendben \u00e1llt fel a rajtr\u00e1csra, \u00edgy az els\u0151 sort Keijo-Keke Platzer \u00e9s Balogh Bence foglalta el.<\/p>\n<p><a href=\"http:\/\/swiftcupeurope.com\/wp-content\/uploads\/2016\/08\/DSC1703.jpg\"><img loading=\"lazy\" decoding=\"async\" class=\"aligncenter size-large wp-image-3735\" src=\"http:\/\/swiftcupeurope.com\/wp-content\/uploads\/2016\/08\/DSC1703-1024x510.jpg\" alt=\"_DSC1703\" width=\"640\" height=\"319\" \/><\/a>A futamon sok\u00e1ig v\u00e1ltozott a sorrend az \u00e9len, de Bernula Istv\u00e1n most foghatatlan volt. Az \u00f6t\u00f6dik helyr\u0151l az \u00e9lre \u00e1llt, \u00e9s senki nem vesz\u00e9lyeztette a gy\u0151zelm\u00e9t, \u0150t intett\u00e9k le els\u0151k\u00e9nt a 12. k\u00f6r v\u00e9g\u00e9n.<\/p>\n<p><a href=\"http:\/\/swiftcupeurope.com\/wp-content\/uploads\/2016\/08\/DSC1642.jpg\"><img loading=\"lazy\" decoding=\"async\" class=\"aligncenter size-large wp-image-3736\" src=\"http:\/\/swiftcupeurope.com\/wp-content\/uploads\/2016\/08\/DSC1642-1024x613.jpg\" alt=\"_DSC1642\" width=\"640\" height=\"383\" \/><\/a>M\u00f6g\u00f6tte M\u00e9sz\u00e1ros G\u00e1bor \u00e9s Moln\u00e1r Bendeg\u00faz k\u00f6z\u00f6tt csak k\u00e9t tized m\u00e1sodperc d\u00f6nt\u00f6tt a c\u00e9lban, az el\u0151bbi jav\u00e1ra.<\/p>\n<p>A 1.3-as kateg\u00f3ri\u00e1ban Fodor \u00c1rp\u00e1d mag\u00e1ra tal\u00e1lt, \u00e9s nyert, Kov\u00e1cs Kolos \u00e9s Zolt\u00e1n Kevin el\u0151tt.<\/p>\n<p><a href=\"http:\/\/swiftcupeurope.com\/wp-content\/uploads\/2016\/08\/DSC1830.jpg\"><img loading=\"lazy\" decoding=\"async\" class=\"aligncenter size-large wp-image-3737\" src=\"http:\/\/swiftcupeurope.com\/wp-content\/uploads\/2016\/08\/DSC1830-1024x614.jpg\" alt=\"_DSC1830\" width=\"640\" height=\"384\" \/><\/a>A bajnoks\u00e1gra most kisebb sz\u00fcnet v\u00e1r, Okt\u00f3ber 14-16. k\u00f6z\u00f6tt \u00fajra a Hungaroring lesz a helysz\u00edn, ahol a d\u00f6nt\u0151 futamok k\u00f6vetkeznek, az id\u00e9ny utols\u00f3 h\u00e9tv\u00e9g\u00e9j\u00e9n.<\/p>\n<p>&nbsp;<\/p>\n<p>&nbsp;<\/p>","protected":false},"excerpt":{"rendered":"<p>Vas\u00e1rnap m\u00e9g t\u00f6bben l\u00e1togattak ki a Hungaroring-re, ahol a Swift Cup Europe volt a bet\u00e9tprogramja Kamion Eur\u00f3pa Bajnoks\u00e1gnak, illetve a Blancpain GT Series-nek. A rendez\u0151k t\u00e1j\u00e9koztat\u00e1sa szerint a ver\u0151f\u00e9nyes naps\u00fct\u00e9sben 21.000-en k\u00f6vett\u00e9k figyelemmel a helysz\u00ednen a vas\u00e1rnapi k\u00e9t versenyt. A 39 f\u0151s mez\u0151ny ezt k\u00e9t l\u00e1tv\u00e1nyos futammal h\u00e1l\u00e1lta meg. Az els\u0151 verseny d\u00e9lel\u0151tt rajtolt, az [&hellip;]<\/p>","protected":false},"author":2,"featured_media":3729,"comment_status":"open","ping_status":"open","sticky":false,"template":"","format":"standard","meta":{"footnotes":""},"categories":[1],"tags":[],"yoast_head":"<!-- This site is optimized with the Yoast SEO Premium plugin v21.1 (Yoast SEO v21.7) - https:\/\/yoast.com\/wordpress\/plugins\/seo\/ -->\n<title>Vas\u00e1rnap Moln\u00e1r Bendeg\u00faz \u00e9s Bernula Istv\u00e1n gy\u0151z\u00f6tt - FIA Swift Cup Europe<\/title>\n<meta name=\"robots\" content=\"index, follow, max-snippet:-1, max-image-preview:large, max-video-preview:-1\" \/>\n<link rel=\"canonical\" href=\"https:\/\/www.swiftcupeurope.com\/en\/2016\/uncategorized\/vasarnap-molnar-bendeguz-es-bernula-istvan-gyozott\/\" \/>\n<meta property=\"og:locale\" content=\"en_US\" \/>\n<meta property=\"og:type\" content=\"article\" \/>\n<meta property=\"og:title\" content=\"Vas\u00e1rnap Moln\u00e1r Bendeg\u00faz \u00e9s Bernula Istv\u00e1n gy\u0151z\u00f6tt\" \/>\n<meta property=\"og:description\" content=\"Vas\u00e1rnap m\u00e9g t\u00f6bben l\u00e1togattak ki a Hungaroring-re, ahol a Swift Cup Europe volt a bet\u00e9tprogramja Kamion Eur\u00f3pa Bajnoks\u00e1gnak, illetve a Blancpain GT Series-nek. A rendez\u0151k t\u00e1j\u00e9koztat\u00e1sa szerint a ver\u0151f\u00e9nyes naps\u00fct\u00e9sben 21.000-en k\u00f6vett\u00e9k figyelemmel a helysz\u00ednen a vas\u00e1rnapi k\u00e9t versenyt. A 39 f\u0151s mez\u0151ny ezt k\u00e9t l\u00e1tv\u00e1nyos futammal h\u00e1l\u00e1lta meg. Az els\u0151 verseny d\u00e9lel\u0151tt rajtolt, az [&hellip;]\" \/>\n<meta property=\"og:url\" content=\"https:\/\/www.swiftcupeurope.com\/en\/2016\/uncategorized\/vasarnap-molnar-bendeguz-es-bernula-istvan-gyozott\/\" \/>\n<meta property=\"og:site_name\" content=\"FIA Swift Cup Europe\" \/>\n<meta property=\"article:published_time\" content=\"2016-08-28T19:08:20+00:00\" \/>\n<meta property=\"og:image\" content=\"https:\/\/www.swiftcupeurope.com\/wp-content\/uploads\/2016\/08\/SLP3697.jpg\" \/>\n\t<meta property=\"og:image:width\" content=\"1280\" \/>\n\t<meta property=\"og:image:height\" content=\"677\" \/>\n\t<meta property=\"og:image:type\" content=\"image\/jpeg\" \/>\n<meta name=\"author\" content=\"swiftcupeurope\" \/>\n<meta name=\"twitter:card\" content=\"summary_large_image\" \/>\n<meta name=\"twitter:label1\" content=\"Written by\" \/>\n\t<meta name=\"twitter:data1\" content=\"swiftcupeurope\" \/>\n\t<meta name=\"twitter:label2\" content=\"Est. reading time\" \/>\n\t<meta name=\"twitter:data2\" content=\"2 minutes\" \/>\n<script type=\"application\/ld+json\" class=\"yoast-schema-graph\">{\"@context\":\"https:\/\/schema.org\",\"@graph\":[{\"@type\":\"Article\",\"@id\":\"https:\/\/www.swiftcupeurope.com\/2016\/uncategorized\/vasarnap-molnar-bendeguz-es-bernula-istvan-gyozott\/#article\",\"isPartOf\":{\"@id\":\"https:\/\/www.swiftcupeurope.com\/2016\/uncategorized\/vasarnap-molnar-bendeguz-es-bernula-istvan-gyozott\/\"},\"author\":{\"name\":\"swiftcupeurope\",\"@id\":\"https:\/\/www.swiftcupeurope.com\/#\/schema\/person\/03cb2427aeeeeac4a49a03160d04e8fe\"},\"headline\":\"Vas\u00e1rnap Moln\u00e1r Bendeg\u00faz \u00e9s Bernula Istv\u00e1n gy\u0151z\u00f6tt\",\"datePublished\":\"2016-08-28T19:08:20+00:00\",\"dateModified\":\"2016-08-28T19:08:20+00:00\",\"mainEntityOfPage\":{\"@id\":\"https:\/\/www.swiftcupeurope.com\/2016\/uncategorized\/vasarnap-molnar-bendeguz-es-bernula-istvan-gyozott\/\"},\"wordCount\":444,\"commentCount\":0,\"publisher\":{\"@id\":\"https:\/\/www.swiftcupeurope.com\/#organization\"},\"inLanguage\":\"en-US\",\"potentialAction\":[{\"@type\":\"CommentAction\",\"name\":\"Comment\",\"target\":[\"https:\/\/www.swiftcupeurope.com\/2016\/uncategorized\/vasarnap-molnar-bendeguz-es-bernula-istvan-gyozott\/#respond\"]}]},{\"@type\":\"WebPage\",\"@id\":\"https:\/\/www.swiftcupeurope.com\/2016\/uncategorized\/vasarnap-molnar-bendeguz-es-bernula-istvan-gyozott\/\",\"url\":\"https:\/\/www.swiftcupeurope.com\/2016\/uncategorized\/vasarnap-molnar-bendeguz-es-bernula-istvan-gyozott\/\",\"name\":\"Vas\u00e1rnap Moln\u00e1r Bendeg\u00faz \u00e9s Bernula Istv\u00e1n gy\u0151z\u00f6tt - FIA Swift Cup Europe\",\"isPartOf\":{\"@id\":\"https:\/\/www.swiftcupeurope.com\/#website\"},\"datePublished\":\"2016-08-28T19:08:20+00:00\",\"dateModified\":\"2016-08-28T19:08:20+00:00\",\"breadcrumb\":{\"@id\":\"https:\/\/www.swiftcupeurope.com\/2016\/uncategorized\/vasarnap-molnar-bendeguz-es-bernula-istvan-gyozott\/#breadcrumb\"},\"inLanguage\":\"en-US\",\"potentialAction\":[{\"@type\":\"ReadAction\",\"target\":[\"https:\/\/www.swiftcupeurope.com\/2016\/uncategorized\/vasarnap-molnar-bendeguz-es-bernula-istvan-gyozott\/\"]}]},{\"@type\":\"BreadcrumbList\",\"@id\":\"https:\/\/www.swiftcupeurope.com\/2016\/uncategorized\/vasarnap-molnar-bendeguz-es-bernula-istvan-gyozott\/#breadcrumb\",\"itemListElement\":[{\"@type\":\"ListItem\",\"position\":1,\"name\":\"Kezd\u0151lap\",\"item\":\"https:\/\/www.swiftcupeurope.com\/\"},{\"@type\":\"ListItem\",\"position\":2,\"name\":\"Vas\u00e1rnap Moln\u00e1r Bendeg\u00faz \u00e9s Bernula Istv\u00e1n gy\u0151z\u00f6tt\"}]},{\"@type\":\"WebSite\",\"@id\":\"https:\/\/www.swiftcupeurope.com\/#website\",\"url\":\"https:\/\/www.swiftcupeurope.com\/\",\"name\":\"FIA Swift Cup Europe\",\"description\":\"FIA Swift Cup Europe \/ Official Website\",\"publisher\":{\"@id\":\"https:\/\/www.swiftcupeurope.com\/#organization\"},\"potentialAction\":[{\"@type\":\"SearchAction\",\"target\":{\"@type\":\"EntryPoint\",\"urlTemplate\":\"https:\/\/www.swiftcupeurope.com\/?s={search_term_string}\"},\"query-input\":\"required name=search_term_string\"}],\"inLanguage\":\"en-US\"},{\"@type\":\"Organization\",\"@id\":\"https:\/\/www.swiftcupeurope.com\/#organization\",\"name\":\"FIA Swift Cup Europe\",\"url\":\"https:\/\/www.swiftcupeurope.com\/\",\"logo\":{\"@type\":\"ImageObject\",\"inLanguage\":\"en-US\",\"@id\":\"https:\/\/www.swiftcupeurope.com\/#\/schema\/logo\/image\/\",\"url\":\"https:\/\/www.swiftcupeurope.com\/wp-content\/uploads\/2021\/04\/cropped-sce_logo_2021inv.png\",\"contentUrl\":\"https:\/\/www.swiftcupeurope.com\/wp-content\/uploads\/2021\/04\/cropped-sce_logo_2021inv.png\",\"width\":600,\"height\":120,\"caption\":\"FIA Swift Cup Europe\"},\"image\":{\"@id\":\"https:\/\/www.swiftcupeurope.com\/#\/schema\/logo\/image\/\"}},{\"@type\":\"Person\",\"@id\":\"https:\/\/www.swiftcupeurope.com\/#\/schema\/person\/03cb2427aeeeeac4a49a03160d04e8fe\",\"name\":\"swiftcupeurope\",\"url\":\"https:\/\/www.swiftcupeurope.com\/en\/author\/swiftcupeurope\/\"}]}<\/script>\n<!-- \/ Yoast SEO Premium plugin. -->","yoast_head_json":{"title":"Vas\u00e1rnap Moln\u00e1r Bendeg\u00faz \u00e9s Bernula Istv\u00e1n gy\u0151z\u00f6tt - FIA Swift Cup Europe","robots":{"index":"index","follow":"follow","max-snippet":"max-snippet:-1","max-image-preview":"max-image-preview:large","max-video-preview":"max-video-preview:-1"},"canonical":"https:\/\/www.swiftcupeurope.com\/en\/2016\/uncategorized\/vasarnap-molnar-bendeguz-es-bernula-istvan-gyozott\/","og_locale":"en_US","og_type":"article","og_title":"Vas\u00e1rnap Moln\u00e1r Bendeg\u00faz \u00e9s Bernula Istv\u00e1n gy\u0151z\u00f6tt","og_description":"Vas\u00e1rnap m\u00e9g t\u00f6bben l\u00e1togattak ki a Hungaroring-re, ahol a Swift Cup Europe volt a bet\u00e9tprogramja Kamion Eur\u00f3pa Bajnoks\u00e1gnak, illetve a Blancpain GT Series-nek. A rendez\u0151k t\u00e1j\u00e9koztat\u00e1sa szerint a ver\u0151f\u00e9nyes naps\u00fct\u00e9sben 21.000-en k\u00f6vett\u00e9k figyelemmel a helysz\u00ednen a vas\u00e1rnapi k\u00e9t versenyt. A 39 f\u0151s mez\u0151ny ezt k\u00e9t l\u00e1tv\u00e1nyos futammal h\u00e1l\u00e1lta meg. Az els\u0151 verseny d\u00e9lel\u0151tt rajtolt, az [&hellip;]","og_url":"https:\/\/www.swiftcupeurope.com\/en\/2016\/uncategorized\/vasarnap-molnar-bendeguz-es-bernula-istvan-gyozott\/","og_site_name":"FIA Swift Cup Europe","article_published_time":"2016-08-28T19:08:20+00:00","og_image":[{"width":1280,"height":677,"url":"https:\/\/www.swiftcupeurope.com\/wp-content\/uploads\/2016\/08\/SLP3697.jpg","type":"image\/jpeg"}],"author":"swiftcupeurope","twitter_card":"summary_large_image","twitter_misc":{"Written by":"swiftcupeurope","Est. reading time":"2 minutes"},"schema":{"@context":"https:\/\/schema.org","@graph":[{"@type":"Article","@id":"https:\/\/www.swiftcupeurope.com\/2016\/uncategorized\/vasarnap-molnar-bendeguz-es-bernula-istvan-gyozott\/#article","isPartOf":{"@id":"https:\/\/www.swiftcupeurope.com\/2016\/uncategorized\/vasarnap-molnar-bendeguz-es-bernula-istvan-gyozott\/"},"author":{"name":"swiftcupeurope","@id":"https:\/\/www.swiftcupeurope.com\/#\/schema\/person\/03cb2427aeeeeac4a49a03160d04e8fe"},"headline":"Vas\u00e1rnap Moln\u00e1r Bendeg\u00faz \u00e9s Bernula Istv\u00e1n gy\u0151z\u00f6tt","datePublished":"2016-08-28T19:08:20+00:00","dateModified":"2016-08-28T19:08:20+00:00","mainEntityOfPage":{"@id":"https:\/\/www.swiftcupeurope.com\/2016\/uncategorized\/vasarnap-molnar-bendeguz-es-bernula-istvan-gyozott\/"},"wordCount":444,"commentCount":0,"publisher":{"@id":"https:\/\/www.swiftcupeurope.com\/#organization"},"inLanguage":"en-US","potentialAction":[{"@type":"CommentAction","name":"Comment","target":["https:\/\/www.swiftcupeurope.com\/2016\/uncategorized\/vasarnap-molnar-bendeguz-es-bernula-istvan-gyozott\/#respond"]}]},{"@type":"WebPage","@id":"https:\/\/www.swiftcupeurope.com\/2016\/uncategorized\/vasarnap-molnar-bendeguz-es-bernula-istvan-gyozott\/","url":"https:\/\/www.swiftcupeurope.com\/2016\/uncategorized\/vasarnap-molnar-bendeguz-es-bernula-istvan-gyozott\/","name":"Vas\u00e1rnap Moln\u00e1r Bendeg\u00faz \u00e9s Bernula Istv\u00e1n gy\u0151z\u00f6tt - FIA Swift Cup Europe","isPartOf":{"@id":"https:\/\/www.swiftcupeurope.com\/#website"},"datePublished":"2016-08-28T19:08:20+00:00","dateModified":"2016-08-28T19:08:20+00:00","breadcrumb":{"@id":"https:\/\/www.swiftcupeurope.com\/2016\/uncategorized\/vasarnap-molnar-bendeguz-es-bernula-istvan-gyozott\/#breadcrumb"},"inLanguage":"en-US","potentialAction":[{"@type":"ReadAction","target":["https:\/\/www.swiftcupeurope.com\/2016\/uncategorized\/vasarnap-molnar-bendeguz-es-bernula-istvan-gyozott\/"]}]},{"@type":"BreadcrumbList","@id":"https:\/\/www.swiftcupeurope.com\/2016\/uncategorized\/vasarnap-molnar-bendeguz-es-bernula-istvan-gyozott\/#breadcrumb","itemListElement":[{"@type":"ListItem","position":1,"name":"Kezd\u0151lap","item":"https:\/\/www.swiftcupeurope.com\/"},{"@type":"ListItem","position":2,"name":"Vas\u00e1rnap Moln\u00e1r Bendeg\u00faz \u00e9s Bernula Istv\u00e1n gy\u0151z\u00f6tt"}]},{"@type":"WebSite","@id":"https:\/\/www.swiftcupeurope.com\/#website","url":"https:\/\/www.swiftcupeurope.com\/","name":"FIA Swift Cup Europe","description":"FIA Swift Cup Europe \/ Official Website","publisher":{"@id":"https:\/\/www.swiftcupeurope.com\/#organization"},"potentialAction":[{"@type":"SearchAction","target":{"@type":"EntryPoint","urlTemplate":"https:\/\/www.swiftcupeurope.com\/?s={search_term_string}"},"query-input":"required name=search_term_string"}],"inLanguage":"en-US"},{"@type":"Organization","@id":"https:\/\/www.swiftcupeurope.com\/#organization","name":"FIA Swift Cup Europe","url":"https:\/\/www.swiftcupeurope.com\/","logo":{"@type":"ImageObject","inLanguage":"en-US","@id":"https:\/\/www.swiftcupeurope.com\/#\/schema\/logo\/image\/","url":"https:\/\/www.swiftcupeurope.com\/wp-content\/uploads\/2021\/04\/cropped-sce_logo_2021inv.png","contentUrl":"https:\/\/www.swiftcupeurope.com\/wp-content\/uploads\/2021\/04\/cropped-sce_logo_2021inv.png","width":600,"height":120,"caption":"FIA Swift Cup Europe"},"image":{"@id":"https:\/\/www.swiftcupeurope.com\/#\/schema\/logo\/image\/"}},{"@type":"Person","@id":"https:\/\/www.swiftcupeurope.com\/#\/schema\/person\/03cb2427aeeeeac4a49a03160d04e8fe","name":"swiftcupeurope","url":"https:\/\/www.swiftcupeurope.com\/en\/author\/swiftcupeurope\/"}]}},"_links":{"self":[{"href":"https:\/\/www.swiftcupeurope.com\/en\/wp-json\/wp\/v2\/posts\/3728"}],"collection":[{"href":"https:\/\/www.swiftcupeurope.com\/en\/wp-json\/wp\/v2\/posts"}],"about":[{"href":"https:\/\/www.swiftcupeurope.com\/en\/wp-json\/wp\/v2\/types\/post"}],"author":[{"embeddable":true,"href":"https:\/\/www.swiftcupeurope.com\/en\/wp-json\/wp\/v2\/users\/2"}],"replies":[{"embeddable":true,"href":"https:\/\/www.swiftcupeurope.com\/en\/wp-json\/wp\/v2\/comments?post=3728"}],"version-history":[{"count":0,"href":"https:\/\/www.swiftcupeurope.com\/en\/wp-json\/wp\/v2\/posts\/3728\/revisions"}],"wp:featuredmedia":[{"embeddable":true,"href":"https:\/\/www.swiftcupeurope.com\/en\/wp-json\/wp\/v2\/media\/3729"}],"wp:attachment":[{"href":"https:\/\/www.swiftcupeurope.com\/en\/wp-json\/wp\/v2\/media?parent=3728"}],"wp:term":[{"taxonomy":"category","embeddable":true,"href":"https:\/\/www.swiftcupeurope.com\/en\/wp-json\/wp\/v2\/categories?post=3728"},{"taxonomy":"post_tag","embeddable":true,"href":"https:\/\/www.swiftcupeurope.com\/en\/wp-json\/wp\/v2\/tags?post=3728"}],"curies":[{"name":"wp","href":"https:\/\/api.w.org\/{rel}","templated":true}]}}