{"id":3417,"date":"2016-08-05T19:37:34","date_gmt":"2016-08-05T19:37:34","guid":{"rendered":"http:\/\/swiftcupeurope.com\/?p=3417"},"modified":"2016-08-05T19:37:34","modified_gmt":"2016-08-05T19:37:34","slug":"balogh-zoltan-indul-az-elrol-a-salzburgring-en","status":"publish","type":"post","link":"https:\/\/www.swiftcupeurope.com\/en\/2016\/uncategorized\/balogh-zoltan-indul-az-elrol-a-salzburgring-en\/","title":{"rendered":"Balogh Zolt\u00e1n indul az \u00e9lr\u0151l a Salzburgring-en"},"content":{"rendered":"<p><a href=\"http:\/\/swiftcupeurope.com\/wp-content\/uploads\/2016\/08\/DSC_0149.jpg\"><img decoding=\"async\" class=\"alignleft size-medium wp-image-3419\" src=\"http:\/\/swiftcupeurope.com\/wp-content\/uploads\/2016\/08\/DSC_0149-300x130.jpg\" alt=\"DSC_0149\" width=\"300\" height=\"130\" \/><\/a>N\u00e9gy szabadedz\u00e9s \u00e1llt a rendelkez\u00e9sre a Swift Cup Europe mez\u0151ny\u00e9nek sz\u00e1m\u00e1ra az id\u0151m\u00e9r\u00e9s el\u0151tt, ami nem kev\u00e9s, \u00e1m azoknak akik most ismerkedtek a p\u00e1ly\u00e1val, komoly kih\u00edv\u00e1st jelentett.<\/p>\n<p>Nem az\u00e9rt mert a p\u00e1lya nyomvonala bonyolult! S\u0151t! A Salzburgring tal\u00e1n a legegyszer\u0171bb helysz\u00ednek egyike, \u00e9s ebben rejlik a neh\u00e9zs\u00e9ge is. Az eg\u00e9sz k\u00f6r egy b\u00e1tors\u00e1g pr\u00f3ba, ki mennyivel mer elv\u00e1llalni kanyarokat, f\u00e9kt\u00e1vokat.<\/p>\n<p><a href=\"http:\/\/swiftcupeurope.com\/wp-content\/uploads\/2016\/08\/bDSC_0017.jpg\"><img decoding=\"async\" class=\"alignleft size-medium wp-image-3420\" src=\"http:\/\/swiftcupeurope.com\/wp-content\/uploads\/2016\/08\/bDSC_0017-300x126.jpg\" alt=\"bDSC_0017\" width=\"300\" height=\"126\" \/><\/a>Ez elsaj\u00e1t\u00edthat\u00f3, azonban a p\u00e9nteki napon folyamatosan v\u00e1ltoz\u00f3 k\u00f6r\u00fclm\u00e9nyekkel is meg kellett k\u00fczdeni a mez\u0151nynek. Eg\u00e9sz nap esett az es\u0151, hol hevesebben, hol kiss\u00e9 al\u00e1bbhagyott.<\/p>\n<p>Eg\u00e9sz nap \u00fagy t\u0171nt, a hazai helysz\u00edn az osztr\u00e1k pil\u00f3t\u00e1knak kedvez, \u00e1m az id\u0151m\u00e9r\u00e9s m\u00e9gis m\u00e1shogy alakult.<\/p>\n<p><a href=\"http:\/\/swiftcupeurope.com\/wp-content\/uploads\/2016\/08\/DSC_0002.jpg\"><img decoding=\"async\" class=\"alignleft size-medium wp-image-3421\" src=\"http:\/\/swiftcupeurope.com\/wp-content\/uploads\/2016\/08\/DSC_0002-300x123.jpg\" alt=\"DSC_0002\" width=\"300\" height=\"123\" \/><\/a>Balogh Zolt\u00e1n az \u00f6sszes edz\u00e9sen gyors volt, de k\u00e9tszer is kics\u00faszott, ez mutatta is a sz\u00e1nd\u00e9k\u00e1t, \u0150 a hat\u00e1rokat keresi. Nos, ezeket meg is tal\u00e1lta az id\u0151m\u00e9r\u00e9sen, \u00e9s megnyerte azt!<\/p>\n<p>M\u00f6g\u00f6tte a RaceStar gy\u0151ztese, Moln\u00e1r Bendeg\u00faz v\u00e9gzett, akit lassan a bajnoks\u00e1g es\u00e9lyesek\u00e9nt is el kell k\u00f6nyvelni, kezd felz\u00e1rk\u00f3zni az \u00e9llovasokhoz. A legjobb osztr\u00e1k lett a harmadik, Max Wimmer szem\u00e9ly\u00e9ben. Bernula Istv\u00e1n, aki ezen a h\u00e9tv\u00e9g\u00e9n a Lotus Cup Eastern Europe sorozatban is indul, a negyedik lett.<\/p>\n<p><a href=\"http:\/\/swiftcupeurope.com\/wp-content\/uploads\/2016\/08\/DSC_0026.jpg\"><img loading=\"lazy\" decoding=\"async\" class=\"alignleft size-medium wp-image-3422\" src=\"http:\/\/swiftcupeurope.com\/wp-content\/uploads\/2016\/08\/DSC_0026-300x140.jpg\" alt=\"DSC_0026\" width=\"300\" height=\"140\" \/><\/a>A bajnoks\u00e1g els\u0151 k\u00e9t helyezettje betlizett, Csik J\u00e1nos a 18. lett, Forrai G\u00e1bor pedig a 21. helyen v\u00e9gzett. Hogy mennyire kisz\u00e1m\u00edthatatlan volt az id\u0151m\u00e9r\u00e9s, az is j\u00f3l mutatja, hogy a 2014-es bajnok, Balogh Bence csak a 23. helyre tudta kvalifik\u00e1lni mag\u00e1t.<\/p>\n<p>Holnap k\u00e9t mozgalmas versenyre sz\u00e1m\u00edthat a mez\u0151ny.<\/p>","protected":false},"excerpt":{"rendered":"<p>N\u00e9gy szabadedz\u00e9s \u00e1llt a rendelkez\u00e9sre a Swift Cup Europe mez\u0151ny\u00e9nek sz\u00e1m\u00e1ra az id\u0151m\u00e9r\u00e9s el\u0151tt, ami nem kev\u00e9s, \u00e1m azoknak akik most ismerkedtek a p\u00e1ly\u00e1val, komoly kih\u00edv\u00e1st jelentett. Nem az\u00e9rt mert a p\u00e1lya nyomvonala bonyolult! S\u0151t! A Salzburgring tal\u00e1n a legegyszer\u0171bb helysz\u00ednek egyike, \u00e9s ebben rejlik a neh\u00e9zs\u00e9ge is. Az eg\u00e9sz k\u00f6r egy b\u00e1tors\u00e1g pr\u00f3ba, ki [&hellip;]<\/p>","protected":false},"author":2,"featured_media":3418,"comment_status":"open","ping_status":"open","sticky":false,"template":"","format":"standard","meta":{"footnotes":""},"categories":[1],"tags":[],"yoast_head":"<!-- This site is optimized with the Yoast SEO Premium plugin v21.1 (Yoast SEO v21.7) - https:\/\/yoast.com\/wordpress\/plugins\/seo\/ -->\n<title>Balogh Zolt\u00e1n indul az \u00e9lr\u0151l a Salzburgring-en - FIA Swift Cup Europe<\/title>\n<meta name=\"robots\" content=\"index, follow, max-snippet:-1, max-image-preview:large, max-video-preview:-1\" \/>\n<link rel=\"canonical\" href=\"https:\/\/www.swiftcupeurope.com\/en\/2016\/uncategorized\/balogh-zoltan-indul-az-elrol-a-salzburgring-en\/\" \/>\n<meta property=\"og:locale\" content=\"en_US\" \/>\n<meta property=\"og:type\" content=\"article\" \/>\n<meta property=\"og:title\" content=\"Balogh Zolt\u00e1n indul az \u00e9lr\u0151l a Salzburgring-en\" \/>\n<meta property=\"og:description\" content=\"N\u00e9gy szabadedz\u00e9s \u00e1llt a rendelkez\u00e9sre a Swift Cup Europe mez\u0151ny\u00e9nek sz\u00e1m\u00e1ra az id\u0151m\u00e9r\u00e9s el\u0151tt, ami nem kev\u00e9s, \u00e1m azoknak akik most ismerkedtek a p\u00e1ly\u00e1val, komoly kih\u00edv\u00e1st jelentett. Nem az\u00e9rt mert a p\u00e1lya nyomvonala bonyolult! S\u0151t! A Salzburgring tal\u00e1n a legegyszer\u0171bb helysz\u00ednek egyike, \u00e9s ebben rejlik a neh\u00e9zs\u00e9ge is. Az eg\u00e9sz k\u00f6r egy b\u00e1tors\u00e1g pr\u00f3ba, ki [&hellip;]\" \/>\n<meta property=\"og:url\" content=\"https:\/\/www.swiftcupeurope.com\/en\/2016\/uncategorized\/balogh-zoltan-indul-az-elrol-a-salzburgring-en\/\" \/>\n<meta property=\"og:site_name\" content=\"FIA Swift Cup Europe\" \/>\n<meta property=\"article:published_time\" content=\"2016-08-05T19:37:34+00:00\" \/>\n<meta property=\"og:image\" content=\"https:\/\/www.swiftcupeurope.com\/wp-content\/uploads\/2016\/08\/DSC_0123.jpg\" \/>\n\t<meta property=\"og:image:width\" content=\"1280\" \/>\n\t<meta property=\"og:image:height\" content=\"503\" \/>\n\t<meta property=\"og:image:type\" content=\"image\/jpeg\" \/>\n<meta name=\"author\" content=\"swiftcupeurope\" \/>\n<meta name=\"twitter:card\" content=\"summary_large_image\" \/>\n<meta name=\"twitter:label1\" content=\"Written by\" \/>\n\t<meta name=\"twitter:data1\" content=\"swiftcupeurope\" \/>\n\t<meta name=\"twitter:label2\" content=\"Est. reading time\" \/>\n\t<meta name=\"twitter:data2\" content=\"2 minutes\" \/>\n<script type=\"application\/ld+json\" class=\"yoast-schema-graph\">{\"@context\":\"https:\/\/schema.org\",\"@graph\":[{\"@type\":\"Article\",\"@id\":\"https:\/\/www.swiftcupeurope.com\/2016\/uncategorized\/balogh-zoltan-indul-az-elrol-a-salzburgring-en\/#article\",\"isPartOf\":{\"@id\":\"https:\/\/www.swiftcupeurope.com\/2016\/uncategorized\/balogh-zoltan-indul-az-elrol-a-salzburgring-en\/\"},\"author\":{\"name\":\"swiftcupeurope\",\"@id\":\"https:\/\/www.swiftcupeurope.com\/#\/schema\/person\/03cb2427aeeeeac4a49a03160d04e8fe\"},\"headline\":\"Balogh Zolt\u00e1n indul az \u00e9lr\u0151l a Salzburgring-en\",\"datePublished\":\"2016-08-05T19:37:34+00:00\",\"dateModified\":\"2016-08-05T19:37:34+00:00\",\"mainEntityOfPage\":{\"@id\":\"https:\/\/www.swiftcupeurope.com\/2016\/uncategorized\/balogh-zoltan-indul-az-elrol-a-salzburgring-en\/\"},\"wordCount\":333,\"commentCount\":0,\"publisher\":{\"@id\":\"https:\/\/www.swiftcupeurope.com\/#organization\"},\"inLanguage\":\"en-US\",\"potentialAction\":[{\"@type\":\"CommentAction\",\"name\":\"Comment\",\"target\":[\"https:\/\/www.swiftcupeurope.com\/2016\/uncategorized\/balogh-zoltan-indul-az-elrol-a-salzburgring-en\/#respond\"]}]},{\"@type\":\"WebPage\",\"@id\":\"https:\/\/www.swiftcupeurope.com\/2016\/uncategorized\/balogh-zoltan-indul-az-elrol-a-salzburgring-en\/\",\"url\":\"https:\/\/www.swiftcupeurope.com\/2016\/uncategorized\/balogh-zoltan-indul-az-elrol-a-salzburgring-en\/\",\"name\":\"Balogh Zolt\u00e1n indul az \u00e9lr\u0151l a Salzburgring-en - FIA Swift Cup Europe\",\"isPartOf\":{\"@id\":\"https:\/\/www.swiftcupeurope.com\/#website\"},\"datePublished\":\"2016-08-05T19:37:34+00:00\",\"dateModified\":\"2016-08-05T19:37:34+00:00\",\"breadcrumb\":{\"@id\":\"https:\/\/www.swiftcupeurope.com\/2016\/uncategorized\/balogh-zoltan-indul-az-elrol-a-salzburgring-en\/#breadcrumb\"},\"inLanguage\":\"en-US\",\"potentialAction\":[{\"@type\":\"ReadAction\",\"target\":[\"https:\/\/www.swiftcupeurope.com\/2016\/uncategorized\/balogh-zoltan-indul-az-elrol-a-salzburgring-en\/\"]}]},{\"@type\":\"BreadcrumbList\",\"@id\":\"https:\/\/www.swiftcupeurope.com\/2016\/uncategorized\/balogh-zoltan-indul-az-elrol-a-salzburgring-en\/#breadcrumb\",\"itemListElement\":[{\"@type\":\"ListItem\",\"position\":1,\"name\":\"Kezd\u0151lap\",\"item\":\"https:\/\/www.swiftcupeurope.com\/\"},{\"@type\":\"ListItem\",\"position\":2,\"name\":\"Balogh Zolt\u00e1n indul az \u00e9lr\u0151l a Salzburgring-en\"}]},{\"@type\":\"WebSite\",\"@id\":\"https:\/\/www.swiftcupeurope.com\/#website\",\"url\":\"https:\/\/www.swiftcupeurope.com\/\",\"name\":\"FIA Swift Cup Europe\",\"description\":\"FIA Swift Cup Europe \/ Official Website\",\"publisher\":{\"@id\":\"https:\/\/www.swiftcupeurope.com\/#organization\"},\"potentialAction\":[{\"@type\":\"SearchAction\",\"target\":{\"@type\":\"EntryPoint\",\"urlTemplate\":\"https:\/\/www.swiftcupeurope.com\/?s={search_term_string}\"},\"query-input\":\"required name=search_term_string\"}],\"inLanguage\":\"en-US\"},{\"@type\":\"Organization\",\"@id\":\"https:\/\/www.swiftcupeurope.com\/#organization\",\"name\":\"FIA Swift Cup Europe\",\"url\":\"https:\/\/www.swiftcupeurope.com\/\",\"logo\":{\"@type\":\"ImageObject\",\"inLanguage\":\"en-US\",\"@id\":\"https:\/\/www.swiftcupeurope.com\/#\/schema\/logo\/image\/\",\"url\":\"https:\/\/www.swiftcupeurope.com\/wp-content\/uploads\/2021\/04\/cropped-sce_logo_2021inv.png\",\"contentUrl\":\"https:\/\/www.swiftcupeurope.com\/wp-content\/uploads\/2021\/04\/cropped-sce_logo_2021inv.png\",\"width\":600,\"height\":120,\"caption\":\"FIA Swift Cup Europe\"},\"image\":{\"@id\":\"https:\/\/www.swiftcupeurope.com\/#\/schema\/logo\/image\/\"}},{\"@type\":\"Person\",\"@id\":\"https:\/\/www.swiftcupeurope.com\/#\/schema\/person\/03cb2427aeeeeac4a49a03160d04e8fe\",\"name\":\"swiftcupeurope\",\"url\":\"https:\/\/www.swiftcupeurope.com\/en\/author\/swiftcupeurope\/\"}]}<\/script>\n<!-- \/ Yoast SEO Premium plugin. -->","yoast_head_json":{"title":"Balogh Zolt\u00e1n indul az \u00e9lr\u0151l a Salzburgring-en - FIA Swift Cup Europe","robots":{"index":"index","follow":"follow","max-snippet":"max-snippet:-1","max-image-preview":"max-image-preview:large","max-video-preview":"max-video-preview:-1"},"canonical":"https:\/\/www.swiftcupeurope.com\/en\/2016\/uncategorized\/balogh-zoltan-indul-az-elrol-a-salzburgring-en\/","og_locale":"en_US","og_type":"article","og_title":"Balogh Zolt\u00e1n indul az \u00e9lr\u0151l a Salzburgring-en","og_description":"N\u00e9gy szabadedz\u00e9s \u00e1llt a rendelkez\u00e9sre a Swift Cup Europe mez\u0151ny\u00e9nek sz\u00e1m\u00e1ra az id\u0151m\u00e9r\u00e9s el\u0151tt, ami nem kev\u00e9s, \u00e1m azoknak akik most ismerkedtek a p\u00e1ly\u00e1val, komoly kih\u00edv\u00e1st jelentett. Nem az\u00e9rt mert a p\u00e1lya nyomvonala bonyolult! S\u0151t! A Salzburgring tal\u00e1n a legegyszer\u0171bb helysz\u00ednek egyike, \u00e9s ebben rejlik a neh\u00e9zs\u00e9ge is. Az eg\u00e9sz k\u00f6r egy b\u00e1tors\u00e1g pr\u00f3ba, ki [&hellip;]","og_url":"https:\/\/www.swiftcupeurope.com\/en\/2016\/uncategorized\/balogh-zoltan-indul-az-elrol-a-salzburgring-en\/","og_site_name":"FIA Swift Cup Europe","article_published_time":"2016-08-05T19:37:34+00:00","og_image":[{"width":1280,"height":503,"url":"https:\/\/www.swiftcupeurope.com\/wp-content\/uploads\/2016\/08\/DSC_0123.jpg","type":"image\/jpeg"}],"author":"swiftcupeurope","twitter_card":"summary_large_image","twitter_misc":{"Written by":"swiftcupeurope","Est. reading time":"2 minutes"},"schema":{"@context":"https:\/\/schema.org","@graph":[{"@type":"Article","@id":"https:\/\/www.swiftcupeurope.com\/2016\/uncategorized\/balogh-zoltan-indul-az-elrol-a-salzburgring-en\/#article","isPartOf":{"@id":"https:\/\/www.swiftcupeurope.com\/2016\/uncategorized\/balogh-zoltan-indul-az-elrol-a-salzburgring-en\/"},"author":{"name":"swiftcupeurope","@id":"https:\/\/www.swiftcupeurope.com\/#\/schema\/person\/03cb2427aeeeeac4a49a03160d04e8fe"},"headline":"Balogh Zolt\u00e1n indul az \u00e9lr\u0151l a Salzburgring-en","datePublished":"2016-08-05T19:37:34+00:00","dateModified":"2016-08-05T19:37:34+00:00","mainEntityOfPage":{"@id":"https:\/\/www.swiftcupeurope.com\/2016\/uncategorized\/balogh-zoltan-indul-az-elrol-a-salzburgring-en\/"},"wordCount":333,"commentCount":0,"publisher":{"@id":"https:\/\/www.swiftcupeurope.com\/#organization"},"inLanguage":"en-US","potentialAction":[{"@type":"CommentAction","name":"Comment","target":["https:\/\/www.swiftcupeurope.com\/2016\/uncategorized\/balogh-zoltan-indul-az-elrol-a-salzburgring-en\/#respond"]}]},{"@type":"WebPage","@id":"https:\/\/www.swiftcupeurope.com\/2016\/uncategorized\/balogh-zoltan-indul-az-elrol-a-salzburgring-en\/","url":"https:\/\/www.swiftcupeurope.com\/2016\/uncategorized\/balogh-zoltan-indul-az-elrol-a-salzburgring-en\/","name":"Balogh Zolt\u00e1n indul az \u00e9lr\u0151l a Salzburgring-en - FIA Swift Cup Europe","isPartOf":{"@id":"https:\/\/www.swiftcupeurope.com\/#website"},"datePublished":"2016-08-05T19:37:34+00:00","dateModified":"2016-08-05T19:37:34+00:00","breadcrumb":{"@id":"https:\/\/www.swiftcupeurope.com\/2016\/uncategorized\/balogh-zoltan-indul-az-elrol-a-salzburgring-en\/#breadcrumb"},"inLanguage":"en-US","potentialAction":[{"@type":"ReadAction","target":["https:\/\/www.swiftcupeurope.com\/2016\/uncategorized\/balogh-zoltan-indul-az-elrol-a-salzburgring-en\/"]}]},{"@type":"BreadcrumbList","@id":"https:\/\/www.swiftcupeurope.com\/2016\/uncategorized\/balogh-zoltan-indul-az-elrol-a-salzburgring-en\/#breadcrumb","itemListElement":[{"@type":"ListItem","position":1,"name":"Kezd\u0151lap","item":"https:\/\/www.swiftcupeurope.com\/"},{"@type":"ListItem","position":2,"name":"Balogh Zolt\u00e1n indul az \u00e9lr\u0151l a Salzburgring-en"}]},{"@type":"WebSite","@id":"https:\/\/www.swiftcupeurope.com\/#website","url":"https:\/\/www.swiftcupeurope.com\/","name":"FIA Swift Cup Europe","description":"FIA Swift Cup Europe \/ Official Website","publisher":{"@id":"https:\/\/www.swiftcupeurope.com\/#organization"},"potentialAction":[{"@type":"SearchAction","target":{"@type":"EntryPoint","urlTemplate":"https:\/\/www.swiftcupeurope.com\/?s={search_term_string}"},"query-input":"required name=search_term_string"}],"inLanguage":"en-US"},{"@type":"Organization","@id":"https:\/\/www.swiftcupeurope.com\/#organization","name":"FIA Swift Cup Europe","url":"https:\/\/www.swiftcupeurope.com\/","logo":{"@type":"ImageObject","inLanguage":"en-US","@id":"https:\/\/www.swiftcupeurope.com\/#\/schema\/logo\/image\/","url":"https:\/\/www.swiftcupeurope.com\/wp-content\/uploads\/2021\/04\/cropped-sce_logo_2021inv.png","contentUrl":"https:\/\/www.swiftcupeurope.com\/wp-content\/uploads\/2021\/04\/cropped-sce_logo_2021inv.png","width":600,"height":120,"caption":"FIA Swift Cup Europe"},"image":{"@id":"https:\/\/www.swiftcupeurope.com\/#\/schema\/logo\/image\/"}},{"@type":"Person","@id":"https:\/\/www.swiftcupeurope.com\/#\/schema\/person\/03cb2427aeeeeac4a49a03160d04e8fe","name":"swiftcupeurope","url":"https:\/\/www.swiftcupeurope.com\/en\/author\/swiftcupeurope\/"}]}},"_links":{"self":[{"href":"https:\/\/www.swiftcupeurope.com\/en\/wp-json\/wp\/v2\/posts\/3417"}],"collection":[{"href":"https:\/\/www.swiftcupeurope.com\/en\/wp-json\/wp\/v2\/posts"}],"about":[{"href":"https:\/\/www.swiftcupeurope.com\/en\/wp-json\/wp\/v2\/types\/post"}],"author":[{"embeddable":true,"href":"https:\/\/www.swiftcupeurope.com\/en\/wp-json\/wp\/v2\/users\/2"}],"replies":[{"embeddable":true,"href":"https:\/\/www.swiftcupeurope.com\/en\/wp-json\/wp\/v2\/comments?post=3417"}],"version-history":[{"count":0,"href":"https:\/\/www.swiftcupeurope.com\/en\/wp-json\/wp\/v2\/posts\/3417\/revisions"}],"wp:featuredmedia":[{"embeddable":true,"href":"https:\/\/www.swiftcupeurope.com\/en\/wp-json\/wp\/v2\/media\/3418"}],"wp:attachment":[{"href":"https:\/\/www.swiftcupeurope.com\/en\/wp-json\/wp\/v2\/media?parent=3417"}],"wp:term":[{"taxonomy":"category","embeddable":true,"href":"https:\/\/www.swiftcupeurope.com\/en\/wp-json\/wp\/v2\/categories?post=3417"},{"taxonomy":"post_tag","embeddable":true,"href":"https:\/\/www.swiftcupeurope.com\/en\/wp-json\/wp\/v2\/tags?post=3417"}],"curies":[{"name":"wp","href":"https:\/\/api.w.org\/{rel}","templated":true}]}}