{"id":3177,"date":"2016-06-27T10:28:21","date_gmt":"2016-06-27T10:28:21","guid":{"rendered":"http:\/\/swiftcupeurope.com\/?p=3177"},"modified":"2016-06-27T10:28:21","modified_gmt":"2016-06-27T10:28:21","slug":"molnar-bendeguz-duplazott-a-pannonia-ring-en","status":"publish","type":"post","link":"https:\/\/www.swiftcupeurope.com\/en\/2016\/uncategorized\/molnar-bendeguz-duplazott-a-pannonia-ring-en\/","title":{"rendered":"Moln\u00e1r Bendeg\u00faz dupl\u00e1zott a Pannonia-Ring-en"},"content":{"rendered":"<p>Rendk\u00edv\u00fcl \u00e9rdekesen alakult a k\u00e9t verseny vas\u00e1rnap, a Swift Cup Europe harmadik h\u00e9tv\u00e9g\u00e9j\u00e9n.<\/p>\n<p><a href=\"http:\/\/swiftcupeurope.com\/wp-content\/uploads\/2016\/06\/DSC09142.jpg\"><img fetchpriority=\"high\" decoding=\"async\" class=\"alignleft size-medium wp-image-3181\" src=\"http:\/\/swiftcupeurope.com\/wp-content\/uploads\/2016\/06\/DSC09142-300x169.jpg\" alt=\"DSC09142\" width=\"300\" height=\"169\" \/><\/a>Az id\u0151m\u00e9r\u00e9sen is komoly bonyodalmakat okozott, hogy a Pannonia-Ring kialak\u00edt\u00e1sa miatt k\u00f6nny\u0171 volt a p\u00e1lyaelhagy\u00e1s az els\u0151 k\u00e9t kanyarban. Mivel f\u0151k\u00e9nt motoros p\u00e1lya ez, sz\u00e9les aszfaltoz\u00e1s van a k\u00e9t kanyarban, neh\u00e9z meg\u00edt\u00e9lni, hol is a v\u00e9ge a p\u00e1ly\u00e1nak.<\/p>\n<p><a href=\"http:\/\/swiftcupeurope.com\/wp-content\/uploads\/2016\/06\/DSC08995.jpg\"><img decoding=\"async\" class=\"alignleft size-medium wp-image-3182\" src=\"http:\/\/swiftcupeurope.com\/wp-content\/uploads\/2016\/06\/DSC08995-300x169.jpg\" alt=\"DSC08995\" width=\"300\" height=\"169\" \/><\/a>M\u00e1r a versenyz\u0151i eligaz\u00edt\u00e1son felh\u00edvt\u00e1k a figyelmet arra, hogy ezeken a pontokon a t\u00e9nyb\u00edr\u00f3k fokozottan fognak figyelni, \u00e9s szankcion\u00e1lni fogj\u00e1k a n\u00e9gykerekes p\u00e1lyaelhagy\u00e1sokat. Sajnos, azonban ez nem volt k\u00f6vetkezetes, \u00e9s nehezen volt k\u00f6vethet\u0151, ki mikor \u00e9s mi\u00e9rt kapott b\u00fcntet\u00e9st.<\/p>\n<p>Az ut\u00f3lagos b\u00fcntet\u00e9sek nagy m\u00e9rt\u00e9kben befoly\u00e1solt\u00e1k a versenyek eredm\u00e9ny\u00e9t.<\/p>\n<p><a href=\"http:\/\/swiftcupeurope.com\/wp-content\/uploads\/2016\/06\/DSC08929.jpg\"><img decoding=\"async\" class=\"alignleft size-medium wp-image-3183\" src=\"http:\/\/swiftcupeurope.com\/wp-content\/uploads\/2016\/06\/DSC08929-300x169.jpg\" alt=\"DSC08929\" width=\"300\" height=\"169\" \/><\/a>Az els\u0151 versenyen Moln\u00e1r Bendeg\u00faz kihaszn\u00e1lta a pole-b\u00f3l val\u00f3 indul\u00e1st, \u00e9s megtartotta az els\u0151 hely\u00e9t. Forrai G\u00e1bor sok\u00e1ig pr\u00f3b\u00e1lta t\u00e1madni, de a verseny m\u00e1sodik fel\u00e9t\u0151l ink\u00e1bb m\u00e1r h\u00e1trafel\u00e9 figyelt, hisz egyre komolyabban t\u00e1madta \u0150t M\u00e9sz\u00e1ros G\u00e1bor, \u00e9s a felz\u00e1rk\u00f3z\u00f3 Csik J\u00e1nos \u00e9s Bernula Istv\u00e1n.<\/p>\n<p><a href=\"http:\/\/swiftcupeurope.com\/wp-content\/uploads\/2016\/06\/DSC09035.jpg\"><img loading=\"lazy\" decoding=\"async\" class=\"alignleft size-medium wp-image-3184\" src=\"http:\/\/swiftcupeurope.com\/wp-content\/uploads\/2016\/06\/DSC09035-300x169.jpg\" alt=\"DSC09035\" width=\"300\" height=\"169\" \/><\/a>A futamot l\u00e9nyeg\u00e9ben k\u00f6nnyen nyerte Moln\u00e1r Bendeg\u00faz, senki nem jelentett komoly vesz\u00e9lyt r\u00e1. A m\u00e1sodik Forrai \u00e9s a harmadik M\u00e9sz\u00e1ros lett.<\/p>\n<p>Azonban j\u00f6ttek a b\u00fcntet\u00e9sek, melynek folyom\u00e1nyak\u00e9nt a k\u00f6vetkez\u0151 k\u00e9pen alakult a hivatalos sorrend.<\/p>\n<ol>\n<li>Moln\u00e1r Bendeg\u00faz<\/li>\n<li>Csik J\u00e1nos<\/li>\n<li>Bernula Istv\u00e1n<\/li>\n<li>Forrai G\u00e1bor<\/li>\n<li>M\u00e9sz\u00e1ros G\u00e1bor<\/li>\n<li>Balogh Zolt\u00e1n<\/li>\n<\/ol>\n<p>A harminc indul\u00f3b\u00f3l 29-en megl\u00e1tt\u00e1k a kock\u00e1s z\u00e1szl\u00f3t, ami nagyon sz\u00e9p teljes\u00edtm\u00e9ny.<\/p>\n<p><a href=\"http:\/\/swiftcupeurope.com\/wp-content\/uploads\/2016\/06\/DSC08847.jpg\"><img loading=\"lazy\" decoding=\"async\" class=\"alignleft size-medium wp-image-3185\" src=\"http:\/\/swiftcupeurope.com\/wp-content\/uploads\/2016\/06\/DSC08847-300x169.jpg\" alt=\"DSC08847\" width=\"300\" height=\"169\" \/><\/a>Az 1.3-asok k\u00fczdelm\u00e9t ugyancsak befoly\u00e1solta a futam ut\u00e1ni b\u00fcntet\u00e9s sorozat, Kov\u00e1cs Kolos gy\u0151zelm\u00e9t vett\u00e9k el.<\/p>\n<p>Fodor \u00c1rp\u00e1d lett \u00edgy az \u00e9rt\u00e9kel\u00e9s gy\u0151ztese, Kov\u00e1cs Kolos \u00e9s M\u00e9h\u00e9sz Attila el\u0151tt.<\/p>\n<p><em><a href=\"http:\/\/swiftcupeurope.com\/wp-content\/uploads\/2016\/06\/DSC08859.jpg\"><img loading=\"lazy\" decoding=\"async\" class=\"alignleft size-medium wp-image-3187\" src=\"http:\/\/swiftcupeurope.com\/wp-content\/uploads\/2016\/06\/DSC08859-300x169.jpg\" alt=\"DSC08859\" width=\"300\" height=\"169\" \/><\/a>&#8222;El\u00e9g h\u00e1tulr\u00f3l rajtoltam a tizedik helyr\u0151l, majd siker\u00fclt k\u00e9t-h\u00e1rom helyet el\u0151re j\u00f6nn\u00f6m. Azt\u00e1n kicsit elfogyott a temp\u00f3, de visszaj\u00f6tt a kocsi ereje \u00e9s siker\u00fclt az osztr\u00e1kokat megel\u0151zn\u00f6m, akik el\u0151ttem voltak. De addigra m\u00e1r az els\u0151 \u00f6t-hat k\u00f6rben elment az es\u00e9ly, hogy felz\u00e1rk\u00f3zzam az \u00e9lmez\u0151nybe. Musz\u00e1j volt min\u00e9l el\u0151r\u00e9bb verekedni magam, hogy ne vesz\u00edtsek t\u00fal sok pontot a bajnoks\u00e1gban&#8221; &#8211; <\/em>nyilatkozta a futam ut\u00e1n Balogh Zolt\u00e1n.<\/p>\n<p><em><a href=\"http:\/\/swiftcupeurope.com\/wp-content\/uploads\/2016\/06\/DSC08989.jpg\"><img loading=\"lazy\" decoding=\"async\" class=\"alignleft size-medium wp-image-3188\" src=\"http:\/\/swiftcupeurope.com\/wp-content\/uploads\/2016\/06\/DSC08989-300x169.jpg\" alt=\"DSC08989\" width=\"300\" height=\"169\" \/><\/a>\u201eEgy nagyon j\u00f3, korrekt kis k\u00fczdelem volt, b\u00e1r vigy\u00e1ztunk is egym\u00e1sra. Bendeg\u00faz nagyon elh\u00fazott az \u00e9len, nem volt es\u00e9ly\u00fcnk utol\u00e9rni, r\u00e1ad\u00e1sul az elej\u00e9n hib\u00e1ztam is egyet egy v\u00e1lt\u00e1sn\u00e1l \u00e9s az is k\u00f6zrej\u00e1tszott. Ut\u00e1na meg m\u00e1r csak pr\u00f3b\u00e1ltam k\u00edm\u00e9lni a gumikat, de az\u00e9rt \u00edgy is kaptak rendesen, \u00fagyhogy \u00e9rdekes lesz a m\u00e1sodik futam.\u201d<\/em> &#8211; mondta Forrai G\u00e1bor.<\/p>\n<p><a href=\"http:\/\/swiftcupeurope.com\/wp-content\/uploads\/2016\/06\/DSC09002.jpg\"><img loading=\"lazy\" decoding=\"async\" class=\"alignleft size-medium wp-image-3189\" src=\"http:\/\/swiftcupeurope.com\/wp-content\/uploads\/2016\/06\/DSC09002-300x169.jpg\" alt=\"DSC09002\" width=\"300\" height=\"169\" \/><\/a>M\u00e9sz\u00e1ros G\u00e1bor nyilatkozata: <em>\u201eSokkal t\u00f6bbet nem nagyon tudtam volna kihozni ebb\u0151l. G\u00e1borral egy j\u00f3t csat\u00e1ztunk az elej\u00e9n, de Bendeg\u00faz nagyon megl\u00e9pett \u00e9s ut\u00e1na m\u00e1r ink\u00e1bb arra figyeltem, hogy tartsam a helyet, \u00e9s hogy a m\u00f6g\u00f6ttem l\u00e9v\u0151k ne tudjanak k\u00f6zeledni, mert Cs\u00edk Jani meg Bernula Pisti el\u00e9g j\u00f3l felj\u00f6ttek r\u00e1nk.\u201d<\/em><\/p>\n<p><a href=\"http:\/\/swiftcupeurope.com\/wp-content\/uploads\/2016\/06\/DSC08986.jpg\"><img loading=\"lazy\" decoding=\"async\" class=\"alignleft size-medium wp-image-3190\" src=\"http:\/\/swiftcupeurope.com\/wp-content\/uploads\/2016\/06\/DSC08986-300x169.jpg\" alt=\"DSC08986\" width=\"300\" height=\"169\" \/><\/a>A gy\u0151ztes, Moln\u00e1r Bendeg\u00faz nyilatkozta: <em>\u201eH\u00e1t igaz\u00e1b\u00f3l nem is tudom, hogy siker\u00fclt ilyen j\u00f3l a rajt, de siker\u00fclt elj\u00f6nn\u00f6m \u00e9s ut\u00e1na csak n\u00e9h\u00e1ny k\u00f6r\u00f6n kereszt\u00fcl tudtak j\u00f6nni velem. Nyomtam a g\u00e1zt, ahogy b\u00edrtam, hogy n\u00f6veljem az el\u0151nyt olyan \u00f6t- hat k\u00f6r\u00f6n kereszt\u00fcl, azt\u00e1n ink\u00e1bb m\u00e1r csak arra figyeltem, hogy hol j\u00f6nnek a fi\u00fak \u00e9s pr\u00f3b\u00e1ltam tartani a t\u00e1vols\u00e1got. El\u0151sz\u00f6r versenyzem itt a Pann\u00f3nia-ringen, \u00edgy nagyon \u00f6r\u00fcl\u00f6k az eredm\u00e9nynek. Tetszik a p\u00e1lya is, b\u00e1r nagyon eszi a gumikat, de tal\u00e1n most a h\u0171v\u00f6sebb id\u0151 miatt jobb egy kicsit a helyzet \u00e9s kev\u00e9sb\u00e9 fogytak, \u00edgy a k\u00f6vetkez\u0151 futamra is tal\u00e1n el\u00e9g j\u00f3k lesznek a gumik.\u201d<\/em><\/p>\n<p><a href=\"http:\/\/swiftcupeurope.com\/wp-content\/uploads\/2016\/06\/DSC09127.jpg\"><img loading=\"lazy\" decoding=\"async\" class=\"alignleft size-medium wp-image-3191\" src=\"http:\/\/swiftcupeurope.com\/wp-content\/uploads\/2016\/06\/DSC09127-300x169.jpg\" alt=\"DSC09127\" width=\"300\" height=\"169\" srcset=\"https:\/\/www.swiftcupeurope.com\/wp-content\/uploads\/2016\/06\/DSC09127-300x169.jpg 300w, https:\/\/www.swiftcupeurope.com\/wp-content\/uploads\/2016\/06\/DSC09127-768x432.jpg 768w, https:\/\/www.swiftcupeurope.com\/wp-content\/uploads\/2016\/06\/DSC09127-1030x579.jpg 1030w, https:\/\/www.swiftcupeurope.com\/wp-content\/uploads\/2016\/06\/DSC09127-705x397.jpg 705w, https:\/\/www.swiftcupeurope.com\/wp-content\/uploads\/2016\/06\/DSC09127-450x253.jpg 450w, https:\/\/www.swiftcupeurope.com\/wp-content\/uploads\/2016\/06\/DSC09127.jpg 1280w\" sizes=\"(max-width: 300px) 100vw, 300px\" \/><\/a>A m\u00e1sodik versenyen az els\u0151 nyolc ford\u00edtott sorrendben \u00e1llt fel a rajtr\u00e1csra, \u00e9s ezt kihaszn\u00e1lta az osztr\u00e1k Stefan Artner, aki j\u00f3l indult, \u00e9s siker\u00fclt is ki\u00e9p\u00edtenie t\u00f6bb m\u00e1sodperces el\u0151nyt.<\/p>\n<p>Csik J\u00e1nos fokozatosan j\u00f6tt el\u0151re, \u00e9s az utols\u00f3 k\u00f6r\u00f6kben megindult Artner ut\u00e1n, \u0150t Moln\u00e1r Bendeg\u00faz k\u00f6vette.<\/p>\n<p><a href=\"http:\/\/swiftcupeurope.com\/wp-content\/uploads\/2016\/06\/DSC09247.jpg\"><img loading=\"lazy\" decoding=\"async\" class=\"alignleft size-medium wp-image-3195\" src=\"http:\/\/swiftcupeurope.com\/wp-content\/uploads\/2016\/06\/DSC09247-300x169.jpg\" alt=\"DSC09247\" width=\"300\" height=\"169\" \/><\/a>A futam hajr\u00e1j\u00e1ra utol is \u00e9rt\u00e9k az osztr\u00e1k pil\u00f3t\u00e1t, \u00e9s megel\u0151zt\u00e9k. Csik nyert, Moln\u00e1r a m\u00e1sodik \u00e9s Artner a harmadik lett.<\/p>\n<p>Azonban \u00fajra j\u00f6ttek a b\u00fcntet\u00e9sek, Csik sz\u00e1m\u00e1ra ez a futamgy\u0151zelembe ker\u00fclt.<\/p>\n<p>Moln\u00e1r Bendeg\u00faz megnyerte a m\u00e1sodik versenyt, Csik J\u00e1nos \u00e9s Stefan Artner el\u0151tt.<\/p>\n<p>Balogh Zolt\u00e1n ugyan bej\u00f6tt a hatodik helyen, de egy \u00fctk\u00f6z\u00e9s miatt megs\u00e9r\u00fclhetett, mert nem tudott az aut\u00f3j\u00e1b\u00f3l kisz\u00e1llni. \u0150t a ment\u0151k sz\u00e1ll\u00edtott\u00e1k el, de \u00e9rtes\u00fcl\u00e9seink szerint j\u00f3l van.<\/p>\n<p>Az 1.3-sok k\u00f6z\u00f6tt Kov\u00e1cs Kolos sok\u00e1ig k\u00fczd\u00f6tt riv\u00e1lisaival, de v\u00e9g\u00fcl nagy el\u0151nnyel nyerte a futamot, Fodor \u00c1rp\u00e1d \u00e9s M\u00e9h\u00e9sz Attila el\u0151tt.<\/p>\n<p><a href=\"http:\/\/swiftcupeurope.com\/wp-content\/uploads\/2016\/06\/DSC09276.jpg\"><img loading=\"lazy\" decoding=\"async\" class=\"alignleft size-medium wp-image-3192\" src=\"http:\/\/swiftcupeurope.com\/wp-content\/uploads\/2016\/06\/DSC09276-300x169.jpg\" alt=\"DSC09276\" width=\"300\" height=\"169\" \/><\/a>Moln\u00e1r Bendeg\u00faz nyilatkozott a futam ut\u00e1n: <em>&#8222;Nagyon neh\u00e9z volt, v\u00e9gig nagyon kem\u00e9ny csat\u00e1kat v\u00edvtunk. Nyolcadik helyr\u0151l indultam, a rajtn\u00e1l visszaestem egyet, de azt egy p\u00e1r k\u00f6r alatt siker\u00fclt visszahoznom, ut\u00e1na mentem el\u0151re, ahogy csak tudtam. Volt olyan, amikor n\u00e9gyen egym\u00e1s mellett fordultunk.&#8221;<\/em><\/p>\n<p><a href=\"http:\/\/swiftcupeurope.com\/wp-content\/uploads\/2016\/06\/DSC09357.jpg\"><img loading=\"lazy\" decoding=\"async\" class=\"alignleft size-medium wp-image-3193\" src=\"http:\/\/swiftcupeurope.com\/wp-content\/uploads\/2016\/06\/DSC09357-300x169.jpg\" alt=\"DSC09357\" width=\"300\" height=\"169\" \/><\/a>Csik J\u00e1nos \u00e9rt\u00e9kelt, mikor m\u00e9g nem tudta a b\u00fcntet\u00e9s\u00e9t: <em>&#8222;K\u00fczdelmes, neh\u00e9z verseny volt, nagyon j\u00f3 aut\u00f3t kaptam, nagyon j\u00f3 volt a be\u00e1ll\u00edt\u00e1som. Harcos volt, meleg volt, elf\u00e1radtunk a v\u00e9g\u00e9re. Volt egy kis \u00f6ssze\u00e9r\u00e9s, de rem\u00e9lj\u00fck, senkinek nem lesz s\u00e9relme \u00edgy a futam ut\u00e1n. Gondolom, ezt mindenki m\u00e1sk\u00e9pp \u00e9li meg, de majd a Fel\u00fcgyel\u0151 test\u00fclet eld\u00f6nti.&#8221;<\/em><\/p>\n<p><a href=\"http:\/\/swiftcupeurope.com\/wp-content\/uploads\/2016\/06\/DSC08543.jpg\"><img loading=\"lazy\" decoding=\"async\" class=\"alignleft size-medium wp-image-3194\" src=\"http:\/\/swiftcupeurope.com\/wp-content\/uploads\/2016\/06\/DSC08543-300x169.jpg\" alt=\"DSC08543\" width=\"300\" height=\"169\" \/><\/a>A hetedik, Fekete Bal\u00e1zs \u00e9rt\u00e9kelt: <em>&#8222;A verseny sz\u00e1momra \u00e9rdekes volt. Az elej\u00e9n egy j\u00f3 k\u00f6rig feltartott egy osztr\u00e1k \u00e9s megnehez\u00edtette a feljut\u00e1somat az \u00e9lbolyba. Mindent megpr\u00f3b\u00e1ltam, ami a k\u00f6nyvben meg van \u00edrva, \u00e9s v\u00e9g\u00fcl t\u00faljutottam rajta. Ez az el\u0151z\u00e9s volt a legnagyobb \u00e9lm\u00e9nyem.\u201d<\/em><\/p>\n<p>Moln\u00e1r Bendeg\u00faz a k\u00e9t gy\u0151zelm\u00e9vel komoly kih\u00edv\u00f3ja lett a bajnoki c\u00edmnek. A bajnoks\u00e1g a Salzburgring-en folytat\u00f3dik.<\/p>","protected":false},"excerpt":{"rendered":"<p>Rendk\u00edv\u00fcl \u00e9rdekesen alakult a k\u00e9t verseny vas\u00e1rnap, a Swift Cup Europe harmadik h\u00e9tv\u00e9g\u00e9j\u00e9n. Az id\u0151m\u00e9r\u00e9sen is komoly bonyodalmakat okozott, hogy a Pannonia-Ring kialak\u00edt\u00e1sa miatt k\u00f6nny\u0171 volt a p\u00e1lyaelhagy\u00e1s az els\u0151 k\u00e9t kanyarban. Mivel f\u0151k\u00e9nt motoros p\u00e1lya ez, sz\u00e9les aszfaltoz\u00e1s van a k\u00e9t kanyarban, neh\u00e9z meg\u00edt\u00e9lni, hol is a v\u00e9ge a p\u00e1ly\u00e1nak. M\u00e1r a versenyz\u0151i eligaz\u00edt\u00e1son [&hellip;]<\/p>","protected":false},"author":2,"featured_media":3179,"comment_status":"open","ping_status":"open","sticky":false,"template":"","format":"standard","meta":{"footnotes":""},"categories":[1],"tags":[],"yoast_head":"<!-- This site is optimized with the Yoast SEO Premium plugin v21.1 (Yoast SEO v21.7) - https:\/\/yoast.com\/wordpress\/plugins\/seo\/ -->\n<title>Moln\u00e1r Bendeg\u00faz dupl\u00e1zott a Pannonia-Ring-en - FIA Swift Cup Europe<\/title>\n<meta name=\"robots\" content=\"index, follow, max-snippet:-1, max-image-preview:large, max-video-preview:-1\" \/>\n<link rel=\"canonical\" href=\"https:\/\/www.swiftcupeurope.com\/en\/2016\/uncategorized\/molnar-bendeguz-duplazott-a-pannonia-ring-en\/\" \/>\n<meta property=\"og:locale\" content=\"en_US\" \/>\n<meta property=\"og:type\" content=\"article\" \/>\n<meta property=\"og:title\" content=\"Moln\u00e1r Bendeg\u00faz dupl\u00e1zott a Pannonia-Ring-en\" \/>\n<meta property=\"og:description\" content=\"Rendk\u00edv\u00fcl \u00e9rdekesen alakult a k\u00e9t verseny vas\u00e1rnap, a Swift Cup Europe harmadik h\u00e9tv\u00e9g\u00e9j\u00e9n. Az id\u0151m\u00e9r\u00e9sen is komoly bonyodalmakat okozott, hogy a Pannonia-Ring kialak\u00edt\u00e1sa miatt k\u00f6nny\u0171 volt a p\u00e1lyaelhagy\u00e1s az els\u0151 k\u00e9t kanyarban. Mivel f\u0151k\u00e9nt motoros p\u00e1lya ez, sz\u00e9les aszfaltoz\u00e1s van a k\u00e9t kanyarban, neh\u00e9z meg\u00edt\u00e9lni, hol is a v\u00e9ge a p\u00e1ly\u00e1nak. M\u00e1r a versenyz\u0151i eligaz\u00edt\u00e1son [&hellip;]\" \/>\n<meta property=\"og:url\" content=\"https:\/\/www.swiftcupeurope.com\/en\/2016\/uncategorized\/molnar-bendeguz-duplazott-a-pannonia-ring-en\/\" \/>\n<meta property=\"og:site_name\" content=\"FIA Swift Cup Europe\" \/>\n<meta property=\"article:published_time\" content=\"2016-06-27T10:28:21+00:00\" \/>\n<meta property=\"og:image\" content=\"https:\/\/www.swiftcupeurope.com\/wp-content\/uploads\/2016\/06\/DSC09376.jpg\" \/>\n\t<meta property=\"og:image:width\" content=\"1280\" \/>\n\t<meta property=\"og:image:height\" content=\"720\" \/>\n\t<meta property=\"og:image:type\" content=\"image\/jpeg\" \/>\n<meta name=\"author\" content=\"swiftcupeurope\" \/>\n<meta name=\"twitter:card\" content=\"summary_large_image\" \/>\n<meta name=\"twitter:label1\" content=\"Written by\" \/>\n\t<meta name=\"twitter:data1\" content=\"swiftcupeurope\" \/>\n\t<meta name=\"twitter:label2\" content=\"Est. reading time\" \/>\n\t<meta name=\"twitter:data2\" content=\"6 minutes\" \/>\n<script type=\"application\/ld+json\" class=\"yoast-schema-graph\">{\"@context\":\"https:\/\/schema.org\",\"@graph\":[{\"@type\":\"Article\",\"@id\":\"https:\/\/www.swiftcupeurope.com\/2016\/uncategorized\/molnar-bendeguz-duplazott-a-pannonia-ring-en\/#article\",\"isPartOf\":{\"@id\":\"https:\/\/www.swiftcupeurope.com\/2016\/uncategorized\/molnar-bendeguz-duplazott-a-pannonia-ring-en\/\"},\"author\":{\"name\":\"swiftcupeurope\",\"@id\":\"https:\/\/www.swiftcupeurope.com\/#\/schema\/person\/03cb2427aeeeeac4a49a03160d04e8fe\"},\"headline\":\"Moln\u00e1r Bendeg\u00faz dupl\u00e1zott a Pannonia-Ring-en\",\"datePublished\":\"2016-06-27T10:28:21+00:00\",\"dateModified\":\"2016-06-27T10:28:21+00:00\",\"mainEntityOfPage\":{\"@id\":\"https:\/\/www.swiftcupeurope.com\/2016\/uncategorized\/molnar-bendeguz-duplazott-a-pannonia-ring-en\/\"},\"wordCount\":1216,\"commentCount\":0,\"publisher\":{\"@id\":\"https:\/\/www.swiftcupeurope.com\/#organization\"},\"inLanguage\":\"en-US\",\"potentialAction\":[{\"@type\":\"CommentAction\",\"name\":\"Comment\",\"target\":[\"https:\/\/www.swiftcupeurope.com\/2016\/uncategorized\/molnar-bendeguz-duplazott-a-pannonia-ring-en\/#respond\"]}]},{\"@type\":\"WebPage\",\"@id\":\"https:\/\/www.swiftcupeurope.com\/2016\/uncategorized\/molnar-bendeguz-duplazott-a-pannonia-ring-en\/\",\"url\":\"https:\/\/www.swiftcupeurope.com\/2016\/uncategorized\/molnar-bendeguz-duplazott-a-pannonia-ring-en\/\",\"name\":\"Moln\u00e1r Bendeg\u00faz dupl\u00e1zott a Pannonia-Ring-en - FIA Swift Cup Europe\",\"isPartOf\":{\"@id\":\"https:\/\/www.swiftcupeurope.com\/#website\"},\"datePublished\":\"2016-06-27T10:28:21+00:00\",\"dateModified\":\"2016-06-27T10:28:21+00:00\",\"breadcrumb\":{\"@id\":\"https:\/\/www.swiftcupeurope.com\/2016\/uncategorized\/molnar-bendeguz-duplazott-a-pannonia-ring-en\/#breadcrumb\"},\"inLanguage\":\"en-US\",\"potentialAction\":[{\"@type\":\"ReadAction\",\"target\":[\"https:\/\/www.swiftcupeurope.com\/2016\/uncategorized\/molnar-bendeguz-duplazott-a-pannonia-ring-en\/\"]}]},{\"@type\":\"BreadcrumbList\",\"@id\":\"https:\/\/www.swiftcupeurope.com\/2016\/uncategorized\/molnar-bendeguz-duplazott-a-pannonia-ring-en\/#breadcrumb\",\"itemListElement\":[{\"@type\":\"ListItem\",\"position\":1,\"name\":\"Kezd\u0151lap\",\"item\":\"https:\/\/www.swiftcupeurope.com\/\"},{\"@type\":\"ListItem\",\"position\":2,\"name\":\"Moln\u00e1r Bendeg\u00faz dupl\u00e1zott a Pannonia-Ring-en\"}]},{\"@type\":\"WebSite\",\"@id\":\"https:\/\/www.swiftcupeurope.com\/#website\",\"url\":\"https:\/\/www.swiftcupeurope.com\/\",\"name\":\"FIA Swift Cup Europe\",\"description\":\"FIA Swift Cup Europe \/ Official Website\",\"publisher\":{\"@id\":\"https:\/\/www.swiftcupeurope.com\/#organization\"},\"potentialAction\":[{\"@type\":\"SearchAction\",\"target\":{\"@type\":\"EntryPoint\",\"urlTemplate\":\"https:\/\/www.swiftcupeurope.com\/?s={search_term_string}\"},\"query-input\":\"required name=search_term_string\"}],\"inLanguage\":\"en-US\"},{\"@type\":\"Organization\",\"@id\":\"https:\/\/www.swiftcupeurope.com\/#organization\",\"name\":\"FIA Swift Cup Europe\",\"url\":\"https:\/\/www.swiftcupeurope.com\/\",\"logo\":{\"@type\":\"ImageObject\",\"inLanguage\":\"en-US\",\"@id\":\"https:\/\/www.swiftcupeurope.com\/#\/schema\/logo\/image\/\",\"url\":\"https:\/\/www.swiftcupeurope.com\/wp-content\/uploads\/2021\/04\/cropped-sce_logo_2021inv.png\",\"contentUrl\":\"https:\/\/www.swiftcupeurope.com\/wp-content\/uploads\/2021\/04\/cropped-sce_logo_2021inv.png\",\"width\":600,\"height\":120,\"caption\":\"FIA Swift Cup Europe\"},\"image\":{\"@id\":\"https:\/\/www.swiftcupeurope.com\/#\/schema\/logo\/image\/\"}},{\"@type\":\"Person\",\"@id\":\"https:\/\/www.swiftcupeurope.com\/#\/schema\/person\/03cb2427aeeeeac4a49a03160d04e8fe\",\"name\":\"swiftcupeurope\",\"url\":\"https:\/\/www.swiftcupeurope.com\/en\/author\/swiftcupeurope\/\"}]}<\/script>\n<!-- \/ Yoast SEO Premium plugin. -->","yoast_head_json":{"title":"Moln\u00e1r Bendeg\u00faz dupl\u00e1zott a Pannonia-Ring-en - FIA Swift Cup Europe","robots":{"index":"index","follow":"follow","max-snippet":"max-snippet:-1","max-image-preview":"max-image-preview:large","max-video-preview":"max-video-preview:-1"},"canonical":"https:\/\/www.swiftcupeurope.com\/en\/2016\/uncategorized\/molnar-bendeguz-duplazott-a-pannonia-ring-en\/","og_locale":"en_US","og_type":"article","og_title":"Moln\u00e1r Bendeg\u00faz dupl\u00e1zott a Pannonia-Ring-en","og_description":"Rendk\u00edv\u00fcl \u00e9rdekesen alakult a k\u00e9t verseny vas\u00e1rnap, a Swift Cup Europe harmadik h\u00e9tv\u00e9g\u00e9j\u00e9n. Az id\u0151m\u00e9r\u00e9sen is komoly bonyodalmakat okozott, hogy a Pannonia-Ring kialak\u00edt\u00e1sa miatt k\u00f6nny\u0171 volt a p\u00e1lyaelhagy\u00e1s az els\u0151 k\u00e9t kanyarban. Mivel f\u0151k\u00e9nt motoros p\u00e1lya ez, sz\u00e9les aszfaltoz\u00e1s van a k\u00e9t kanyarban, neh\u00e9z meg\u00edt\u00e9lni, hol is a v\u00e9ge a p\u00e1ly\u00e1nak. M\u00e1r a versenyz\u0151i eligaz\u00edt\u00e1son [&hellip;]","og_url":"https:\/\/www.swiftcupeurope.com\/en\/2016\/uncategorized\/molnar-bendeguz-duplazott-a-pannonia-ring-en\/","og_site_name":"FIA Swift Cup Europe","article_published_time":"2016-06-27T10:28:21+00:00","og_image":[{"width":1280,"height":720,"url":"https:\/\/www.swiftcupeurope.com\/wp-content\/uploads\/2016\/06\/DSC09376.jpg","type":"image\/jpeg"}],"author":"swiftcupeurope","twitter_card":"summary_large_image","twitter_misc":{"Written by":"swiftcupeurope","Est. reading time":"6 minutes"},"schema":{"@context":"https:\/\/schema.org","@graph":[{"@type":"Article","@id":"https:\/\/www.swiftcupeurope.com\/2016\/uncategorized\/molnar-bendeguz-duplazott-a-pannonia-ring-en\/#article","isPartOf":{"@id":"https:\/\/www.swiftcupeurope.com\/2016\/uncategorized\/molnar-bendeguz-duplazott-a-pannonia-ring-en\/"},"author":{"name":"swiftcupeurope","@id":"https:\/\/www.swiftcupeurope.com\/#\/schema\/person\/03cb2427aeeeeac4a49a03160d04e8fe"},"headline":"Moln\u00e1r Bendeg\u00faz dupl\u00e1zott a Pannonia-Ring-en","datePublished":"2016-06-27T10:28:21+00:00","dateModified":"2016-06-27T10:28:21+00:00","mainEntityOfPage":{"@id":"https:\/\/www.swiftcupeurope.com\/2016\/uncategorized\/molnar-bendeguz-duplazott-a-pannonia-ring-en\/"},"wordCount":1216,"commentCount":0,"publisher":{"@id":"https:\/\/www.swiftcupeurope.com\/#organization"},"inLanguage":"en-US","potentialAction":[{"@type":"CommentAction","name":"Comment","target":["https:\/\/www.swiftcupeurope.com\/2016\/uncategorized\/molnar-bendeguz-duplazott-a-pannonia-ring-en\/#respond"]}]},{"@type":"WebPage","@id":"https:\/\/www.swiftcupeurope.com\/2016\/uncategorized\/molnar-bendeguz-duplazott-a-pannonia-ring-en\/","url":"https:\/\/www.swiftcupeurope.com\/2016\/uncategorized\/molnar-bendeguz-duplazott-a-pannonia-ring-en\/","name":"Moln\u00e1r Bendeg\u00faz dupl\u00e1zott a Pannonia-Ring-en - FIA Swift Cup Europe","isPartOf":{"@id":"https:\/\/www.swiftcupeurope.com\/#website"},"datePublished":"2016-06-27T10:28:21+00:00","dateModified":"2016-06-27T10:28:21+00:00","breadcrumb":{"@id":"https:\/\/www.swiftcupeurope.com\/2016\/uncategorized\/molnar-bendeguz-duplazott-a-pannonia-ring-en\/#breadcrumb"},"inLanguage":"en-US","potentialAction":[{"@type":"ReadAction","target":["https:\/\/www.swiftcupeurope.com\/2016\/uncategorized\/molnar-bendeguz-duplazott-a-pannonia-ring-en\/"]}]},{"@type":"BreadcrumbList","@id":"https:\/\/www.swiftcupeurope.com\/2016\/uncategorized\/molnar-bendeguz-duplazott-a-pannonia-ring-en\/#breadcrumb","itemListElement":[{"@type":"ListItem","position":1,"name":"Kezd\u0151lap","item":"https:\/\/www.swiftcupeurope.com\/"},{"@type":"ListItem","position":2,"name":"Moln\u00e1r Bendeg\u00faz dupl\u00e1zott a Pannonia-Ring-en"}]},{"@type":"WebSite","@id":"https:\/\/www.swiftcupeurope.com\/#website","url":"https:\/\/www.swiftcupeurope.com\/","name":"FIA Swift Cup Europe","description":"FIA Swift Cup Europe \/ Official Website","publisher":{"@id":"https:\/\/www.swiftcupeurope.com\/#organization"},"potentialAction":[{"@type":"SearchAction","target":{"@type":"EntryPoint","urlTemplate":"https:\/\/www.swiftcupeurope.com\/?s={search_term_string}"},"query-input":"required name=search_term_string"}],"inLanguage":"en-US"},{"@type":"Organization","@id":"https:\/\/www.swiftcupeurope.com\/#organization","name":"FIA Swift Cup Europe","url":"https:\/\/www.swiftcupeurope.com\/","logo":{"@type":"ImageObject","inLanguage":"en-US","@id":"https:\/\/www.swiftcupeurope.com\/#\/schema\/logo\/image\/","url":"https:\/\/www.swiftcupeurope.com\/wp-content\/uploads\/2021\/04\/cropped-sce_logo_2021inv.png","contentUrl":"https:\/\/www.swiftcupeurope.com\/wp-content\/uploads\/2021\/04\/cropped-sce_logo_2021inv.png","width":600,"height":120,"caption":"FIA Swift Cup Europe"},"image":{"@id":"https:\/\/www.swiftcupeurope.com\/#\/schema\/logo\/image\/"}},{"@type":"Person","@id":"https:\/\/www.swiftcupeurope.com\/#\/schema\/person\/03cb2427aeeeeac4a49a03160d04e8fe","name":"swiftcupeurope","url":"https:\/\/www.swiftcupeurope.com\/en\/author\/swiftcupeurope\/"}]}},"_links":{"self":[{"href":"https:\/\/www.swiftcupeurope.com\/en\/wp-json\/wp\/v2\/posts\/3177"}],"collection":[{"href":"https:\/\/www.swiftcupeurope.com\/en\/wp-json\/wp\/v2\/posts"}],"about":[{"href":"https:\/\/www.swiftcupeurope.com\/en\/wp-json\/wp\/v2\/types\/post"}],"author":[{"embeddable":true,"href":"https:\/\/www.swiftcupeurope.com\/en\/wp-json\/wp\/v2\/users\/2"}],"replies":[{"embeddable":true,"href":"https:\/\/www.swiftcupeurope.com\/en\/wp-json\/wp\/v2\/comments?post=3177"}],"version-history":[{"count":0,"href":"https:\/\/www.swiftcupeurope.com\/en\/wp-json\/wp\/v2\/posts\/3177\/revisions"}],"wp:featuredmedia":[{"embeddable":true,"href":"https:\/\/www.swiftcupeurope.com\/en\/wp-json\/wp\/v2\/media\/3179"}],"wp:attachment":[{"href":"https:\/\/www.swiftcupeurope.com\/en\/wp-json\/wp\/v2\/media?parent=3177"}],"wp:term":[{"taxonomy":"category","embeddable":true,"href":"https:\/\/www.swiftcupeurope.com\/en\/wp-json\/wp\/v2\/categories?post=3177"},{"taxonomy":"post_tag","embeddable":true,"href":"https:\/\/www.swiftcupeurope.com\/en\/wp-json\/wp\/v2\/tags?post=3177"}],"curies":[{"name":"wp","href":"https:\/\/api.w.org\/{rel}","templated":true}]}}