{"id":3167,"date":"2016-06-25T18:54:49","date_gmt":"2016-06-25T18:54:49","guid":{"rendered":"http:\/\/swiftcupeurope.com\/?p=3167"},"modified":"2016-06-25T18:54:49","modified_gmt":"2016-06-25T18:54:49","slug":"molnar-bendeguz-az-idomeres-gyoztese","status":"publish","type":"post","link":"https:\/\/www.swiftcupeurope.com\/en\/2016\/uncategorized\/molnar-bendeguz-az-idomeres-gyoztese\/","title":{"rendered":"Moln\u00e1r Bendeg\u00faz az id\u0151m\u00e9r\u00e9s gy\u0151ztese"},"content":{"rendered":"<p><a href=\"http:\/\/swiftcupeurope.com\/wp-content\/uploads\/2016\/06\/DSC08550.jpg\"><img fetchpriority=\"high\" decoding=\"async\" class=\"alignleft size-medium wp-image-3169\" src=\"http:\/\/swiftcupeurope.com\/wp-content\/uploads\/2016\/06\/DSC08550-300x169.jpg\" alt=\"DSC08550\" width=\"300\" height=\"169\" \/><\/a>Az eredm\u00e9ny ugyan nem pap\u00edrforma, ink\u00e1bb meglepet\u00e9s, de m\u00e9gsem volt v\u00e1ratlan. Moln\u00e1r Bendeg\u00faz megnyerte a Pann\u00f3nia-Ring-i h\u00e9tv\u00e9ge id\u0151m\u00e9r\u00e9s\u00e9t, ami \u00e9lete els\u0151 pole-ja. V\u00e1rhat\u00f3 volt, el\u0151bb-ut\u00f3bb a RaceStar gy\u0151ztese megszokja a k\u00f6zeget, \u00e9s a bajnoks\u00e1g ritmus\u00e1t, \u00e9s kihozza mag\u00e1b\u00f3l a maximumot.<\/p>\n<p><a href=\"http:\/\/swiftcupeurope.com\/wp-content\/uploads\/2016\/06\/DSC08448.jpg\"><img decoding=\"async\" class=\"alignleft size-medium wp-image-3170\" src=\"http:\/\/swiftcupeurope.com\/wp-content\/uploads\/2016\/06\/DSC08448-300x169.jpg\" alt=\"DSC08448\" width=\"300\" height=\"169\" \/><\/a>A 2:22.232-es id\u0151t aut\u00f3zott a Superpole-ban \u00e9s 65 ezredes el\u0151nnyel nyert Forrai G\u00e1bor el\u0151tt. Forrai sz\u00e1m\u00e1ra ez t\u00f6k\u00e9letes eredm\u00e9ny, a bajnoks\u00e1g m\u00e1sodik hely\u00e9n \u00e1ll, \u00e9s az els\u0151 sorb\u00f3l indulhat a vas\u00e1rnapi els\u0151 versenyen.<\/p>\n<p>M\u00e9sz\u00e1ros G\u00e1bor harmadik helye remek, a futamokon a gy\u0151zelem\u00e9rt k\u00fczdhet majd, megvan a temp\u00f3ja hozz\u00e1.<\/p>\n<p><a href=\"http:\/\/swiftcupeurope.com\/wp-content\/uploads\/2016\/06\/DSC08486.jpg\"><img decoding=\"async\" class=\"alignleft size-medium wp-image-3171\" src=\"http:\/\/swiftcupeurope.com\/wp-content\/uploads\/2016\/06\/DSC08486-300x169.jpg\" alt=\"DSC08486\" width=\"300\" height=\"169\" \/><\/a>A bajnoks\u00e1g \u00e9l\u00e9n \u00e1ll\u00f3 Csik J\u00e1nos egy meglep\u0151 hiba miatt cs\u00faszott le a Superpole-r\u00f3l, ahova a legjobb 10 pil\u00f3ta jutott be. Ugyan Csik ideje b\u0151ven el\u00e9g lett volna a bejut\u00e1shoz, de azt elvett\u00e9k t\u0151le, p\u00e1lyaelhagy\u00e1s miatt. Mint k\u00e9s\u0151bb kider\u00fclt, jogtalanul.<\/p>\n<p>Csik \u00edgy a 11. helyr\u0151l rajtolhat majd, ami csal\u00f3d\u00e1s sz\u00e1m\u00e1ra, hisz temp\u00f3ja ak\u00e1r a pole-ra is el\u00e9gnek t\u0171nt.<\/p>\n<p><a href=\"http:\/\/swiftcupeurope.com\/wp-content\/uploads\/2016\/06\/DSC08441.jpg\"><img loading=\"lazy\" decoding=\"async\" class=\"alignleft size-medium wp-image-3172\" src=\"http:\/\/swiftcupeurope.com\/wp-content\/uploads\/2016\/06\/DSC08441-300x169.jpg\" alt=\"DSC08441\" width=\"300\" height=\"169\" \/><\/a>Balogh Zolt\u00e1n id\u0151m\u00e9r\u00e9se sem siker\u00fclt, csak a 10. helyr\u0151l indulhat, Beny\u00f3 M\u00e1t\u00e9val egy sorb\u00f3l. Bernula Istv\u00e1n a 7. lett, csapatt\u00e1rsa Fekete Bal\u00e1zs pedig a nyolcadik.<\/p>\n<p>Az osztr\u00e1k \u00e9s n\u00e9met pil\u00f3t\u00e1k meglep\u0151en j\u00f3l szerepeltek, Max Wimmer \u00e9rte el a legjobb eredm\u00e9nyt, a negyedik lett.<\/p>\n<p>Baronits G\u00e1bor, \u00e9lete els\u0151 Swift Cup Europe h\u00e9tv\u00e9g\u00e9j\u00e9n a nagyszer\u0171 19. rajthelyet szerezte meg.<\/p>\n<p>A legjobb 1.3-as aut\u00f3val indul\u00f3 pil\u00f3ta Kov\u00e1cs Kolos Attila lett, M\u00e9h\u00e9sz Attila \u00e9s Fodor \u00c1rp\u00e1d el\u0151tt.<\/p>\n<p>Az id\u0151m\u00e9r\u00e9s alapj\u00e1n a rajtsorrend a holnapi els\u0151 versenyen:<\/p>\n<ol>\n<li>Moln\u00e1r Bendeg\u00faz<\/li>\n<li>Forrai G\u00e1bor<\/li>\n<li>M\u00e9sz\u00e1ros G\u00e1bor<\/li>\n<li>Max Wimmer<\/li>\n<li>Stefan Atrner<\/li>\n<li>G\u00fcnther Wiesmeier<\/li>\n<li>Bernula Istv\u00e1n<\/li>\n<li>Fekete Bal\u00e1zs<\/li>\n<li>Beny\u00f3 M\u00e1t\u00e9<\/li>\n<li>Balogh Zolt\u00e1n<\/li>\n<li>Csik J\u00e1nos<\/li>\n<li>Anton Bauer<\/li>\n<li>Keijo-Keke Platzer<\/li>\n<li>Borsi Gerg\u0151<\/li>\n<li>Marcel Krailler<\/li>\n<li>Merk J\u00f3zsef<\/li>\n<li>F\u00fcge Kriszti\u00e1n<\/li>\n<li>Thomas Berger<\/li>\n<li>Baronits G\u00e1bor<\/li>\n<li>Lukas Puchinger<\/li>\n<li>Peter Eibisberger<\/li>\n<li>Peter Gross<\/li>\n<li>Egy\u00fcd G\u00e1bor<\/li>\n<li>Dominik Haselsteiner<\/li>\n<li>Michael Kittel<\/li>\n<li>Kov\u00e1cs Kolos Attila<\/li>\n<li>M\u00e9h\u00e9sz Attila<\/li>\n<li>Christoph Zellhofer<\/li>\n<li>Martin Zellhofer<\/li>\n<li>Fodor \u00c1rp\u00e1d<\/li>\n<\/ol>","protected":false},"excerpt":{"rendered":"<p>Az eredm\u00e9ny ugyan nem pap\u00edrforma, ink\u00e1bb meglepet\u00e9s, de m\u00e9gsem volt v\u00e1ratlan. Moln\u00e1r Bendeg\u00faz megnyerte a Pann\u00f3nia-Ring-i h\u00e9tv\u00e9ge id\u0151m\u00e9r\u00e9s\u00e9t, ami \u00e9lete els\u0151 pole-ja. V\u00e1rhat\u00f3 volt, el\u0151bb-ut\u00f3bb a RaceStar gy\u0151ztese megszokja a k\u00f6zeget, \u00e9s a bajnoks\u00e1g ritmus\u00e1t, \u00e9s kihozza mag\u00e1b\u00f3l a maximumot. A 2:22.232-es id\u0151t aut\u00f3zott a Superpole-ban \u00e9s 65 ezredes el\u0151nnyel nyert Forrai G\u00e1bor el\u0151tt. Forrai [&hellip;]<\/p>","protected":false},"author":2,"featured_media":3168,"comment_status":"open","ping_status":"open","sticky":false,"template":"","format":"standard","meta":{"footnotes":""},"categories":[1],"tags":[],"yoast_head":"<!-- This site is optimized with the Yoast SEO Premium plugin v21.1 (Yoast SEO v21.7) - https:\/\/yoast.com\/wordpress\/plugins\/seo\/ -->\n<title>Moln\u00e1r Bendeg\u00faz az id\u0151m\u00e9r\u00e9s gy\u0151ztese - FIA Swift Cup Europe<\/title>\n<meta name=\"robots\" content=\"index, follow, max-snippet:-1, max-image-preview:large, max-video-preview:-1\" \/>\n<link rel=\"canonical\" href=\"https:\/\/www.swiftcupeurope.com\/en\/2016\/uncategorized\/molnar-bendeguz-az-idomeres-gyoztese\/\" \/>\n<meta property=\"og:locale\" content=\"en_US\" \/>\n<meta property=\"og:type\" content=\"article\" \/>\n<meta property=\"og:title\" content=\"Moln\u00e1r Bendeg\u00faz az id\u0151m\u00e9r\u00e9s gy\u0151ztese\" \/>\n<meta property=\"og:description\" content=\"Az eredm\u00e9ny ugyan nem pap\u00edrforma, ink\u00e1bb meglepet\u00e9s, de m\u00e9gsem volt v\u00e1ratlan. Moln\u00e1r Bendeg\u00faz megnyerte a Pann\u00f3nia-Ring-i h\u00e9tv\u00e9ge id\u0151m\u00e9r\u00e9s\u00e9t, ami \u00e9lete els\u0151 pole-ja. V\u00e1rhat\u00f3 volt, el\u0151bb-ut\u00f3bb a RaceStar gy\u0151ztese megszokja a k\u00f6zeget, \u00e9s a bajnoks\u00e1g ritmus\u00e1t, \u00e9s kihozza mag\u00e1b\u00f3l a maximumot. A 2:22.232-es id\u0151t aut\u00f3zott a Superpole-ban \u00e9s 65 ezredes el\u0151nnyel nyert Forrai G\u00e1bor el\u0151tt. Forrai [&hellip;]\" \/>\n<meta property=\"og:url\" content=\"https:\/\/www.swiftcupeurope.com\/en\/2016\/uncategorized\/molnar-bendeguz-az-idomeres-gyoztese\/\" \/>\n<meta property=\"og:site_name\" content=\"FIA Swift Cup Europe\" \/>\n<meta property=\"article:published_time\" content=\"2016-06-25T18:54:49+00:00\" \/>\n<meta property=\"og:image\" content=\"https:\/\/www.swiftcupeurope.com\/wp-content\/uploads\/2016\/06\/DSC08554.jpg\" \/>\n\t<meta property=\"og:image:width\" content=\"1280\" \/>\n\t<meta property=\"og:image:height\" content=\"720\" \/>\n\t<meta property=\"og:image:type\" content=\"image\/jpeg\" \/>\n<meta name=\"author\" content=\"swiftcupeurope\" \/>\n<meta name=\"twitter:card\" content=\"summary_large_image\" \/>\n<meta name=\"twitter:label1\" content=\"Written by\" \/>\n\t<meta name=\"twitter:data1\" content=\"swiftcupeurope\" \/>\n\t<meta name=\"twitter:label2\" content=\"Est. reading time\" \/>\n\t<meta name=\"twitter:data2\" content=\"2 minutes\" \/>\n<script type=\"application\/ld+json\" class=\"yoast-schema-graph\">{\"@context\":\"https:\/\/schema.org\",\"@graph\":[{\"@type\":\"Article\",\"@id\":\"https:\/\/www.swiftcupeurope.com\/2016\/uncategorized\/molnar-bendeguz-az-idomeres-gyoztese\/#article\",\"isPartOf\":{\"@id\":\"https:\/\/www.swiftcupeurope.com\/2016\/uncategorized\/molnar-bendeguz-az-idomeres-gyoztese\/\"},\"author\":{\"name\":\"swiftcupeurope\",\"@id\":\"https:\/\/www.swiftcupeurope.com\/#\/schema\/person\/03cb2427aeeeeac4a49a03160d04e8fe\"},\"headline\":\"Moln\u00e1r Bendeg\u00faz az id\u0151m\u00e9r\u00e9s gy\u0151ztese\",\"datePublished\":\"2016-06-25T18:54:49+00:00\",\"dateModified\":\"2016-06-25T18:54:49+00:00\",\"mainEntityOfPage\":{\"@id\":\"https:\/\/www.swiftcupeurope.com\/2016\/uncategorized\/molnar-bendeguz-az-idomeres-gyoztese\/\"},\"wordCount\":422,\"commentCount\":0,\"publisher\":{\"@id\":\"https:\/\/www.swiftcupeurope.com\/#organization\"},\"inLanguage\":\"en-US\",\"potentialAction\":[{\"@type\":\"CommentAction\",\"name\":\"Comment\",\"target\":[\"https:\/\/www.swiftcupeurope.com\/2016\/uncategorized\/molnar-bendeguz-az-idomeres-gyoztese\/#respond\"]}]},{\"@type\":\"WebPage\",\"@id\":\"https:\/\/www.swiftcupeurope.com\/2016\/uncategorized\/molnar-bendeguz-az-idomeres-gyoztese\/\",\"url\":\"https:\/\/www.swiftcupeurope.com\/2016\/uncategorized\/molnar-bendeguz-az-idomeres-gyoztese\/\",\"name\":\"Moln\u00e1r Bendeg\u00faz az id\u0151m\u00e9r\u00e9s gy\u0151ztese - FIA Swift Cup Europe\",\"isPartOf\":{\"@id\":\"https:\/\/www.swiftcupeurope.com\/#website\"},\"datePublished\":\"2016-06-25T18:54:49+00:00\",\"dateModified\":\"2016-06-25T18:54:49+00:00\",\"breadcrumb\":{\"@id\":\"https:\/\/www.swiftcupeurope.com\/2016\/uncategorized\/molnar-bendeguz-az-idomeres-gyoztese\/#breadcrumb\"},\"inLanguage\":\"en-US\",\"potentialAction\":[{\"@type\":\"ReadAction\",\"target\":[\"https:\/\/www.swiftcupeurope.com\/2016\/uncategorized\/molnar-bendeguz-az-idomeres-gyoztese\/\"]}]},{\"@type\":\"BreadcrumbList\",\"@id\":\"https:\/\/www.swiftcupeurope.com\/2016\/uncategorized\/molnar-bendeguz-az-idomeres-gyoztese\/#breadcrumb\",\"itemListElement\":[{\"@type\":\"ListItem\",\"position\":1,\"name\":\"Kezd\u0151lap\",\"item\":\"https:\/\/www.swiftcupeurope.com\/\"},{\"@type\":\"ListItem\",\"position\":2,\"name\":\"Moln\u00e1r Bendeg\u00faz az id\u0151m\u00e9r\u00e9s gy\u0151ztese\"}]},{\"@type\":\"WebSite\",\"@id\":\"https:\/\/www.swiftcupeurope.com\/#website\",\"url\":\"https:\/\/www.swiftcupeurope.com\/\",\"name\":\"FIA Swift Cup Europe\",\"description\":\"FIA Swift Cup Europe \/ Official Website\",\"publisher\":{\"@id\":\"https:\/\/www.swiftcupeurope.com\/#organization\"},\"potentialAction\":[{\"@type\":\"SearchAction\",\"target\":{\"@type\":\"EntryPoint\",\"urlTemplate\":\"https:\/\/www.swiftcupeurope.com\/?s={search_term_string}\"},\"query-input\":\"required name=search_term_string\"}],\"inLanguage\":\"en-US\"},{\"@type\":\"Organization\",\"@id\":\"https:\/\/www.swiftcupeurope.com\/#organization\",\"name\":\"FIA Swift Cup Europe\",\"url\":\"https:\/\/www.swiftcupeurope.com\/\",\"logo\":{\"@type\":\"ImageObject\",\"inLanguage\":\"en-US\",\"@id\":\"https:\/\/www.swiftcupeurope.com\/#\/schema\/logo\/image\/\",\"url\":\"https:\/\/www.swiftcupeurope.com\/wp-content\/uploads\/2021\/04\/cropped-sce_logo_2021inv.png\",\"contentUrl\":\"https:\/\/www.swiftcupeurope.com\/wp-content\/uploads\/2021\/04\/cropped-sce_logo_2021inv.png\",\"width\":600,\"height\":120,\"caption\":\"FIA Swift Cup Europe\"},\"image\":{\"@id\":\"https:\/\/www.swiftcupeurope.com\/#\/schema\/logo\/image\/\"}},{\"@type\":\"Person\",\"@id\":\"https:\/\/www.swiftcupeurope.com\/#\/schema\/person\/03cb2427aeeeeac4a49a03160d04e8fe\",\"name\":\"swiftcupeurope\",\"url\":\"https:\/\/www.swiftcupeurope.com\/en\/author\/swiftcupeurope\/\"}]}<\/script>\n<!-- \/ Yoast SEO Premium plugin. -->","yoast_head_json":{"title":"Moln\u00e1r Bendeg\u00faz az id\u0151m\u00e9r\u00e9s gy\u0151ztese - FIA Swift Cup Europe","robots":{"index":"index","follow":"follow","max-snippet":"max-snippet:-1","max-image-preview":"max-image-preview:large","max-video-preview":"max-video-preview:-1"},"canonical":"https:\/\/www.swiftcupeurope.com\/en\/2016\/uncategorized\/molnar-bendeguz-az-idomeres-gyoztese\/","og_locale":"en_US","og_type":"article","og_title":"Moln\u00e1r Bendeg\u00faz az id\u0151m\u00e9r\u00e9s gy\u0151ztese","og_description":"Az eredm\u00e9ny ugyan nem pap\u00edrforma, ink\u00e1bb meglepet\u00e9s, de m\u00e9gsem volt v\u00e1ratlan. Moln\u00e1r Bendeg\u00faz megnyerte a Pann\u00f3nia-Ring-i h\u00e9tv\u00e9ge id\u0151m\u00e9r\u00e9s\u00e9t, ami \u00e9lete els\u0151 pole-ja. V\u00e1rhat\u00f3 volt, el\u0151bb-ut\u00f3bb a RaceStar gy\u0151ztese megszokja a k\u00f6zeget, \u00e9s a bajnoks\u00e1g ritmus\u00e1t, \u00e9s kihozza mag\u00e1b\u00f3l a maximumot. A 2:22.232-es id\u0151t aut\u00f3zott a Superpole-ban \u00e9s 65 ezredes el\u0151nnyel nyert Forrai G\u00e1bor el\u0151tt. Forrai [&hellip;]","og_url":"https:\/\/www.swiftcupeurope.com\/en\/2016\/uncategorized\/molnar-bendeguz-az-idomeres-gyoztese\/","og_site_name":"FIA Swift Cup Europe","article_published_time":"2016-06-25T18:54:49+00:00","og_image":[{"width":1280,"height":720,"url":"https:\/\/www.swiftcupeurope.com\/wp-content\/uploads\/2016\/06\/DSC08554.jpg","type":"image\/jpeg"}],"author":"swiftcupeurope","twitter_card":"summary_large_image","twitter_misc":{"Written by":"swiftcupeurope","Est. reading time":"2 minutes"},"schema":{"@context":"https:\/\/schema.org","@graph":[{"@type":"Article","@id":"https:\/\/www.swiftcupeurope.com\/2016\/uncategorized\/molnar-bendeguz-az-idomeres-gyoztese\/#article","isPartOf":{"@id":"https:\/\/www.swiftcupeurope.com\/2016\/uncategorized\/molnar-bendeguz-az-idomeres-gyoztese\/"},"author":{"name":"swiftcupeurope","@id":"https:\/\/www.swiftcupeurope.com\/#\/schema\/person\/03cb2427aeeeeac4a49a03160d04e8fe"},"headline":"Moln\u00e1r Bendeg\u00faz az id\u0151m\u00e9r\u00e9s gy\u0151ztese","datePublished":"2016-06-25T18:54:49+00:00","dateModified":"2016-06-25T18:54:49+00:00","mainEntityOfPage":{"@id":"https:\/\/www.swiftcupeurope.com\/2016\/uncategorized\/molnar-bendeguz-az-idomeres-gyoztese\/"},"wordCount":422,"commentCount":0,"publisher":{"@id":"https:\/\/www.swiftcupeurope.com\/#organization"},"inLanguage":"en-US","potentialAction":[{"@type":"CommentAction","name":"Comment","target":["https:\/\/www.swiftcupeurope.com\/2016\/uncategorized\/molnar-bendeguz-az-idomeres-gyoztese\/#respond"]}]},{"@type":"WebPage","@id":"https:\/\/www.swiftcupeurope.com\/2016\/uncategorized\/molnar-bendeguz-az-idomeres-gyoztese\/","url":"https:\/\/www.swiftcupeurope.com\/2016\/uncategorized\/molnar-bendeguz-az-idomeres-gyoztese\/","name":"Moln\u00e1r Bendeg\u00faz az id\u0151m\u00e9r\u00e9s gy\u0151ztese - FIA Swift Cup Europe","isPartOf":{"@id":"https:\/\/www.swiftcupeurope.com\/#website"},"datePublished":"2016-06-25T18:54:49+00:00","dateModified":"2016-06-25T18:54:49+00:00","breadcrumb":{"@id":"https:\/\/www.swiftcupeurope.com\/2016\/uncategorized\/molnar-bendeguz-az-idomeres-gyoztese\/#breadcrumb"},"inLanguage":"en-US","potentialAction":[{"@type":"ReadAction","target":["https:\/\/www.swiftcupeurope.com\/2016\/uncategorized\/molnar-bendeguz-az-idomeres-gyoztese\/"]}]},{"@type":"BreadcrumbList","@id":"https:\/\/www.swiftcupeurope.com\/2016\/uncategorized\/molnar-bendeguz-az-idomeres-gyoztese\/#breadcrumb","itemListElement":[{"@type":"ListItem","position":1,"name":"Kezd\u0151lap","item":"https:\/\/www.swiftcupeurope.com\/"},{"@type":"ListItem","position":2,"name":"Moln\u00e1r Bendeg\u00faz az id\u0151m\u00e9r\u00e9s gy\u0151ztese"}]},{"@type":"WebSite","@id":"https:\/\/www.swiftcupeurope.com\/#website","url":"https:\/\/www.swiftcupeurope.com\/","name":"FIA Swift Cup Europe","description":"FIA Swift Cup Europe \/ Official Website","publisher":{"@id":"https:\/\/www.swiftcupeurope.com\/#organization"},"potentialAction":[{"@type":"SearchAction","target":{"@type":"EntryPoint","urlTemplate":"https:\/\/www.swiftcupeurope.com\/?s={search_term_string}"},"query-input":"required name=search_term_string"}],"inLanguage":"en-US"},{"@type":"Organization","@id":"https:\/\/www.swiftcupeurope.com\/#organization","name":"FIA Swift Cup Europe","url":"https:\/\/www.swiftcupeurope.com\/","logo":{"@type":"ImageObject","inLanguage":"en-US","@id":"https:\/\/www.swiftcupeurope.com\/#\/schema\/logo\/image\/","url":"https:\/\/www.swiftcupeurope.com\/wp-content\/uploads\/2021\/04\/cropped-sce_logo_2021inv.png","contentUrl":"https:\/\/www.swiftcupeurope.com\/wp-content\/uploads\/2021\/04\/cropped-sce_logo_2021inv.png","width":600,"height":120,"caption":"FIA Swift Cup Europe"},"image":{"@id":"https:\/\/www.swiftcupeurope.com\/#\/schema\/logo\/image\/"}},{"@type":"Person","@id":"https:\/\/www.swiftcupeurope.com\/#\/schema\/person\/03cb2427aeeeeac4a49a03160d04e8fe","name":"swiftcupeurope","url":"https:\/\/www.swiftcupeurope.com\/en\/author\/swiftcupeurope\/"}]}},"_links":{"self":[{"href":"https:\/\/www.swiftcupeurope.com\/en\/wp-json\/wp\/v2\/posts\/3167"}],"collection":[{"href":"https:\/\/www.swiftcupeurope.com\/en\/wp-json\/wp\/v2\/posts"}],"about":[{"href":"https:\/\/www.swiftcupeurope.com\/en\/wp-json\/wp\/v2\/types\/post"}],"author":[{"embeddable":true,"href":"https:\/\/www.swiftcupeurope.com\/en\/wp-json\/wp\/v2\/users\/2"}],"replies":[{"embeddable":true,"href":"https:\/\/www.swiftcupeurope.com\/en\/wp-json\/wp\/v2\/comments?post=3167"}],"version-history":[{"count":0,"href":"https:\/\/www.swiftcupeurope.com\/en\/wp-json\/wp\/v2\/posts\/3167\/revisions"}],"wp:featuredmedia":[{"embeddable":true,"href":"https:\/\/www.swiftcupeurope.com\/en\/wp-json\/wp\/v2\/media\/3168"}],"wp:attachment":[{"href":"https:\/\/www.swiftcupeurope.com\/en\/wp-json\/wp\/v2\/media?parent=3167"}],"wp:term":[{"taxonomy":"category","embeddable":true,"href":"https:\/\/www.swiftcupeurope.com\/en\/wp-json\/wp\/v2\/categories?post=3167"},{"taxonomy":"post_tag","embeddable":true,"href":"https:\/\/www.swiftcupeurope.com\/en\/wp-json\/wp\/v2\/tags?post=3167"}],"curies":[{"name":"wp","href":"https:\/\/api.w.org\/{rel}","templated":true}]}}