{"id":3123,"date":"2016-05-31T11:40:34","date_gmt":"2016-05-31T11:40:34","guid":{"rendered":"http:\/\/swiftcupeurope.com\/?p=3123"},"modified":"2016-05-31T11:40:34","modified_gmt":"2016-05-31T11:40:34","slug":"benyo-mate-2016-ban-is-a-mol-tehetsegkutato-program-tamogatottja","status":"publish","type":"post","link":"https:\/\/www.swiftcupeurope.com\/en\/2016\/uncategorized\/benyo-mate-2016-ban-is-a-mol-tehetsegkutato-program-tamogatottja\/","title":{"rendered":"Beny\u00f3 M\u00e1t\u00e9 2016-ban is a MOL tehets\u00e9gkutat\u00f3 program t\u00e1mogatottja"},"content":{"rendered":"<p><a href=\"http:\/\/swiftcupeurope.com\/wp-content\/uploads\/2016\/05\/benyo.jpg\"><img fetchpriority=\"high\" decoding=\"async\" class=\"alignleft size-medium wp-image-3136\" src=\"http:\/\/swiftcupeurope.com\/wp-content\/uploads\/2016\/05\/benyo-214x300.jpg\" alt=\"benyo\" width=\"214\" height=\"300\" \/><\/a>A\u00a0MOL Tehets\u00e9gt\u00e1mogat\u00f3 Program Sport kateg\u00f3ri\u00e1ja olyan fiatal\u00a0sportol\u00f3k t\u00e1mogat\u00e1s\u00e1t t\u0171zte ki c\u00e9lul, akik m\u00e1r bizony\u00edtott\u00e1k tehets\u00e9g\u00fcket orsz\u00e1gos vagy nemzetk\u00f6zi versenyeken, tov\u00e1bbl\u00e9p\u00e9s\u00fckh\u00f6z azonban\u00a0anyagi seg\u00edts\u00e9gre van sz\u00fcks\u00e9g\u00fck.<\/p>\n<p>Beny\u00f3 M\u00e1t\u00e9 m\u00e1r 2015-ben elnyerte a t\u00e1mogat\u00e1st, ez\u00e9rt bizakodva nevezett a 2016-os szezonra is.<\/p>\n<p>A di\u00f3sdi fiatal pil\u00f3ta id\u00e9n \u00fajra az FIA Swift Cup Europe-ban versenyez a GFS Racing Team sz\u00edneiben, \u00e9s eredm\u00e9nyeivel felh\u00edvta a MOL\u00a0Tehets\u00e9gt\u00e1mogat\u00f3 Program figyelm\u00e9t, ami\u00e9rt a c\u00e9g id\u00e9n is t\u00e1mogat\u00e1sban r\u00e9szes\u00edti a versenyz\u0151t.<\/p>\n<p><a href=\"http:\/\/swiftcupeurope.com\/wp-content\/uploads\/2016\/05\/13310500_1688822871383726_3872509954398199591_n.jpg\"><img decoding=\"async\" class=\"alignleft wp-image-3124 size-thumbnail\" src=\"http:\/\/swiftcupeurope.com\/wp-content\/uploads\/2016\/05\/13310500_1688822871383726_3872509954398199591_n-150x150.jpg\" alt=\"13310500_1688822871383726_3872509954398199591_n\" width=\"150\" height=\"150\" \/><\/a>A 126 fiatal k\u00f6z\u00fcl \u0150 az egyetlen, aki aut\u00f3versenyz\u0151k\u00e9nt beker\u00fclt a programba.<\/p>\n<p>Beny\u00f3 M\u00e1t\u00e9 idei szezonja ugyan nem \u00fagy kezd\u0151d\u00f6tt, ahogy azt v\u00e1rta mag\u00e1t\u00f3l, de a technikai sportokban hozz\u00e1 kell szokni, hogy n\u00e9ha a balszerencse is s\u00fajtja a versenyz\u0151t.<\/p>\n<p><a href=\"http:\/\/swiftcupeurope.com\/wp-content\/uploads\/2016\/05\/13342491_1053012221452013_1334953283_n.jpg\"><img decoding=\"async\" class=\"alignleft size-medium wp-image-3129\" src=\"http:\/\/swiftcupeurope.com\/wp-content\/uploads\/2016\/05\/13342491_1053012221452013_1334953283_n-300x225.jpg\" alt=\"13342491_1053012221452013_1334953283_n\" width=\"300\" height=\"225\" \/><\/a>A m\u00e1sodik h\u00e9tv\u00e9g\u00e9n tal\u00e1lt vissza arra a teljes\u00edtm\u00e9nyre, ami a 2014-es szezonban is jellemezte, \u00fajra az \u00e9llovasok k\u00f6z\u00e9 tartozik.<\/p>\n<p>Mivel m\u00e9g nem t\u00f6lt\u00f6tte be 16. \u00e9let\u00e9v\u00e9t, a Swift Cup Europe sorozat szab\u00e1lyainak \u00e9rtelm\u00e9ben, csak a magyar \u00e9rt\u00e9kel\u00e9s\u00e9ben szerezhet\u00a0 pontot, amelyben a jelen pillanatban a 6. helyen \u00e1ll.<\/p>\n<p>A Junior kateg\u00f3ria \u00e9rt\u00e9kel\u00e9sben csek\u00e9ly lemarad\u00e1ssal a m\u00e1sodik helyen v\u00e1g neki a k\u00f6vetkez\u0151 versenynek, mely a Pann\u00f3nia-Ring-en lesz j\u00fanius 24. \u00e9s 26. k\u00f6z\u00f6tt. A fiatal versenyz\u0151 csapat\u00e1val jelenleg is ezen a p\u00e1ly\u00e1n tesztel.<\/p>\n<p><a href=\"http:\/\/swiftcupeurope.com\/wp-content\/uploads\/2016\/05\/13329760_1053012264785342_919338662_n.jpg\"><img loading=\"lazy\" decoding=\"async\" class=\"aligncenter size-full wp-image-3133\" src=\"http:\/\/swiftcupeurope.com\/wp-content\/uploads\/2016\/05\/13329760_1053012264785342_919338662_n.jpg\" alt=\"13329760_1053012264785342_919338662_n\" width=\"960\" height=\"720\" \/><\/a><\/p>","protected":false},"excerpt":{"rendered":"<p>A\u00a0MOL Tehets\u00e9gt\u00e1mogat\u00f3 Program Sport kateg\u00f3ri\u00e1ja olyan fiatal\u00a0sportol\u00f3k t\u00e1mogat\u00e1s\u00e1t t\u0171zte ki c\u00e9lul, akik m\u00e1r bizony\u00edtott\u00e1k tehets\u00e9g\u00fcket orsz\u00e1gos vagy nemzetk\u00f6zi versenyeken, tov\u00e1bbl\u00e9p\u00e9s\u00fckh\u00f6z azonban\u00a0anyagi seg\u00edts\u00e9gre van sz\u00fcks\u00e9g\u00fck. Beny\u00f3 M\u00e1t\u00e9 m\u00e1r 2015-ben elnyerte a t\u00e1mogat\u00e1st, ez\u00e9rt bizakodva nevezett a 2016-os szezonra is. A di\u00f3sdi fiatal pil\u00f3ta id\u00e9n \u00fajra az FIA Swift Cup Europe-ban versenyez a GFS Racing Team sz\u00edneiben, [&hellip;]<\/p>","protected":false},"author":2,"featured_media":3060,"comment_status":"open","ping_status":"open","sticky":false,"template":"","format":"standard","meta":{"footnotes":""},"categories":[1],"tags":[],"yoast_head":"<!-- This site is optimized with the Yoast SEO Premium plugin v21.1 (Yoast SEO v21.7) - https:\/\/yoast.com\/wordpress\/plugins\/seo\/ -->\n<title>Beny\u00f3 M\u00e1t\u00e9 2016-ban is a MOL tehets\u00e9gkutat\u00f3 program t\u00e1mogatottja - FIA Swift Cup Europe<\/title>\n<meta name=\"robots\" content=\"index, follow, max-snippet:-1, max-image-preview:large, max-video-preview:-1\" \/>\n<link rel=\"canonical\" href=\"https:\/\/www.swiftcupeurope.com\/en\/2016\/uncategorized\/benyo-mate-2016-ban-is-a-mol-tehetsegkutato-program-tamogatottja\/\" \/>\n<meta property=\"og:locale\" content=\"en_US\" \/>\n<meta property=\"og:type\" content=\"article\" \/>\n<meta property=\"og:title\" content=\"Beny\u00f3 M\u00e1t\u00e9 2016-ban is a MOL tehets\u00e9gkutat\u00f3 program t\u00e1mogatottja\" \/>\n<meta property=\"og:description\" content=\"A\u00a0MOL Tehets\u00e9gt\u00e1mogat\u00f3 Program Sport kateg\u00f3ri\u00e1ja olyan fiatal\u00a0sportol\u00f3k t\u00e1mogat\u00e1s\u00e1t t\u0171zte ki c\u00e9lul, akik m\u00e1r bizony\u00edtott\u00e1k tehets\u00e9g\u00fcket orsz\u00e1gos vagy nemzetk\u00f6zi versenyeken, tov\u00e1bbl\u00e9p\u00e9s\u00fckh\u00f6z azonban\u00a0anyagi seg\u00edts\u00e9gre van sz\u00fcks\u00e9g\u00fck. Beny\u00f3 M\u00e1t\u00e9 m\u00e1r 2015-ben elnyerte a t\u00e1mogat\u00e1st, ez\u00e9rt bizakodva nevezett a 2016-os szezonra is. A di\u00f3sdi fiatal pil\u00f3ta id\u00e9n \u00fajra az FIA Swift Cup Europe-ban versenyez a GFS Racing Team sz\u00edneiben, [&hellip;]\" \/>\n<meta property=\"og:url\" content=\"https:\/\/www.swiftcupeurope.com\/en\/2016\/uncategorized\/benyo-mate-2016-ban-is-a-mol-tehetsegkutato-program-tamogatottja\/\" \/>\n<meta property=\"og:site_name\" content=\"FIA Swift Cup Europe\" \/>\n<meta property=\"article:published_time\" content=\"2016-05-31T11:40:34+00:00\" \/>\n<meta property=\"og:image\" content=\"https:\/\/www.swiftcupeurope.com\/wp-content\/uploads\/2016\/05\/IMG_3180.jpg\" \/>\n\t<meta property=\"og:image:width\" content=\"800\" \/>\n\t<meta property=\"og:image:height\" content=\"450\" \/>\n\t<meta property=\"og:image:type\" content=\"image\/jpeg\" \/>\n<meta name=\"author\" content=\"swiftcupeurope\" \/>\n<meta name=\"twitter:card\" content=\"summary_large_image\" \/>\n<meta name=\"twitter:label1\" content=\"Written by\" \/>\n\t<meta name=\"twitter:data1\" content=\"swiftcupeurope\" \/>\n\t<meta name=\"twitter:label2\" content=\"Est. reading time\" \/>\n\t<meta name=\"twitter:data2\" content=\"1 minute\" \/>\n<script type=\"application\/ld+json\" class=\"yoast-schema-graph\">{\"@context\":\"https:\/\/schema.org\",\"@graph\":[{\"@type\":\"Article\",\"@id\":\"https:\/\/www.swiftcupeurope.com\/en\/2016\/uncategorized\/benyo-mate-2016-ban-is-a-mol-tehetsegkutato-program-tamogatottja\/#article\",\"isPartOf\":{\"@id\":\"https:\/\/www.swiftcupeurope.com\/en\/2016\/uncategorized\/benyo-mate-2016-ban-is-a-mol-tehetsegkutato-program-tamogatottja\/\"},\"author\":{\"name\":\"swiftcupeurope\",\"@id\":\"https:\/\/www.swiftcupeurope.com\/#\/schema\/person\/03cb2427aeeeeac4a49a03160d04e8fe\"},\"headline\":\"Beny\u00f3 M\u00e1t\u00e9 2016-ban is a MOL tehets\u00e9gkutat\u00f3 program t\u00e1mogatottja\",\"datePublished\":\"2016-05-31T11:40:34+00:00\",\"dateModified\":\"2016-05-31T11:40:34+00:00\",\"mainEntityOfPage\":{\"@id\":\"https:\/\/www.swiftcupeurope.com\/en\/2016\/uncategorized\/benyo-mate-2016-ban-is-a-mol-tehetsegkutato-program-tamogatottja\/\"},\"wordCount\":297,\"commentCount\":0,\"publisher\":{\"@id\":\"https:\/\/www.swiftcupeurope.com\/#organization\"},\"inLanguage\":\"en-US\",\"potentialAction\":[{\"@type\":\"CommentAction\",\"name\":\"Comment\",\"target\":[\"https:\/\/www.swiftcupeurope.com\/en\/2016\/uncategorized\/benyo-mate-2016-ban-is-a-mol-tehetsegkutato-program-tamogatottja\/#respond\"]}]},{\"@type\":\"WebPage\",\"@id\":\"https:\/\/www.swiftcupeurope.com\/en\/2016\/uncategorized\/benyo-mate-2016-ban-is-a-mol-tehetsegkutato-program-tamogatottja\/\",\"url\":\"https:\/\/www.swiftcupeurope.com\/en\/2016\/uncategorized\/benyo-mate-2016-ban-is-a-mol-tehetsegkutato-program-tamogatottja\/\",\"name\":\"Beny\u00f3 M\u00e1t\u00e9 2016-ban is a MOL tehets\u00e9gkutat\u00f3 program t\u00e1mogatottja - FIA Swift Cup Europe\",\"isPartOf\":{\"@id\":\"https:\/\/www.swiftcupeurope.com\/#website\"},\"datePublished\":\"2016-05-31T11:40:34+00:00\",\"dateModified\":\"2016-05-31T11:40:34+00:00\",\"breadcrumb\":{\"@id\":\"https:\/\/www.swiftcupeurope.com\/en\/2016\/uncategorized\/benyo-mate-2016-ban-is-a-mol-tehetsegkutato-program-tamogatottja\/#breadcrumb\"},\"inLanguage\":\"en-US\",\"potentialAction\":[{\"@type\":\"ReadAction\",\"target\":[\"https:\/\/www.swiftcupeurope.com\/en\/2016\/uncategorized\/benyo-mate-2016-ban-is-a-mol-tehetsegkutato-program-tamogatottja\/\"]}]},{\"@type\":\"BreadcrumbList\",\"@id\":\"https:\/\/www.swiftcupeurope.com\/en\/2016\/uncategorized\/benyo-mate-2016-ban-is-a-mol-tehetsegkutato-program-tamogatottja\/#breadcrumb\",\"itemListElement\":[{\"@type\":\"ListItem\",\"position\":1,\"name\":\"Kezd\u0151lap\",\"item\":\"https:\/\/www.swiftcupeurope.com\/\"},{\"@type\":\"ListItem\",\"position\":2,\"name\":\"Beny\u00f3 M\u00e1t\u00e9 2016-ban is a MOL tehets\u00e9gkutat\u00f3 program t\u00e1mogatottja\"}]},{\"@type\":\"WebSite\",\"@id\":\"https:\/\/www.swiftcupeurope.com\/#website\",\"url\":\"https:\/\/www.swiftcupeurope.com\/\",\"name\":\"FIA Swift Cup Europe\",\"description\":\"FIA Swift Cup Europe \/ Official Website\",\"publisher\":{\"@id\":\"https:\/\/www.swiftcupeurope.com\/#organization\"},\"potentialAction\":[{\"@type\":\"SearchAction\",\"target\":{\"@type\":\"EntryPoint\",\"urlTemplate\":\"https:\/\/www.swiftcupeurope.com\/?s={search_term_string}\"},\"query-input\":\"required name=search_term_string\"}],\"inLanguage\":\"en-US\"},{\"@type\":\"Organization\",\"@id\":\"https:\/\/www.swiftcupeurope.com\/#organization\",\"name\":\"FIA Swift Cup Europe\",\"url\":\"https:\/\/www.swiftcupeurope.com\/\",\"logo\":{\"@type\":\"ImageObject\",\"inLanguage\":\"en-US\",\"@id\":\"https:\/\/www.swiftcupeurope.com\/#\/schema\/logo\/image\/\",\"url\":\"https:\/\/www.swiftcupeurope.com\/wp-content\/uploads\/2021\/04\/cropped-sce_logo_2021inv.png\",\"contentUrl\":\"https:\/\/www.swiftcupeurope.com\/wp-content\/uploads\/2021\/04\/cropped-sce_logo_2021inv.png\",\"width\":600,\"height\":120,\"caption\":\"FIA Swift Cup Europe\"},\"image\":{\"@id\":\"https:\/\/www.swiftcupeurope.com\/#\/schema\/logo\/image\/\"}},{\"@type\":\"Person\",\"@id\":\"https:\/\/www.swiftcupeurope.com\/#\/schema\/person\/03cb2427aeeeeac4a49a03160d04e8fe\",\"name\":\"swiftcupeurope\",\"url\":\"https:\/\/www.swiftcupeurope.com\/en\/author\/swiftcupeurope\/\"}]}<\/script>\n<!-- \/ Yoast SEO Premium plugin. -->","yoast_head_json":{"title":"Beny\u00f3 M\u00e1t\u00e9 2016-ban is a MOL tehets\u00e9gkutat\u00f3 program t\u00e1mogatottja - FIA Swift Cup Europe","robots":{"index":"index","follow":"follow","max-snippet":"max-snippet:-1","max-image-preview":"max-image-preview:large","max-video-preview":"max-video-preview:-1"},"canonical":"https:\/\/www.swiftcupeurope.com\/en\/2016\/uncategorized\/benyo-mate-2016-ban-is-a-mol-tehetsegkutato-program-tamogatottja\/","og_locale":"en_US","og_type":"article","og_title":"Beny\u00f3 M\u00e1t\u00e9 2016-ban is a MOL tehets\u00e9gkutat\u00f3 program t\u00e1mogatottja","og_description":"A\u00a0MOL Tehets\u00e9gt\u00e1mogat\u00f3 Program Sport kateg\u00f3ri\u00e1ja olyan fiatal\u00a0sportol\u00f3k t\u00e1mogat\u00e1s\u00e1t t\u0171zte ki c\u00e9lul, akik m\u00e1r bizony\u00edtott\u00e1k tehets\u00e9g\u00fcket orsz\u00e1gos vagy nemzetk\u00f6zi versenyeken, tov\u00e1bbl\u00e9p\u00e9s\u00fckh\u00f6z azonban\u00a0anyagi seg\u00edts\u00e9gre van sz\u00fcks\u00e9g\u00fck. Beny\u00f3 M\u00e1t\u00e9 m\u00e1r 2015-ben elnyerte a t\u00e1mogat\u00e1st, ez\u00e9rt bizakodva nevezett a 2016-os szezonra is. A di\u00f3sdi fiatal pil\u00f3ta id\u00e9n \u00fajra az FIA Swift Cup Europe-ban versenyez a GFS Racing Team sz\u00edneiben, [&hellip;]","og_url":"https:\/\/www.swiftcupeurope.com\/en\/2016\/uncategorized\/benyo-mate-2016-ban-is-a-mol-tehetsegkutato-program-tamogatottja\/","og_site_name":"FIA Swift Cup Europe","article_published_time":"2016-05-31T11:40:34+00:00","og_image":[{"width":800,"height":450,"url":"https:\/\/www.swiftcupeurope.com\/wp-content\/uploads\/2016\/05\/IMG_3180.jpg","type":"image\/jpeg"}],"author":"swiftcupeurope","twitter_card":"summary_large_image","twitter_misc":{"Written by":"swiftcupeurope","Est. reading time":"1 minute"},"schema":{"@context":"https:\/\/schema.org","@graph":[{"@type":"Article","@id":"https:\/\/www.swiftcupeurope.com\/en\/2016\/uncategorized\/benyo-mate-2016-ban-is-a-mol-tehetsegkutato-program-tamogatottja\/#article","isPartOf":{"@id":"https:\/\/www.swiftcupeurope.com\/en\/2016\/uncategorized\/benyo-mate-2016-ban-is-a-mol-tehetsegkutato-program-tamogatottja\/"},"author":{"name":"swiftcupeurope","@id":"https:\/\/www.swiftcupeurope.com\/#\/schema\/person\/03cb2427aeeeeac4a49a03160d04e8fe"},"headline":"Beny\u00f3 M\u00e1t\u00e9 2016-ban is a MOL tehets\u00e9gkutat\u00f3 program t\u00e1mogatottja","datePublished":"2016-05-31T11:40:34+00:00","dateModified":"2016-05-31T11:40:34+00:00","mainEntityOfPage":{"@id":"https:\/\/www.swiftcupeurope.com\/en\/2016\/uncategorized\/benyo-mate-2016-ban-is-a-mol-tehetsegkutato-program-tamogatottja\/"},"wordCount":297,"commentCount":0,"publisher":{"@id":"https:\/\/www.swiftcupeurope.com\/#organization"},"inLanguage":"en-US","potentialAction":[{"@type":"CommentAction","name":"Comment","target":["https:\/\/www.swiftcupeurope.com\/en\/2016\/uncategorized\/benyo-mate-2016-ban-is-a-mol-tehetsegkutato-program-tamogatottja\/#respond"]}]},{"@type":"WebPage","@id":"https:\/\/www.swiftcupeurope.com\/en\/2016\/uncategorized\/benyo-mate-2016-ban-is-a-mol-tehetsegkutato-program-tamogatottja\/","url":"https:\/\/www.swiftcupeurope.com\/en\/2016\/uncategorized\/benyo-mate-2016-ban-is-a-mol-tehetsegkutato-program-tamogatottja\/","name":"Beny\u00f3 M\u00e1t\u00e9 2016-ban is a MOL tehets\u00e9gkutat\u00f3 program t\u00e1mogatottja - FIA Swift Cup Europe","isPartOf":{"@id":"https:\/\/www.swiftcupeurope.com\/#website"},"datePublished":"2016-05-31T11:40:34+00:00","dateModified":"2016-05-31T11:40:34+00:00","breadcrumb":{"@id":"https:\/\/www.swiftcupeurope.com\/en\/2016\/uncategorized\/benyo-mate-2016-ban-is-a-mol-tehetsegkutato-program-tamogatottja\/#breadcrumb"},"inLanguage":"en-US","potentialAction":[{"@type":"ReadAction","target":["https:\/\/www.swiftcupeurope.com\/en\/2016\/uncategorized\/benyo-mate-2016-ban-is-a-mol-tehetsegkutato-program-tamogatottja\/"]}]},{"@type":"BreadcrumbList","@id":"https:\/\/www.swiftcupeurope.com\/en\/2016\/uncategorized\/benyo-mate-2016-ban-is-a-mol-tehetsegkutato-program-tamogatottja\/#breadcrumb","itemListElement":[{"@type":"ListItem","position":1,"name":"Kezd\u0151lap","item":"https:\/\/www.swiftcupeurope.com\/"},{"@type":"ListItem","position":2,"name":"Beny\u00f3 M\u00e1t\u00e9 2016-ban is a MOL tehets\u00e9gkutat\u00f3 program t\u00e1mogatottja"}]},{"@type":"WebSite","@id":"https:\/\/www.swiftcupeurope.com\/#website","url":"https:\/\/www.swiftcupeurope.com\/","name":"FIA Swift Cup Europe","description":"FIA Swift Cup Europe \/ Official Website","publisher":{"@id":"https:\/\/www.swiftcupeurope.com\/#organization"},"potentialAction":[{"@type":"SearchAction","target":{"@type":"EntryPoint","urlTemplate":"https:\/\/www.swiftcupeurope.com\/?s={search_term_string}"},"query-input":"required name=search_term_string"}],"inLanguage":"en-US"},{"@type":"Organization","@id":"https:\/\/www.swiftcupeurope.com\/#organization","name":"FIA Swift Cup Europe","url":"https:\/\/www.swiftcupeurope.com\/","logo":{"@type":"ImageObject","inLanguage":"en-US","@id":"https:\/\/www.swiftcupeurope.com\/#\/schema\/logo\/image\/","url":"https:\/\/www.swiftcupeurope.com\/wp-content\/uploads\/2021\/04\/cropped-sce_logo_2021inv.png","contentUrl":"https:\/\/www.swiftcupeurope.com\/wp-content\/uploads\/2021\/04\/cropped-sce_logo_2021inv.png","width":600,"height":120,"caption":"FIA Swift Cup Europe"},"image":{"@id":"https:\/\/www.swiftcupeurope.com\/#\/schema\/logo\/image\/"}},{"@type":"Person","@id":"https:\/\/www.swiftcupeurope.com\/#\/schema\/person\/03cb2427aeeeeac4a49a03160d04e8fe","name":"swiftcupeurope","url":"https:\/\/www.swiftcupeurope.com\/en\/author\/swiftcupeurope\/"}]}},"_links":{"self":[{"href":"https:\/\/www.swiftcupeurope.com\/en\/wp-json\/wp\/v2\/posts\/3123"}],"collection":[{"href":"https:\/\/www.swiftcupeurope.com\/en\/wp-json\/wp\/v2\/posts"}],"about":[{"href":"https:\/\/www.swiftcupeurope.com\/en\/wp-json\/wp\/v2\/types\/post"}],"author":[{"embeddable":true,"href":"https:\/\/www.swiftcupeurope.com\/en\/wp-json\/wp\/v2\/users\/2"}],"replies":[{"embeddable":true,"href":"https:\/\/www.swiftcupeurope.com\/en\/wp-json\/wp\/v2\/comments?post=3123"}],"version-history":[{"count":0,"href":"https:\/\/www.swiftcupeurope.com\/en\/wp-json\/wp\/v2\/posts\/3123\/revisions"}],"wp:featuredmedia":[{"embeddable":true,"href":"https:\/\/www.swiftcupeurope.com\/en\/wp-json\/wp\/v2\/media\/3060"}],"wp:attachment":[{"href":"https:\/\/www.swiftcupeurope.com\/en\/wp-json\/wp\/v2\/media?parent=3123"}],"wp:term":[{"taxonomy":"category","embeddable":true,"href":"https:\/\/www.swiftcupeurope.com\/en\/wp-json\/wp\/v2\/categories?post=3123"},{"taxonomy":"post_tag","embeddable":true,"href":"https:\/\/www.swiftcupeurope.com\/en\/wp-json\/wp\/v2\/tags?post=3123"}],"curies":[{"name":"wp","href":"https:\/\/api.w.org\/{rel}","templated":true}]}}