{"id":2721,"date":"2016-04-16T09:51:44","date_gmt":"2016-04-16T09:51:44","guid":{"rendered":"http:\/\/swiftcupeurope.com\/?p=2721"},"modified":"2016-04-16T09:51:44","modified_gmt":"2016-04-16T09:51:44","slug":"csik-janose-az-elso-pole-2016-ban","status":"publish","type":"post","link":"https:\/\/www.swiftcupeurope.com\/en\/2016\/uncategorized\/csik-janose-az-elso-pole-2016-ban\/","title":{"rendered":"Csik J\u00e1nos\u00e9 az els\u0151 pole 2016-ban"},"content":{"rendered":"<p>Megkezd\u0151d\u00f6tt a 2016-os szezon, \u00e9s m\u00e1r az els\u0151 h\u00e9tv\u00e9g\u00e9n nagyon er\u0151s mez\u0151ny hajtott ki a p\u00e1ly\u00e1ra. \u00d6sszesen 36 pil\u00f3ta vett r\u00e9szt az edz\u00e9seken, melyeken nyilv\u00e1nval\u00f3v\u00e1 v\u00e1llt, hogy meger\u0151s\u00f6d\u00f6tt a mez\u0151ny a tavalyi szezonhoz k\u00e9pest. Az id\u0151m\u00e9r\u00e9sen 34 pil\u00f3ta vett r\u00e9szt, n\u00e9h\u00e1nyan m\u0171szaki okok miatt hi\u00e1nyoztak.<\/p>\n<p>A pil\u00f3t\u00e1k sorra futott\u00e1k a legjobb k\u00f6rid\u0151ket, \u00e9s nemcsak az \u00e9lmez\u0151ny, a k\u00f6z\u00e9pmez\u0151ny is rendk\u00edv\u00fcl szoros volt.<\/p>\n<p>Az id\u0151m\u00e9r\u00e9sre mindenki megkapta az \u00faj szett gumij\u00e1t, melyre vigy\u00e1znia is kellett a pil\u00f3t\u00e1knak, hisz h\u00e1rom versenyt kell teljes\u00edteni a garnit\u00far\u00e1val.<\/p>\n<p>M\u00e1r a 30 perces edz\u00e9s elej\u00e9n \u00e9lre \u00e1llt Csik J\u00e1nos, akit az eg\u00e9sz id\u0151m\u00e9r\u00e9sen nem tudtak megk\u00f6zel\u00edteni. 6 tizedes el\u0151nye nagynak mondhat\u00f3, igaz az els\u0151 7 versenyz\u0151 1 m\u00e1sodpercen bel\u00fcl v\u00e9gzett.<\/p>\n<p>A m\u00e1sodik helyen Maximilan Hofer, a legjobb osztr\u00e1k pil\u00f3ta v\u00e9gzett. Moln\u00e1r Bendeg\u00faz, a RaceStar gy\u0151ztese a 6. rajthelyr\u0151l v\u00e1rhatja a futamot.<\/p>\n<p>Az els\u0151 versenyre 15:55-t\u0151l ker\u00fcl sor.<\/p>\n<p style=\"text-align: center;\">Az id\u0151m\u00e9r\u00e9s v\u00e9geredm\u00e9nye:<\/p>\n<p style=\"text-align: center;\"><img fetchpriority=\"high\" decoding=\"async\" class=\"aligncenter size-large wp-image-2723\" src=\"http:\/\/swiftcupeurope.com\/wp-content\/uploads\/2016\/04\/quali-1024x880.jpg\" alt=\"quali\" width=\"640\" height=\"550\" \/><\/p>","protected":false},"excerpt":{"rendered":"<p>Megkezd\u0151d\u00f6tt a 2016-os szezon, \u00e9s m\u00e1r az els\u0151 h\u00e9tv\u00e9g\u00e9n nagyon er\u0151s mez\u0151ny hajtott ki a p\u00e1ly\u00e1ra. \u00d6sszesen 36 pil\u00f3ta vett r\u00e9szt az edz\u00e9seken, melyeken nyilv\u00e1nval\u00f3v\u00e1 v\u00e1llt, hogy meger\u0151s\u00f6d\u00f6tt a mez\u0151ny a tavalyi szezonhoz k\u00e9pest. Az id\u0151m\u00e9r\u00e9sen 34 pil\u00f3ta vett r\u00e9szt, n\u00e9h\u00e1nyan m\u0171szaki okok miatt hi\u00e1nyoztak. A pil\u00f3t\u00e1k sorra futott\u00e1k a legjobb k\u00f6rid\u0151ket, \u00e9s nemcsak az [&hellip;]<\/p>","protected":false},"author":2,"featured_media":2722,"comment_status":"open","ping_status":"open","sticky":false,"template":"","format":"standard","meta":{"footnotes":""},"categories":[1],"tags":[],"yoast_head":"<!-- This site is optimized with the Yoast SEO Premium plugin v21.1 (Yoast SEO v21.7) - https:\/\/yoast.com\/wordpress\/plugins\/seo\/ -->\n<title>Csik J\u00e1nos\u00e9 az els\u0151 pole 2016-ban - FIA Swift Cup Europe<\/title>\n<meta name=\"robots\" content=\"index, follow, max-snippet:-1, max-image-preview:large, max-video-preview:-1\" \/>\n<link rel=\"canonical\" href=\"https:\/\/www.swiftcupeurope.com\/en\/2016\/uncategorized\/csik-janose-az-elso-pole-2016-ban\/\" \/>\n<meta property=\"og:locale\" content=\"en_US\" \/>\n<meta property=\"og:type\" content=\"article\" \/>\n<meta property=\"og:title\" content=\"Csik J\u00e1nos\u00e9 az els\u0151 pole 2016-ban\" \/>\n<meta property=\"og:description\" content=\"Megkezd\u0151d\u00f6tt a 2016-os szezon, \u00e9s m\u00e1r az els\u0151 h\u00e9tv\u00e9g\u00e9n nagyon er\u0151s mez\u0151ny hajtott ki a p\u00e1ly\u00e1ra. \u00d6sszesen 36 pil\u00f3ta vett r\u00e9szt az edz\u00e9seken, melyeken nyilv\u00e1nval\u00f3v\u00e1 v\u00e1llt, hogy meger\u0151s\u00f6d\u00f6tt a mez\u0151ny a tavalyi szezonhoz k\u00e9pest. Az id\u0151m\u00e9r\u00e9sen 34 pil\u00f3ta vett r\u00e9szt, n\u00e9h\u00e1nyan m\u0171szaki okok miatt hi\u00e1nyoztak. A pil\u00f3t\u00e1k sorra futott\u00e1k a legjobb k\u00f6rid\u0151ket, \u00e9s nemcsak az [&hellip;]\" \/>\n<meta property=\"og:url\" content=\"https:\/\/www.swiftcupeurope.com\/en\/2016\/uncategorized\/csik-janose-az-elso-pole-2016-ban\/\" \/>\n<meta property=\"og:site_name\" content=\"FIA Swift Cup Europe\" \/>\n<meta property=\"article:published_time\" content=\"2016-04-16T09:51:44+00:00\" \/>\n<meta property=\"og:image\" content=\"https:\/\/www.swiftcupeurope.com\/wp-content\/uploads\/2016\/04\/SLP5457.jpg\" \/>\n\t<meta property=\"og:image:width\" content=\"960\" \/>\n\t<meta property=\"og:image:height\" content=\"639\" \/>\n\t<meta property=\"og:image:type\" content=\"image\/jpeg\" \/>\n<meta name=\"author\" content=\"swiftcupeurope\" \/>\n<meta name=\"twitter:card\" content=\"summary_large_image\" \/>\n<meta name=\"twitter:label1\" content=\"Written by\" \/>\n\t<meta name=\"twitter:data1\" content=\"swiftcupeurope\" \/>\n\t<meta name=\"twitter:label2\" content=\"Est. reading time\" \/>\n\t<meta name=\"twitter:data2\" content=\"1 minute\" \/>\n<script type=\"application\/ld+json\" class=\"yoast-schema-graph\">{\"@context\":\"https:\/\/schema.org\",\"@graph\":[{\"@type\":\"Article\",\"@id\":\"https:\/\/www.swiftcupeurope.com\/2016\/uncategorized\/csik-janose-az-elso-pole-2016-ban\/#article\",\"isPartOf\":{\"@id\":\"https:\/\/www.swiftcupeurope.com\/2016\/uncategorized\/csik-janose-az-elso-pole-2016-ban\/\"},\"author\":{\"name\":\"swiftcupeurope\",\"@id\":\"https:\/\/www.swiftcupeurope.com\/#\/schema\/person\/03cb2427aeeeeac4a49a03160d04e8fe\"},\"headline\":\"Csik J\u00e1nos\u00e9 az els\u0151 pole 2016-ban\",\"datePublished\":\"2016-04-16T09:51:44+00:00\",\"dateModified\":\"2016-04-16T09:51:44+00:00\",\"mainEntityOfPage\":{\"@id\":\"https:\/\/www.swiftcupeurope.com\/2016\/uncategorized\/csik-janose-az-elso-pole-2016-ban\/\"},\"wordCount\":226,\"commentCount\":0,\"publisher\":{\"@id\":\"https:\/\/www.swiftcupeurope.com\/#organization\"},\"inLanguage\":\"en-US\",\"potentialAction\":[{\"@type\":\"CommentAction\",\"name\":\"Comment\",\"target\":[\"https:\/\/www.swiftcupeurope.com\/2016\/uncategorized\/csik-janose-az-elso-pole-2016-ban\/#respond\"]}]},{\"@type\":\"WebPage\",\"@id\":\"https:\/\/www.swiftcupeurope.com\/2016\/uncategorized\/csik-janose-az-elso-pole-2016-ban\/\",\"url\":\"https:\/\/www.swiftcupeurope.com\/2016\/uncategorized\/csik-janose-az-elso-pole-2016-ban\/\",\"name\":\"Csik J\u00e1nos\u00e9 az els\u0151 pole 2016-ban - FIA Swift Cup Europe\",\"isPartOf\":{\"@id\":\"https:\/\/www.swiftcupeurope.com\/#website\"},\"datePublished\":\"2016-04-16T09:51:44+00:00\",\"dateModified\":\"2016-04-16T09:51:44+00:00\",\"breadcrumb\":{\"@id\":\"https:\/\/www.swiftcupeurope.com\/2016\/uncategorized\/csik-janose-az-elso-pole-2016-ban\/#breadcrumb\"},\"inLanguage\":\"en-US\",\"potentialAction\":[{\"@type\":\"ReadAction\",\"target\":[\"https:\/\/www.swiftcupeurope.com\/2016\/uncategorized\/csik-janose-az-elso-pole-2016-ban\/\"]}]},{\"@type\":\"BreadcrumbList\",\"@id\":\"https:\/\/www.swiftcupeurope.com\/2016\/uncategorized\/csik-janose-az-elso-pole-2016-ban\/#breadcrumb\",\"itemListElement\":[{\"@type\":\"ListItem\",\"position\":1,\"name\":\"Kezd\u0151lap\",\"item\":\"https:\/\/www.swiftcupeurope.com\/\"},{\"@type\":\"ListItem\",\"position\":2,\"name\":\"Csik J\u00e1nos\u00e9 az els\u0151 pole 2016-ban\"}]},{\"@type\":\"WebSite\",\"@id\":\"https:\/\/www.swiftcupeurope.com\/#website\",\"url\":\"https:\/\/www.swiftcupeurope.com\/\",\"name\":\"FIA Swift Cup Europe\",\"description\":\"FIA Swift Cup Europe \/ Official Website\",\"publisher\":{\"@id\":\"https:\/\/www.swiftcupeurope.com\/#organization\"},\"potentialAction\":[{\"@type\":\"SearchAction\",\"target\":{\"@type\":\"EntryPoint\",\"urlTemplate\":\"https:\/\/www.swiftcupeurope.com\/?s={search_term_string}\"},\"query-input\":\"required name=search_term_string\"}],\"inLanguage\":\"en-US\"},{\"@type\":\"Organization\",\"@id\":\"https:\/\/www.swiftcupeurope.com\/#organization\",\"name\":\"FIA Swift Cup Europe\",\"url\":\"https:\/\/www.swiftcupeurope.com\/\",\"logo\":{\"@type\":\"ImageObject\",\"inLanguage\":\"en-US\",\"@id\":\"https:\/\/www.swiftcupeurope.com\/#\/schema\/logo\/image\/\",\"url\":\"https:\/\/www.swiftcupeurope.com\/wp-content\/uploads\/2021\/04\/cropped-sce_logo_2021inv.png\",\"contentUrl\":\"https:\/\/www.swiftcupeurope.com\/wp-content\/uploads\/2021\/04\/cropped-sce_logo_2021inv.png\",\"width\":600,\"height\":120,\"caption\":\"FIA Swift Cup Europe\"},\"image\":{\"@id\":\"https:\/\/www.swiftcupeurope.com\/#\/schema\/logo\/image\/\"}},{\"@type\":\"Person\",\"@id\":\"https:\/\/www.swiftcupeurope.com\/#\/schema\/person\/03cb2427aeeeeac4a49a03160d04e8fe\",\"name\":\"swiftcupeurope\",\"url\":\"https:\/\/www.swiftcupeurope.com\/en\/author\/swiftcupeurope\/\"}]}<\/script>\n<!-- \/ Yoast SEO Premium plugin. -->","yoast_head_json":{"title":"Csik J\u00e1nos\u00e9 az els\u0151 pole 2016-ban - FIA Swift Cup Europe","robots":{"index":"index","follow":"follow","max-snippet":"max-snippet:-1","max-image-preview":"max-image-preview:large","max-video-preview":"max-video-preview:-1"},"canonical":"https:\/\/www.swiftcupeurope.com\/en\/2016\/uncategorized\/csik-janose-az-elso-pole-2016-ban\/","og_locale":"en_US","og_type":"article","og_title":"Csik J\u00e1nos\u00e9 az els\u0151 pole 2016-ban","og_description":"Megkezd\u0151d\u00f6tt a 2016-os szezon, \u00e9s m\u00e1r az els\u0151 h\u00e9tv\u00e9g\u00e9n nagyon er\u0151s mez\u0151ny hajtott ki a p\u00e1ly\u00e1ra. \u00d6sszesen 36 pil\u00f3ta vett r\u00e9szt az edz\u00e9seken, melyeken nyilv\u00e1nval\u00f3v\u00e1 v\u00e1llt, hogy meger\u0151s\u00f6d\u00f6tt a mez\u0151ny a tavalyi szezonhoz k\u00e9pest. Az id\u0151m\u00e9r\u00e9sen 34 pil\u00f3ta vett r\u00e9szt, n\u00e9h\u00e1nyan m\u0171szaki okok miatt hi\u00e1nyoztak. A pil\u00f3t\u00e1k sorra futott\u00e1k a legjobb k\u00f6rid\u0151ket, \u00e9s nemcsak az [&hellip;]","og_url":"https:\/\/www.swiftcupeurope.com\/en\/2016\/uncategorized\/csik-janose-az-elso-pole-2016-ban\/","og_site_name":"FIA Swift Cup Europe","article_published_time":"2016-04-16T09:51:44+00:00","og_image":[{"width":960,"height":639,"url":"https:\/\/www.swiftcupeurope.com\/wp-content\/uploads\/2016\/04\/SLP5457.jpg","type":"image\/jpeg"}],"author":"swiftcupeurope","twitter_card":"summary_large_image","twitter_misc":{"Written by":"swiftcupeurope","Est. reading time":"1 minute"},"schema":{"@context":"https:\/\/schema.org","@graph":[{"@type":"Article","@id":"https:\/\/www.swiftcupeurope.com\/2016\/uncategorized\/csik-janose-az-elso-pole-2016-ban\/#article","isPartOf":{"@id":"https:\/\/www.swiftcupeurope.com\/2016\/uncategorized\/csik-janose-az-elso-pole-2016-ban\/"},"author":{"name":"swiftcupeurope","@id":"https:\/\/www.swiftcupeurope.com\/#\/schema\/person\/03cb2427aeeeeac4a49a03160d04e8fe"},"headline":"Csik J\u00e1nos\u00e9 az els\u0151 pole 2016-ban","datePublished":"2016-04-16T09:51:44+00:00","dateModified":"2016-04-16T09:51:44+00:00","mainEntityOfPage":{"@id":"https:\/\/www.swiftcupeurope.com\/2016\/uncategorized\/csik-janose-az-elso-pole-2016-ban\/"},"wordCount":226,"commentCount":0,"publisher":{"@id":"https:\/\/www.swiftcupeurope.com\/#organization"},"inLanguage":"en-US","potentialAction":[{"@type":"CommentAction","name":"Comment","target":["https:\/\/www.swiftcupeurope.com\/2016\/uncategorized\/csik-janose-az-elso-pole-2016-ban\/#respond"]}]},{"@type":"WebPage","@id":"https:\/\/www.swiftcupeurope.com\/2016\/uncategorized\/csik-janose-az-elso-pole-2016-ban\/","url":"https:\/\/www.swiftcupeurope.com\/2016\/uncategorized\/csik-janose-az-elso-pole-2016-ban\/","name":"Csik J\u00e1nos\u00e9 az els\u0151 pole 2016-ban - FIA Swift Cup Europe","isPartOf":{"@id":"https:\/\/www.swiftcupeurope.com\/#website"},"datePublished":"2016-04-16T09:51:44+00:00","dateModified":"2016-04-16T09:51:44+00:00","breadcrumb":{"@id":"https:\/\/www.swiftcupeurope.com\/2016\/uncategorized\/csik-janose-az-elso-pole-2016-ban\/#breadcrumb"},"inLanguage":"en-US","potentialAction":[{"@type":"ReadAction","target":["https:\/\/www.swiftcupeurope.com\/2016\/uncategorized\/csik-janose-az-elso-pole-2016-ban\/"]}]},{"@type":"BreadcrumbList","@id":"https:\/\/www.swiftcupeurope.com\/2016\/uncategorized\/csik-janose-az-elso-pole-2016-ban\/#breadcrumb","itemListElement":[{"@type":"ListItem","position":1,"name":"Kezd\u0151lap","item":"https:\/\/www.swiftcupeurope.com\/"},{"@type":"ListItem","position":2,"name":"Csik J\u00e1nos\u00e9 az els\u0151 pole 2016-ban"}]},{"@type":"WebSite","@id":"https:\/\/www.swiftcupeurope.com\/#website","url":"https:\/\/www.swiftcupeurope.com\/","name":"FIA Swift Cup Europe","description":"FIA Swift Cup Europe \/ Official Website","publisher":{"@id":"https:\/\/www.swiftcupeurope.com\/#organization"},"potentialAction":[{"@type":"SearchAction","target":{"@type":"EntryPoint","urlTemplate":"https:\/\/www.swiftcupeurope.com\/?s={search_term_string}"},"query-input":"required name=search_term_string"}],"inLanguage":"en-US"},{"@type":"Organization","@id":"https:\/\/www.swiftcupeurope.com\/#organization","name":"FIA Swift Cup Europe","url":"https:\/\/www.swiftcupeurope.com\/","logo":{"@type":"ImageObject","inLanguage":"en-US","@id":"https:\/\/www.swiftcupeurope.com\/#\/schema\/logo\/image\/","url":"https:\/\/www.swiftcupeurope.com\/wp-content\/uploads\/2021\/04\/cropped-sce_logo_2021inv.png","contentUrl":"https:\/\/www.swiftcupeurope.com\/wp-content\/uploads\/2021\/04\/cropped-sce_logo_2021inv.png","width":600,"height":120,"caption":"FIA Swift Cup Europe"},"image":{"@id":"https:\/\/www.swiftcupeurope.com\/#\/schema\/logo\/image\/"}},{"@type":"Person","@id":"https:\/\/www.swiftcupeurope.com\/#\/schema\/person\/03cb2427aeeeeac4a49a03160d04e8fe","name":"swiftcupeurope","url":"https:\/\/www.swiftcupeurope.com\/en\/author\/swiftcupeurope\/"}]}},"_links":{"self":[{"href":"https:\/\/www.swiftcupeurope.com\/en\/wp-json\/wp\/v2\/posts\/2721"}],"collection":[{"href":"https:\/\/www.swiftcupeurope.com\/en\/wp-json\/wp\/v2\/posts"}],"about":[{"href":"https:\/\/www.swiftcupeurope.com\/en\/wp-json\/wp\/v2\/types\/post"}],"author":[{"embeddable":true,"href":"https:\/\/www.swiftcupeurope.com\/en\/wp-json\/wp\/v2\/users\/2"}],"replies":[{"embeddable":true,"href":"https:\/\/www.swiftcupeurope.com\/en\/wp-json\/wp\/v2\/comments?post=2721"}],"version-history":[{"count":0,"href":"https:\/\/www.swiftcupeurope.com\/en\/wp-json\/wp\/v2\/posts\/2721\/revisions"}],"wp:featuredmedia":[{"embeddable":true,"href":"https:\/\/www.swiftcupeurope.com\/en\/wp-json\/wp\/v2\/media\/2722"}],"wp:attachment":[{"href":"https:\/\/www.swiftcupeurope.com\/en\/wp-json\/wp\/v2\/media?parent=2721"}],"wp:term":[{"taxonomy":"category","embeddable":true,"href":"https:\/\/www.swiftcupeurope.com\/en\/wp-json\/wp\/v2\/categories?post=2721"},{"taxonomy":"post_tag","embeddable":true,"href":"https:\/\/www.swiftcupeurope.com\/en\/wp-json\/wp\/v2\/tags?post=2721"}],"curies":[{"name":"wp","href":"https:\/\/api.w.org\/{rel}","templated":true}]}}