{"id":2706,"date":"2016-04-01T14:03:19","date_gmt":"2016-04-01T14:03:19","guid":{"rendered":"http:\/\/swiftcupeurope.com\/?p=2706"},"modified":"2016-04-01T14:03:19","modified_gmt":"2016-04-01T14:03:19","slug":"swift-cup-europe-kozlemeny-ujabb-kedvezmenyek","status":"publish","type":"post","link":"https:\/\/www.swiftcupeurope.com\/en\/2016\/uncategorized\/swift-cup-europe-kozlemeny-ujabb-kedvezmenyek\/","title":{"rendered":"Swift Cup Europe k\u00f6zlem\u00e9ny! \u00dajabb kedvezm\u00e9nyek!"},"content":{"rendered":"<div class=\"_2cuy _3dgx _2vxa\">Az FIA Swift Cup Europe sz\u00edv\u00fcgy\u00e9nek tekinti, hogy azok sz\u00e1m\u00e1ra is el\u00e9rhet\u0151v\u00e9 tegye a nemzetk\u00f6zi szint\u0171 versenyz\u00e9st, akiknek erre nincs megfelel\u0151 lehet\u0151s\u00e9ge.<\/div>\n<div class=\"_2cuy _3dgx _2vxa\"><\/div>\n<div class=\"_2cuy _3dgx _2vxa\">A RaceStar program is ezt bizony\u00edtja, ahol a jelentkez\u0151k k\u00f6z\u00fcl egyvalaki megnyert egy eg\u00e9sz id\u00e9nyt, az \u00faj \u00e9p\u00edt\u00e9si Suzuki Swift Sport-tal. Id\u00e9n a <a href=\"https:\/\/www.swiftcupeurope.com\/en\/2016\/uncategorized\/magyar-gyoztes-a-racestar-tehetsegkutato-versenyen\/\">nyertes m\u00e1r \u00e1t is vette<\/a> \u00faj 1.6-os versenyaut\u00f3j\u00e1t!<\/div>\n<div class=\"_2cuy _3dgx _2vxa\"><\/div>\n<div class=\"_2cuy _3dgx _2vxa\"><strong><span class=\"_5yi-\">Azonban itt nem \u00e1llunk meg!<\/span> <\/strong>Tov\u00e1bbra is lehet\u0151s\u00e9get biztos\u00edtunk azon pil\u00f3t\u00e1knak, akik r\u00e9gebbi gener\u00e1ci\u00f3s Suzukival szeretn\u00e9nek r\u00e9szt venni versenyeinken. Ezen aut\u00f3k k\u00fcl\u00f6n \u00e9rt\u00e9kel\u0151dnek id\u00e9n is.<\/div>\n<div class=\"_2cuy _3dgx _2vxa\"><\/div>\n<div class=\"_2cuy _3dgx _2vxa\">A sorozat prom\u00f3tere, Burkus Egon sz\u00edv\u00fcgy\u00e9nek tekinti a fiatalok t\u00e1mogat\u00e1s\u00e1t, \u00edgy <strong><span class=\"_5yi-\">minden 16 \u00e9v alatti<\/span> versenyz\u0151<\/strong>, aki r\u00e9gebbi gener\u00e1ci\u00f3s aut\u00f3val szeretne nevezni, azt <strong>2016-ban<\/strong> <span class=\"_5yi-\">INGYEN<\/span> megteheti, azaz a nevez\u00e9si d\u00edj\u00e1t az FIA Swift Cup Europe \u00e1llja. Azon indul\u00f3k, <strong><span class=\"_5yi-\">akik m\u00e1r bet\u00f6lt\u00f6tt\u00e9k 16. \u00e9let\u00e9v\u00fcket<\/span><\/strong>, szint\u00e9n kedvezm\u00e9nyben r\u00e9szes\u00fclnek, <strong><span class=\"_5yi-\">100 euro \/ futam<\/span><\/strong> sz\u00e1mukra a nevez\u00e9si d\u00edj!<\/div>\n<div class=\"_2cuy _3dgx _2vxa\"><\/div>\n<div class=\"_2cuy _3dgx _2vxa\"><span class=\"_5yi-\"><strong>\u00c9s m\u00e9g mindig nincs v\u00e9ge a kedvezm\u00e9nyeknek!<\/strong> <\/span><\/div>\n<div class=\"_2cuy _3dgx _2vxa\"><\/div>\n<div class=\"_2cuy _3dgx _2vxa\">A r\u00e9gebbi gener\u00e1ci\u00f3s aut\u00f3kkal indul\u00f3k sz\u00e1m\u00e1ra nincs k\u00f6telez\u0151 sz\u00e1m\u00fa gumiv\u00e1s\u00e1rl\u00e1sra szab\u00e1ly, a v\u00e1s\u00e1rolhat\u00f3 gumik sz\u00e1m\u00e1t csak maxim\u00e1lja a szervez\u0151! A gumikat saj\u00e1t bel\u00e1t\u00e1s szerint, biztons\u00e1gos \u00e9lettartam mellett, szabadon lehet haszn\u00e1lni!<\/div>","protected":false},"excerpt":{"rendered":"<p>Az FIA Swift Cup Europe sz\u00edv\u00fcgy\u00e9nek tekinti, hogy azok sz\u00e1m\u00e1ra is el\u00e9rhet\u0151v\u00e9 tegye a nemzetk\u00f6zi szint\u0171 versenyz\u00e9st, akiknek erre nincs megfelel\u0151 lehet\u0151s\u00e9ge. A RaceStar program is ezt bizony\u00edtja, ahol a jelentkez\u0151k k\u00f6z\u00fcl egyvalaki megnyert egy eg\u00e9sz id\u00e9nyt, az \u00faj \u00e9p\u00edt\u00e9si Suzuki Swift Sport-tal. Id\u00e9n a nyertes m\u00e1r \u00e1t is vette \u00faj 1.6-os versenyaut\u00f3j\u00e1t! Azonban itt [&hellip;]<\/p>","protected":false},"author":2,"featured_media":2643,"comment_status":"open","ping_status":"open","sticky":false,"template":"","format":"standard","meta":{"footnotes":""},"categories":[1],"tags":[],"yoast_head":"<!-- This site is optimized with the Yoast SEO Premium plugin v21.1 (Yoast SEO v21.7) - https:\/\/yoast.com\/wordpress\/plugins\/seo\/ -->\n<title>Swift Cup Europe k\u00f6zlem\u00e9ny! \u00dajabb kedvezm\u00e9nyek! - FIA Swift Cup Europe<\/title>\n<meta name=\"robots\" content=\"index, follow, max-snippet:-1, max-image-preview:large, max-video-preview:-1\" \/>\n<link rel=\"canonical\" href=\"https:\/\/www.swiftcupeurope.com\/en\/2016\/uncategorized\/swift-cup-europe-kozlemeny-ujabb-kedvezmenyek\/\" \/>\n<meta property=\"og:locale\" content=\"en_US\" \/>\n<meta property=\"og:type\" content=\"article\" \/>\n<meta property=\"og:title\" content=\"Swift Cup Europe k\u00f6zlem\u00e9ny! \u00dajabb kedvezm\u00e9nyek!\" \/>\n<meta property=\"og:description\" content=\"Az FIA Swift Cup Europe sz\u00edv\u00fcgy\u00e9nek tekinti, hogy azok sz\u00e1m\u00e1ra is el\u00e9rhet\u0151v\u00e9 tegye a nemzetk\u00f6zi szint\u0171 versenyz\u00e9st, akiknek erre nincs megfelel\u0151 lehet\u0151s\u00e9ge. A RaceStar program is ezt bizony\u00edtja, ahol a jelentkez\u0151k k\u00f6z\u00fcl egyvalaki megnyert egy eg\u00e9sz id\u00e9nyt, az \u00faj \u00e9p\u00edt\u00e9si Suzuki Swift Sport-tal. Id\u00e9n a nyertes m\u00e1r \u00e1t is vette \u00faj 1.6-os versenyaut\u00f3j\u00e1t! Azonban itt [&hellip;]\" \/>\n<meta property=\"og:url\" content=\"https:\/\/www.swiftcupeurope.com\/en\/2016\/uncategorized\/swift-cup-europe-kozlemeny-ujabb-kedvezmenyek\/\" \/>\n<meta property=\"og:site_name\" content=\"FIA Swift Cup Europe\" \/>\n<meta property=\"article:published_time\" content=\"2016-04-01T14:03:19+00:00\" \/>\n<meta property=\"og:image\" content=\"https:\/\/www.swiftcupeurope.com\/wp-content\/uploads\/2016\/03\/DSC_0398.jpg\" \/>\n\t<meta property=\"og:image:width\" content=\"1280\" \/>\n\t<meta property=\"og:image:height\" content=\"720\" \/>\n\t<meta property=\"og:image:type\" content=\"image\/jpeg\" \/>\n<meta name=\"author\" content=\"swiftcupeurope\" \/>\n<meta name=\"twitter:card\" content=\"summary_large_image\" \/>\n<meta name=\"twitter:label1\" content=\"Written by\" \/>\n\t<meta name=\"twitter:data1\" content=\"swiftcupeurope\" \/>\n\t<meta name=\"twitter:label2\" content=\"Est. reading time\" \/>\n\t<meta name=\"twitter:data2\" content=\"1 minute\" \/>\n<script type=\"application\/ld+json\" class=\"yoast-schema-graph\">{\"@context\":\"https:\/\/schema.org\",\"@graph\":[{\"@type\":\"Article\",\"@id\":\"https:\/\/www.swiftcupeurope.com\/en\/2016\/uncategorized\/swift-cup-europe-kozlemeny-ujabb-kedvezmenyek\/#article\",\"isPartOf\":{\"@id\":\"https:\/\/www.swiftcupeurope.com\/en\/2016\/uncategorized\/swift-cup-europe-kozlemeny-ujabb-kedvezmenyek\/\"},\"author\":{\"name\":\"swiftcupeurope\",\"@id\":\"https:\/\/www.swiftcupeurope.com\/#\/schema\/person\/03cb2427aeeeeac4a49a03160d04e8fe\"},\"headline\":\"Swift Cup Europe k\u00f6zlem\u00e9ny! \u00dajabb kedvezm\u00e9nyek!\",\"datePublished\":\"2016-04-01T14:03:19+00:00\",\"dateModified\":\"2016-04-01T14:03:19+00:00\",\"mainEntityOfPage\":{\"@id\":\"https:\/\/www.swiftcupeurope.com\/en\/2016\/uncategorized\/swift-cup-europe-kozlemeny-ujabb-kedvezmenyek\/\"},\"wordCount\":268,\"commentCount\":0,\"publisher\":{\"@id\":\"https:\/\/www.swiftcupeurope.com\/#organization\"},\"inLanguage\":\"en-US\",\"potentialAction\":[{\"@type\":\"CommentAction\",\"name\":\"Comment\",\"target\":[\"https:\/\/www.swiftcupeurope.com\/en\/2016\/uncategorized\/swift-cup-europe-kozlemeny-ujabb-kedvezmenyek\/#respond\"]}]},{\"@type\":\"WebPage\",\"@id\":\"https:\/\/www.swiftcupeurope.com\/en\/2016\/uncategorized\/swift-cup-europe-kozlemeny-ujabb-kedvezmenyek\/\",\"url\":\"https:\/\/www.swiftcupeurope.com\/en\/2016\/uncategorized\/swift-cup-europe-kozlemeny-ujabb-kedvezmenyek\/\",\"name\":\"Swift Cup Europe k\u00f6zlem\u00e9ny! \u00dajabb kedvezm\u00e9nyek! - FIA Swift Cup Europe\",\"isPartOf\":{\"@id\":\"https:\/\/www.swiftcupeurope.com\/#website\"},\"datePublished\":\"2016-04-01T14:03:19+00:00\",\"dateModified\":\"2016-04-01T14:03:19+00:00\",\"breadcrumb\":{\"@id\":\"https:\/\/www.swiftcupeurope.com\/en\/2016\/uncategorized\/swift-cup-europe-kozlemeny-ujabb-kedvezmenyek\/#breadcrumb\"},\"inLanguage\":\"en-US\",\"potentialAction\":[{\"@type\":\"ReadAction\",\"target\":[\"https:\/\/www.swiftcupeurope.com\/en\/2016\/uncategorized\/swift-cup-europe-kozlemeny-ujabb-kedvezmenyek\/\"]}]},{\"@type\":\"BreadcrumbList\",\"@id\":\"https:\/\/www.swiftcupeurope.com\/en\/2016\/uncategorized\/swift-cup-europe-kozlemeny-ujabb-kedvezmenyek\/#breadcrumb\",\"itemListElement\":[{\"@type\":\"ListItem\",\"position\":1,\"name\":\"Kezd\u0151lap\",\"item\":\"https:\/\/www.swiftcupeurope.com\/\"},{\"@type\":\"ListItem\",\"position\":2,\"name\":\"Swift Cup Europe k\u00f6zlem\u00e9ny! \u00dajabb kedvezm\u00e9nyek!\"}]},{\"@type\":\"WebSite\",\"@id\":\"https:\/\/www.swiftcupeurope.com\/#website\",\"url\":\"https:\/\/www.swiftcupeurope.com\/\",\"name\":\"FIA Swift Cup Europe\",\"description\":\"FIA Swift Cup Europe \/ Official Website\",\"publisher\":{\"@id\":\"https:\/\/www.swiftcupeurope.com\/#organization\"},\"potentialAction\":[{\"@type\":\"SearchAction\",\"target\":{\"@type\":\"EntryPoint\",\"urlTemplate\":\"https:\/\/www.swiftcupeurope.com\/?s={search_term_string}\"},\"query-input\":\"required name=search_term_string\"}],\"inLanguage\":\"en-US\"},{\"@type\":\"Organization\",\"@id\":\"https:\/\/www.swiftcupeurope.com\/#organization\",\"name\":\"FIA Swift Cup Europe\",\"url\":\"https:\/\/www.swiftcupeurope.com\/\",\"logo\":{\"@type\":\"ImageObject\",\"inLanguage\":\"en-US\",\"@id\":\"https:\/\/www.swiftcupeurope.com\/#\/schema\/logo\/image\/\",\"url\":\"https:\/\/www.swiftcupeurope.com\/wp-content\/uploads\/2021\/04\/cropped-sce_logo_2021inv.png\",\"contentUrl\":\"https:\/\/www.swiftcupeurope.com\/wp-content\/uploads\/2021\/04\/cropped-sce_logo_2021inv.png\",\"width\":600,\"height\":120,\"caption\":\"FIA Swift Cup Europe\"},\"image\":{\"@id\":\"https:\/\/www.swiftcupeurope.com\/#\/schema\/logo\/image\/\"}},{\"@type\":\"Person\",\"@id\":\"https:\/\/www.swiftcupeurope.com\/#\/schema\/person\/03cb2427aeeeeac4a49a03160d04e8fe\",\"name\":\"swiftcupeurope\",\"url\":\"https:\/\/www.swiftcupeurope.com\/en\/author\/swiftcupeurope\/\"}]}<\/script>\n<!-- \/ Yoast SEO Premium plugin. -->","yoast_head_json":{"title":"Swift Cup Europe k\u00f6zlem\u00e9ny! \u00dajabb kedvezm\u00e9nyek! - FIA Swift Cup Europe","robots":{"index":"index","follow":"follow","max-snippet":"max-snippet:-1","max-image-preview":"max-image-preview:large","max-video-preview":"max-video-preview:-1"},"canonical":"https:\/\/www.swiftcupeurope.com\/en\/2016\/uncategorized\/swift-cup-europe-kozlemeny-ujabb-kedvezmenyek\/","og_locale":"en_US","og_type":"article","og_title":"Swift Cup Europe k\u00f6zlem\u00e9ny! \u00dajabb kedvezm\u00e9nyek!","og_description":"Az FIA Swift Cup Europe sz\u00edv\u00fcgy\u00e9nek tekinti, hogy azok sz\u00e1m\u00e1ra is el\u00e9rhet\u0151v\u00e9 tegye a nemzetk\u00f6zi szint\u0171 versenyz\u00e9st, akiknek erre nincs megfelel\u0151 lehet\u0151s\u00e9ge. A RaceStar program is ezt bizony\u00edtja, ahol a jelentkez\u0151k k\u00f6z\u00fcl egyvalaki megnyert egy eg\u00e9sz id\u00e9nyt, az \u00faj \u00e9p\u00edt\u00e9si Suzuki Swift Sport-tal. Id\u00e9n a nyertes m\u00e1r \u00e1t is vette \u00faj 1.6-os versenyaut\u00f3j\u00e1t! Azonban itt [&hellip;]","og_url":"https:\/\/www.swiftcupeurope.com\/en\/2016\/uncategorized\/swift-cup-europe-kozlemeny-ujabb-kedvezmenyek\/","og_site_name":"FIA Swift Cup Europe","article_published_time":"2016-04-01T14:03:19+00:00","og_image":[{"width":1280,"height":720,"url":"https:\/\/www.swiftcupeurope.com\/wp-content\/uploads\/2016\/03\/DSC_0398.jpg","type":"image\/jpeg"}],"author":"swiftcupeurope","twitter_card":"summary_large_image","twitter_misc":{"Written by":"swiftcupeurope","Est. reading time":"1 minute"},"schema":{"@context":"https:\/\/schema.org","@graph":[{"@type":"Article","@id":"https:\/\/www.swiftcupeurope.com\/en\/2016\/uncategorized\/swift-cup-europe-kozlemeny-ujabb-kedvezmenyek\/#article","isPartOf":{"@id":"https:\/\/www.swiftcupeurope.com\/en\/2016\/uncategorized\/swift-cup-europe-kozlemeny-ujabb-kedvezmenyek\/"},"author":{"name":"swiftcupeurope","@id":"https:\/\/www.swiftcupeurope.com\/#\/schema\/person\/03cb2427aeeeeac4a49a03160d04e8fe"},"headline":"Swift Cup Europe k\u00f6zlem\u00e9ny! \u00dajabb kedvezm\u00e9nyek!","datePublished":"2016-04-01T14:03:19+00:00","dateModified":"2016-04-01T14:03:19+00:00","mainEntityOfPage":{"@id":"https:\/\/www.swiftcupeurope.com\/en\/2016\/uncategorized\/swift-cup-europe-kozlemeny-ujabb-kedvezmenyek\/"},"wordCount":268,"commentCount":0,"publisher":{"@id":"https:\/\/www.swiftcupeurope.com\/#organization"},"inLanguage":"en-US","potentialAction":[{"@type":"CommentAction","name":"Comment","target":["https:\/\/www.swiftcupeurope.com\/en\/2016\/uncategorized\/swift-cup-europe-kozlemeny-ujabb-kedvezmenyek\/#respond"]}]},{"@type":"WebPage","@id":"https:\/\/www.swiftcupeurope.com\/en\/2016\/uncategorized\/swift-cup-europe-kozlemeny-ujabb-kedvezmenyek\/","url":"https:\/\/www.swiftcupeurope.com\/en\/2016\/uncategorized\/swift-cup-europe-kozlemeny-ujabb-kedvezmenyek\/","name":"Swift Cup Europe k\u00f6zlem\u00e9ny! \u00dajabb kedvezm\u00e9nyek! - FIA Swift Cup Europe","isPartOf":{"@id":"https:\/\/www.swiftcupeurope.com\/#website"},"datePublished":"2016-04-01T14:03:19+00:00","dateModified":"2016-04-01T14:03:19+00:00","breadcrumb":{"@id":"https:\/\/www.swiftcupeurope.com\/en\/2016\/uncategorized\/swift-cup-europe-kozlemeny-ujabb-kedvezmenyek\/#breadcrumb"},"inLanguage":"en-US","potentialAction":[{"@type":"ReadAction","target":["https:\/\/www.swiftcupeurope.com\/en\/2016\/uncategorized\/swift-cup-europe-kozlemeny-ujabb-kedvezmenyek\/"]}]},{"@type":"BreadcrumbList","@id":"https:\/\/www.swiftcupeurope.com\/en\/2016\/uncategorized\/swift-cup-europe-kozlemeny-ujabb-kedvezmenyek\/#breadcrumb","itemListElement":[{"@type":"ListItem","position":1,"name":"Kezd\u0151lap","item":"https:\/\/www.swiftcupeurope.com\/"},{"@type":"ListItem","position":2,"name":"Swift Cup Europe k\u00f6zlem\u00e9ny! \u00dajabb kedvezm\u00e9nyek!"}]},{"@type":"WebSite","@id":"https:\/\/www.swiftcupeurope.com\/#website","url":"https:\/\/www.swiftcupeurope.com\/","name":"FIA Swift Cup Europe","description":"FIA Swift Cup Europe \/ Official Website","publisher":{"@id":"https:\/\/www.swiftcupeurope.com\/#organization"},"potentialAction":[{"@type":"SearchAction","target":{"@type":"EntryPoint","urlTemplate":"https:\/\/www.swiftcupeurope.com\/?s={search_term_string}"},"query-input":"required name=search_term_string"}],"inLanguage":"en-US"},{"@type":"Organization","@id":"https:\/\/www.swiftcupeurope.com\/#organization","name":"FIA Swift Cup Europe","url":"https:\/\/www.swiftcupeurope.com\/","logo":{"@type":"ImageObject","inLanguage":"en-US","@id":"https:\/\/www.swiftcupeurope.com\/#\/schema\/logo\/image\/","url":"https:\/\/www.swiftcupeurope.com\/wp-content\/uploads\/2021\/04\/cropped-sce_logo_2021inv.png","contentUrl":"https:\/\/www.swiftcupeurope.com\/wp-content\/uploads\/2021\/04\/cropped-sce_logo_2021inv.png","width":600,"height":120,"caption":"FIA Swift Cup Europe"},"image":{"@id":"https:\/\/www.swiftcupeurope.com\/#\/schema\/logo\/image\/"}},{"@type":"Person","@id":"https:\/\/www.swiftcupeurope.com\/#\/schema\/person\/03cb2427aeeeeac4a49a03160d04e8fe","name":"swiftcupeurope","url":"https:\/\/www.swiftcupeurope.com\/en\/author\/swiftcupeurope\/"}]}},"_links":{"self":[{"href":"https:\/\/www.swiftcupeurope.com\/en\/wp-json\/wp\/v2\/posts\/2706"}],"collection":[{"href":"https:\/\/www.swiftcupeurope.com\/en\/wp-json\/wp\/v2\/posts"}],"about":[{"href":"https:\/\/www.swiftcupeurope.com\/en\/wp-json\/wp\/v2\/types\/post"}],"author":[{"embeddable":true,"href":"https:\/\/www.swiftcupeurope.com\/en\/wp-json\/wp\/v2\/users\/2"}],"replies":[{"embeddable":true,"href":"https:\/\/www.swiftcupeurope.com\/en\/wp-json\/wp\/v2\/comments?post=2706"}],"version-history":[{"count":0,"href":"https:\/\/www.swiftcupeurope.com\/en\/wp-json\/wp\/v2\/posts\/2706\/revisions"}],"wp:featuredmedia":[{"embeddable":true,"href":"https:\/\/www.swiftcupeurope.com\/en\/wp-json\/wp\/v2\/media\/2643"}],"wp:attachment":[{"href":"https:\/\/www.swiftcupeurope.com\/en\/wp-json\/wp\/v2\/media?parent=2706"}],"wp:term":[{"taxonomy":"category","embeddable":true,"href":"https:\/\/www.swiftcupeurope.com\/en\/wp-json\/wp\/v2\/categories?post=2706"},{"taxonomy":"post_tag","embeddable":true,"href":"https:\/\/www.swiftcupeurope.com\/en\/wp-json\/wp\/v2\/tags?post=2706"}],"curies":[{"name":"wp","href":"https:\/\/api.w.org\/{rel}","templated":true}]}}