{"id":2627,"date":"2016-03-25T09:36:31","date_gmt":"2016-03-25T09:36:31","guid":{"rendered":"http:\/\/swiftcupeurope.com\/?p=2627"},"modified":"2016-03-25T09:36:31","modified_gmt":"2016-03-25T09:36:31","slug":"folytatodott-a-tesztideny-slovakiaring","status":"publish","type":"post","link":"https:\/\/www.swiftcupeurope.com\/en\/2016\/uncategorized\/folytatodott-a-tesztideny-slovakiaring\/","title":{"rendered":"Folytat\u00f3dott a tesztid\u00e9ny, Slovakiaring"},"content":{"rendered":"<p>K\u00e9t h\u00e9ttel azut\u00e1n, hogy <a href=\"https:\/\/www.swiftcupeurope.com\/en\/2016\/uncategorized\/ket-csapat-is-a-pannonia-ringen-tesztelt\/\" target=\"_blank\">k\u00e9t csapat is tesztelt<\/a> a Pannonia-Ring-en, a csapatok az els\u0151 h\u00e9tv\u00e9ge helysz\u00edne fel\u00e9 vett\u00e9k az ir\u00e1nyt, \u00e9s k\u00e9t napig a Slovakiaring adott otthont a m\u00e1sodik 2016-os tesztnek.<\/p>\n<p>A szlov\u00e1kiai p\u00e1ly\u00e1n m\u00e1r t\u00f6bb csapat k\u00e9pviselte mag\u00e1t, s\u0151t m\u00e1r az osztr\u00e1kok k\u00f6z\u00fcl is elj\u00f6ttek n\u00e9h\u00e1nyan, hisz a Swift Cup Europe mez\u0151ny\u00e9be tartozik a Suzuki Motorsport Cup, mely egy osztr\u00e1k bajnoks\u00e1g, ugyanolyan aut\u00f3kkal, mint a magyarok\u00e9.<\/p>\n<p>A teszt els\u0151 napj\u00e1n a GFS Racing Team \u00e9s az Apex Racing pil\u00f3t\u00e1i k\u0151r\u00f6ztek a p\u00e1ly\u00e1n, hozz\u00e1juk csatlakozott a m\u00e1sodik napon a BZ Racing \u00e9s a CarColor Motorsport.<\/p>\n<p>A bajnoks\u00e1g els\u0151 h\u00e9tv\u00e9g\u00e9je k\u00e9t h\u00e9t m\u00falva, ezen a helysz\u00ednen lesz, az FIA WTCC bet\u00e9tprogramja a Swift Cup Europe a Slovakiaring-en.<\/p>\n<div id='gallery-1' class='gallery galleryid-2627 gallery-columns-3 gallery-size-thumbnail'><figure class='gallery-item'>\n\t\t\t<div class='gallery-icon landscape'>\n\t\t\t\t<a href='https:\/\/www.swiftcupeurope.com\/wp-content\/uploads\/2016\/03\/DSC_0398.jpg'><img decoding=\"async\" width=\"80\" height=\"80\" src=\"https:\/\/www.swiftcupeurope.com\/wp-content\/uploads\/2016\/03\/DSC_0398-80x80.jpg\" class=\"attachment-thumbnail size-thumbnail\" alt=\"\" srcset=\"https:\/\/www.swiftcupeurope.com\/wp-content\/uploads\/2016\/03\/DSC_0398-80x80.jpg 80w, https:\/\/www.swiftcupeurope.com\/wp-content\/uploads\/2016\/03\/DSC_0398-36x36.jpg 36w, https:\/\/www.swiftcupeurope.com\/wp-content\/uploads\/2016\/03\/DSC_0398-180x180.jpg 180w, https:\/\/www.swiftcupeurope.com\/wp-content\/uploads\/2016\/03\/DSC_0398-120x120.jpg 120w, https:\/\/www.swiftcupeurope.com\/wp-content\/uploads\/2016\/03\/DSC_0398-450x450.jpg 450w\" sizes=\"(max-width: 80px) 100vw, 80px\" \/><\/a>\n\t\t\t<\/div><\/figure>\n\t\t<\/div>","protected":false},"excerpt":{"rendered":"<p>K\u00e9t h\u00e9ttel azut\u00e1n, hogy k\u00e9t csapat is tesztelt a Pannonia-Ring-en, a csapatok az els\u0151 h\u00e9tv\u00e9ge helysz\u00edne fel\u00e9 vett\u00e9k az ir\u00e1nyt, \u00e9s k\u00e9t napig a Slovakiaring adott otthont a m\u00e1sodik 2016-os tesztnek. A szlov\u00e1kiai p\u00e1ly\u00e1n m\u00e1r t\u00f6bb csapat k\u00e9pviselte mag\u00e1t, s\u0151t m\u00e1r az osztr\u00e1kok k\u00f6z\u00fcl is elj\u00f6ttek n\u00e9h\u00e1nyan, hisz a Swift Cup Europe mez\u0151ny\u00e9be tartozik a [&hellip;]<\/p>","protected":false},"author":2,"featured_media":2628,"comment_status":"open","ping_status":"open","sticky":false,"template":"","format":"standard","meta":{"footnotes":""},"categories":[1],"tags":[],"yoast_head":"<!-- This site is optimized with the Yoast SEO Premium plugin v21.1 (Yoast SEO v21.7) - https:\/\/yoast.com\/wordpress\/plugins\/seo\/ -->\n<title>Folytat\u00f3dott a tesztid\u00e9ny, Slovakiaring - FIA Swift Cup Europe<\/title>\n<meta name=\"robots\" content=\"index, follow, max-snippet:-1, max-image-preview:large, max-video-preview:-1\" \/>\n<link rel=\"canonical\" href=\"https:\/\/www.swiftcupeurope.com\/en\/2016\/uncategorized\/folytatodott-a-tesztideny-slovakiaring\/\" \/>\n<meta property=\"og:locale\" content=\"en_US\" \/>\n<meta property=\"og:type\" content=\"article\" \/>\n<meta property=\"og:title\" content=\"Folytat\u00f3dott a tesztid\u00e9ny, Slovakiaring\" \/>\n<meta property=\"og:description\" content=\"K\u00e9t h\u00e9ttel azut\u00e1n, hogy k\u00e9t csapat is tesztelt a Pannonia-Ring-en, a csapatok az els\u0151 h\u00e9tv\u00e9ge helysz\u00edne fel\u00e9 vett\u00e9k az ir\u00e1nyt, \u00e9s k\u00e9t napig a Slovakiaring adott otthont a m\u00e1sodik 2016-os tesztnek. A szlov\u00e1kiai p\u00e1ly\u00e1n m\u00e1r t\u00f6bb csapat k\u00e9pviselte mag\u00e1t, s\u0151t m\u00e1r az osztr\u00e1kok k\u00f6z\u00fcl is elj\u00f6ttek n\u00e9h\u00e1nyan, hisz a Swift Cup Europe mez\u0151ny\u00e9be tartozik a [&hellip;]\" \/>\n<meta property=\"og:url\" content=\"https:\/\/www.swiftcupeurope.com\/en\/2016\/uncategorized\/folytatodott-a-tesztideny-slovakiaring\/\" \/>\n<meta property=\"og:site_name\" content=\"FIA Swift Cup Europe\" \/>\n<meta property=\"article:published_time\" content=\"2016-03-25T09:36:31+00:00\" \/>\n<meta property=\"og:image\" content=\"https:\/\/www.swiftcupeurope.com\/wp-content\/uploads\/2016\/03\/DSC_0410.jpg\" \/>\n\t<meta property=\"og:image:width\" content=\"1280\" \/>\n\t<meta property=\"og:image:height\" content=\"720\" \/>\n\t<meta property=\"og:image:type\" content=\"image\/jpeg\" \/>\n<meta name=\"author\" content=\"swiftcupeurope\" \/>\n<meta name=\"twitter:card\" content=\"summary_large_image\" \/>\n<meta name=\"twitter:label1\" content=\"Written by\" \/>\n\t<meta name=\"twitter:data1\" content=\"swiftcupeurope\" \/>\n\t<meta name=\"twitter:label2\" content=\"Est. reading time\" \/>\n\t<meta name=\"twitter:data2\" content=\"1 minute\" \/>\n<script type=\"application\/ld+json\" class=\"yoast-schema-graph\">{\"@context\":\"https:\/\/schema.org\",\"@graph\":[{\"@type\":\"Article\",\"@id\":\"https:\/\/www.swiftcupeurope.com\/en\/2016\/uncategorized\/folytatodott-a-tesztideny-slovakiaring\/#article\",\"isPartOf\":{\"@id\":\"https:\/\/www.swiftcupeurope.com\/en\/2016\/uncategorized\/folytatodott-a-tesztideny-slovakiaring\/\"},\"author\":{\"name\":\"swiftcupeurope\",\"@id\":\"https:\/\/www.swiftcupeurope.com\/#\/schema\/person\/03cb2427aeeeeac4a49a03160d04e8fe\"},\"headline\":\"Folytat\u00f3dott a tesztid\u00e9ny, Slovakiaring\",\"datePublished\":\"2016-03-25T09:36:31+00:00\",\"dateModified\":\"2016-03-25T09:36:31+00:00\",\"mainEntityOfPage\":{\"@id\":\"https:\/\/www.swiftcupeurope.com\/en\/2016\/uncategorized\/folytatodott-a-tesztideny-slovakiaring\/\"},\"wordCount\":175,\"commentCount\":0,\"publisher\":{\"@id\":\"https:\/\/www.swiftcupeurope.com\/#organization\"},\"inLanguage\":\"en-US\",\"potentialAction\":[{\"@type\":\"CommentAction\",\"name\":\"Comment\",\"target\":[\"https:\/\/www.swiftcupeurope.com\/en\/2016\/uncategorized\/folytatodott-a-tesztideny-slovakiaring\/#respond\"]}]},{\"@type\":\"WebPage\",\"@id\":\"https:\/\/www.swiftcupeurope.com\/en\/2016\/uncategorized\/folytatodott-a-tesztideny-slovakiaring\/\",\"url\":\"https:\/\/www.swiftcupeurope.com\/en\/2016\/uncategorized\/folytatodott-a-tesztideny-slovakiaring\/\",\"name\":\"Folytat\u00f3dott a tesztid\u00e9ny, Slovakiaring - FIA Swift Cup Europe\",\"isPartOf\":{\"@id\":\"https:\/\/www.swiftcupeurope.com\/#website\"},\"datePublished\":\"2016-03-25T09:36:31+00:00\",\"dateModified\":\"2016-03-25T09:36:31+00:00\",\"breadcrumb\":{\"@id\":\"https:\/\/www.swiftcupeurope.com\/en\/2016\/uncategorized\/folytatodott-a-tesztideny-slovakiaring\/#breadcrumb\"},\"inLanguage\":\"en-US\",\"potentialAction\":[{\"@type\":\"ReadAction\",\"target\":[\"https:\/\/www.swiftcupeurope.com\/en\/2016\/uncategorized\/folytatodott-a-tesztideny-slovakiaring\/\"]}]},{\"@type\":\"BreadcrumbList\",\"@id\":\"https:\/\/www.swiftcupeurope.com\/en\/2016\/uncategorized\/folytatodott-a-tesztideny-slovakiaring\/#breadcrumb\",\"itemListElement\":[{\"@type\":\"ListItem\",\"position\":1,\"name\":\"Kezd\u0151lap\",\"item\":\"https:\/\/www.swiftcupeurope.com\/\"},{\"@type\":\"ListItem\",\"position\":2,\"name\":\"Folytat\u00f3dott a tesztid\u00e9ny, Slovakiaring\"}]},{\"@type\":\"WebSite\",\"@id\":\"https:\/\/www.swiftcupeurope.com\/#website\",\"url\":\"https:\/\/www.swiftcupeurope.com\/\",\"name\":\"FIA Swift Cup Europe\",\"description\":\"FIA Swift Cup Europe \/ Official Website\",\"publisher\":{\"@id\":\"https:\/\/www.swiftcupeurope.com\/#organization\"},\"potentialAction\":[{\"@type\":\"SearchAction\",\"target\":{\"@type\":\"EntryPoint\",\"urlTemplate\":\"https:\/\/www.swiftcupeurope.com\/?s={search_term_string}\"},\"query-input\":\"required name=search_term_string\"}],\"inLanguage\":\"en-US\"},{\"@type\":\"Organization\",\"@id\":\"https:\/\/www.swiftcupeurope.com\/#organization\",\"name\":\"FIA Swift Cup Europe\",\"url\":\"https:\/\/www.swiftcupeurope.com\/\",\"logo\":{\"@type\":\"ImageObject\",\"inLanguage\":\"en-US\",\"@id\":\"https:\/\/www.swiftcupeurope.com\/#\/schema\/logo\/image\/\",\"url\":\"https:\/\/www.swiftcupeurope.com\/wp-content\/uploads\/2021\/04\/cropped-sce_logo_2021inv.png\",\"contentUrl\":\"https:\/\/www.swiftcupeurope.com\/wp-content\/uploads\/2021\/04\/cropped-sce_logo_2021inv.png\",\"width\":600,\"height\":120,\"caption\":\"FIA Swift Cup Europe\"},\"image\":{\"@id\":\"https:\/\/www.swiftcupeurope.com\/#\/schema\/logo\/image\/\"}},{\"@type\":\"Person\",\"@id\":\"https:\/\/www.swiftcupeurope.com\/#\/schema\/person\/03cb2427aeeeeac4a49a03160d04e8fe\",\"name\":\"swiftcupeurope\",\"url\":\"https:\/\/www.swiftcupeurope.com\/en\/author\/swiftcupeurope\/\"}]}<\/script>\n<!-- \/ Yoast SEO Premium plugin. -->","yoast_head_json":{"title":"Folytat\u00f3dott a tesztid\u00e9ny, Slovakiaring - FIA Swift Cup Europe","robots":{"index":"index","follow":"follow","max-snippet":"max-snippet:-1","max-image-preview":"max-image-preview:large","max-video-preview":"max-video-preview:-1"},"canonical":"https:\/\/www.swiftcupeurope.com\/en\/2016\/uncategorized\/folytatodott-a-tesztideny-slovakiaring\/","og_locale":"en_US","og_type":"article","og_title":"Folytat\u00f3dott a tesztid\u00e9ny, Slovakiaring","og_description":"K\u00e9t h\u00e9ttel azut\u00e1n, hogy k\u00e9t csapat is tesztelt a Pannonia-Ring-en, a csapatok az els\u0151 h\u00e9tv\u00e9ge helysz\u00edne fel\u00e9 vett\u00e9k az ir\u00e1nyt, \u00e9s k\u00e9t napig a Slovakiaring adott otthont a m\u00e1sodik 2016-os tesztnek. A szlov\u00e1kiai p\u00e1ly\u00e1n m\u00e1r t\u00f6bb csapat k\u00e9pviselte mag\u00e1t, s\u0151t m\u00e1r az osztr\u00e1kok k\u00f6z\u00fcl is elj\u00f6ttek n\u00e9h\u00e1nyan, hisz a Swift Cup Europe mez\u0151ny\u00e9be tartozik a [&hellip;]","og_url":"https:\/\/www.swiftcupeurope.com\/en\/2016\/uncategorized\/folytatodott-a-tesztideny-slovakiaring\/","og_site_name":"FIA Swift Cup Europe","article_published_time":"2016-03-25T09:36:31+00:00","og_image":[{"width":1280,"height":720,"url":"https:\/\/www.swiftcupeurope.com\/wp-content\/uploads\/2016\/03\/DSC_0410.jpg","type":"image\/jpeg"}],"author":"swiftcupeurope","twitter_card":"summary_large_image","twitter_misc":{"Written by":"swiftcupeurope","Est. reading time":"1 minute"},"schema":{"@context":"https:\/\/schema.org","@graph":[{"@type":"Article","@id":"https:\/\/www.swiftcupeurope.com\/en\/2016\/uncategorized\/folytatodott-a-tesztideny-slovakiaring\/#article","isPartOf":{"@id":"https:\/\/www.swiftcupeurope.com\/en\/2016\/uncategorized\/folytatodott-a-tesztideny-slovakiaring\/"},"author":{"name":"swiftcupeurope","@id":"https:\/\/www.swiftcupeurope.com\/#\/schema\/person\/03cb2427aeeeeac4a49a03160d04e8fe"},"headline":"Folytat\u00f3dott a tesztid\u00e9ny, Slovakiaring","datePublished":"2016-03-25T09:36:31+00:00","dateModified":"2016-03-25T09:36:31+00:00","mainEntityOfPage":{"@id":"https:\/\/www.swiftcupeurope.com\/en\/2016\/uncategorized\/folytatodott-a-tesztideny-slovakiaring\/"},"wordCount":175,"commentCount":0,"publisher":{"@id":"https:\/\/www.swiftcupeurope.com\/#organization"},"inLanguage":"en-US","potentialAction":[{"@type":"CommentAction","name":"Comment","target":["https:\/\/www.swiftcupeurope.com\/en\/2016\/uncategorized\/folytatodott-a-tesztideny-slovakiaring\/#respond"]}]},{"@type":"WebPage","@id":"https:\/\/www.swiftcupeurope.com\/en\/2016\/uncategorized\/folytatodott-a-tesztideny-slovakiaring\/","url":"https:\/\/www.swiftcupeurope.com\/en\/2016\/uncategorized\/folytatodott-a-tesztideny-slovakiaring\/","name":"Folytat\u00f3dott a tesztid\u00e9ny, Slovakiaring - FIA Swift Cup Europe","isPartOf":{"@id":"https:\/\/www.swiftcupeurope.com\/#website"},"datePublished":"2016-03-25T09:36:31+00:00","dateModified":"2016-03-25T09:36:31+00:00","breadcrumb":{"@id":"https:\/\/www.swiftcupeurope.com\/en\/2016\/uncategorized\/folytatodott-a-tesztideny-slovakiaring\/#breadcrumb"},"inLanguage":"en-US","potentialAction":[{"@type":"ReadAction","target":["https:\/\/www.swiftcupeurope.com\/en\/2016\/uncategorized\/folytatodott-a-tesztideny-slovakiaring\/"]}]},{"@type":"BreadcrumbList","@id":"https:\/\/www.swiftcupeurope.com\/en\/2016\/uncategorized\/folytatodott-a-tesztideny-slovakiaring\/#breadcrumb","itemListElement":[{"@type":"ListItem","position":1,"name":"Kezd\u0151lap","item":"https:\/\/www.swiftcupeurope.com\/"},{"@type":"ListItem","position":2,"name":"Folytat\u00f3dott a tesztid\u00e9ny, Slovakiaring"}]},{"@type":"WebSite","@id":"https:\/\/www.swiftcupeurope.com\/#website","url":"https:\/\/www.swiftcupeurope.com\/","name":"FIA Swift Cup Europe","description":"FIA Swift Cup Europe \/ Official Website","publisher":{"@id":"https:\/\/www.swiftcupeurope.com\/#organization"},"potentialAction":[{"@type":"SearchAction","target":{"@type":"EntryPoint","urlTemplate":"https:\/\/www.swiftcupeurope.com\/?s={search_term_string}"},"query-input":"required name=search_term_string"}],"inLanguage":"en-US"},{"@type":"Organization","@id":"https:\/\/www.swiftcupeurope.com\/#organization","name":"FIA Swift Cup Europe","url":"https:\/\/www.swiftcupeurope.com\/","logo":{"@type":"ImageObject","inLanguage":"en-US","@id":"https:\/\/www.swiftcupeurope.com\/#\/schema\/logo\/image\/","url":"https:\/\/www.swiftcupeurope.com\/wp-content\/uploads\/2021\/04\/cropped-sce_logo_2021inv.png","contentUrl":"https:\/\/www.swiftcupeurope.com\/wp-content\/uploads\/2021\/04\/cropped-sce_logo_2021inv.png","width":600,"height":120,"caption":"FIA Swift Cup Europe"},"image":{"@id":"https:\/\/www.swiftcupeurope.com\/#\/schema\/logo\/image\/"}},{"@type":"Person","@id":"https:\/\/www.swiftcupeurope.com\/#\/schema\/person\/03cb2427aeeeeac4a49a03160d04e8fe","name":"swiftcupeurope","url":"https:\/\/www.swiftcupeurope.com\/en\/author\/swiftcupeurope\/"}]}},"_links":{"self":[{"href":"https:\/\/www.swiftcupeurope.com\/en\/wp-json\/wp\/v2\/posts\/2627"}],"collection":[{"href":"https:\/\/www.swiftcupeurope.com\/en\/wp-json\/wp\/v2\/posts"}],"about":[{"href":"https:\/\/www.swiftcupeurope.com\/en\/wp-json\/wp\/v2\/types\/post"}],"author":[{"embeddable":true,"href":"https:\/\/www.swiftcupeurope.com\/en\/wp-json\/wp\/v2\/users\/2"}],"replies":[{"embeddable":true,"href":"https:\/\/www.swiftcupeurope.com\/en\/wp-json\/wp\/v2\/comments?post=2627"}],"version-history":[{"count":0,"href":"https:\/\/www.swiftcupeurope.com\/en\/wp-json\/wp\/v2\/posts\/2627\/revisions"}],"wp:featuredmedia":[{"embeddable":true,"href":"https:\/\/www.swiftcupeurope.com\/en\/wp-json\/wp\/v2\/media\/2628"}],"wp:attachment":[{"href":"https:\/\/www.swiftcupeurope.com\/en\/wp-json\/wp\/v2\/media?parent=2627"}],"wp:term":[{"taxonomy":"category","embeddable":true,"href":"https:\/\/www.swiftcupeurope.com\/en\/wp-json\/wp\/v2\/categories?post=2627"},{"taxonomy":"post_tag","embeddable":true,"href":"https:\/\/www.swiftcupeurope.com\/en\/wp-json\/wp\/v2\/tags?post=2627"}],"curies":[{"name":"wp","href":"https:\/\/api.w.org\/{rel}","templated":true}]}}