{"id":2603,"date":"2016-03-14T17:27:13","date_gmt":"2016-03-14T17:27:13","guid":{"rendered":"http:\/\/swiftcupeurope.com\/?p=2603"},"modified":"2016-03-14T17:27:13","modified_gmt":"2016-03-14T17:27:13","slug":"a-racestar-2016-harminc-magyar-dontose","status":"publish","type":"post","link":"https:\/\/www.swiftcupeurope.com\/en\/2016\/uncategorized\/a-racestar-2016-harminc-magyar-dontose\/","title":{"rendered":"A RaceStar 2016 harminc magyar d\u00f6nt\u0151se"},"content":{"rendered":"<p>Febru\u00e1r 27-t\u0151l M\u00e1rcius 13-ig tartott a RaceStar 2016 selejtez\u0151 k\u00f6re, \u00e9s ma bemutatjuk, kik azok a fiatal tehets\u00e9gek, akik haz\u00e1nkb\u00f3l jutottak ki a Szlov\u00e1kiai d\u00f6nt\u0151be. Nyolc helysz\u00ednr\u0151l 30 pil\u00f3ta indulni neki a nagy kalandnak, amelynek v\u00e9g\u00e9n valakib\u0151l igazi versenyz\u0151 v\u00e1lik.<\/p>\n<p>A f\u0151d\u00edj egy teljes szezon az FIA Swift Cup Europe-ban!<\/p>\n<p style=\"text-align: center;\"><strong>D\u00f6nt\u0151s\u00f6k:<\/strong><\/p>\n<div><strong>Flashkart<\/strong><\/div>\n<div>Fodor \u00c1rp\u00e1d<\/div>\n<div>R\u00e9bb Kriszti\u00e1n<\/div>\n<div>Hotzi B\u00e1lint<\/div>\n<div><\/div>\n<p>&nbsp;<\/p>\n<div><strong>Kart Ar\u00e9na<\/strong><\/div>\n<div>Moln\u00e1r D\u00e1niel<\/div>\n<div>Kov\u00e1cs L\u00e1szl\u00f3<\/div>\n<div>Kov\u00e1cs G\u00e1bor<\/div>\n<div>Czirkos D\u00e1niel<\/div>\n<div><\/div>\n<p>&nbsp;<\/p>\n<div><strong>Top Driver School<\/strong><\/div>\n<div>Stribik R\u00f3bert<\/div>\n<div>Tenke Tam\u00e1s<\/div>\n<div>Beny\u00f3 M\u00e1t\u00e9<\/div>\n<div>Lengyel Martin<\/div>\n<div><\/div>\n<p>&nbsp;<\/p>\n<div><strong>Hell Kart<\/strong><\/div>\n<div>V\u00e9ghelyi \u00c1d\u00e1m<\/div>\n<div>Hefler R\u00f3bert<\/div>\n<div>Pongor Gerg\u0151<\/div>\n<div>Fazekas L\u00e1szl\u00f3<\/div>\n<div><\/div>\n<p>&nbsp;<\/p>\n<div><strong>Gokartring<\/strong><\/div>\n<div>Ga\u00e1l Andr\u00e1s<\/div>\n<div>T\u00f3th D\u00e1niel<\/div>\n<div>Szab\u00f3 \u00c1rp\u00e1d<\/div>\n<div>Zolt\u00e1n Kevin<\/div>\n<div><\/div>\n<p>&nbsp;<\/p>\n<div><strong>G1 Kart Center<\/strong><\/div>\n<div>Sebesty\u00e9n R\u00f3bert<\/div>\n<div>Ballai M\u00e1t\u00e9<\/div>\n<div>Dud\u00e1s Bence<\/div>\n<div>Moln\u00e1r Bendeg\u00faz<\/div>\n<div><\/div>\n<p>&nbsp;<\/p>\n<div><strong>Ekart Ring<\/strong><\/div>\n<div>Kov\u00e1cs Krist\u00f3f<\/div>\n<div>Marci Kankovszky<\/div>\n<div>Farag\u00f3 \u00c1kos<\/div>\n<div><\/div>\n<p>&nbsp;<\/p>\n<div><strong>SIMCO<\/strong><br \/>\nKiss Bal\u00e1zs<br \/>\nHoldampf M\u00e1rk<br \/>\nEgerv\u00e1ri Gergely<br \/>\nBer\u00e9nyi Szabolcs<\/div>","protected":false},"excerpt":{"rendered":"<p>Febru\u00e1r 27-t\u0151l M\u00e1rcius 13-ig tartott a RaceStar 2016 selejtez\u0151 k\u00f6re, \u00e9s ma bemutatjuk, kik azok a fiatal tehets\u00e9gek, akik haz\u00e1nkb\u00f3l jutottak ki a Szlov\u00e1kiai d\u00f6nt\u0151be. Nyolc helysz\u00ednr\u0151l 30 pil\u00f3ta indulni neki a nagy kalandnak, amelynek v\u00e9g\u00e9n valakib\u0151l igazi versenyz\u0151 v\u00e1lik. A f\u0151d\u00edj egy teljes szezon az FIA Swift Cup Europe-ban! D\u00f6nt\u0151s\u00f6k: Flashkart Fodor \u00c1rp\u00e1d R\u00e9bb [&hellip;]<\/p>","protected":false},"author":2,"featured_media":2604,"comment_status":"open","ping_status":"open","sticky":false,"template":"","format":"standard","meta":{"footnotes":""},"categories":[1],"tags":[],"yoast_head":"<!-- This site is optimized with the Yoast SEO Premium plugin v21.1 (Yoast SEO v21.7) - https:\/\/yoast.com\/wordpress\/plugins\/seo\/ -->\n<title>A RaceStar 2016 harminc magyar d\u00f6nt\u0151se - FIA Swift Cup Europe<\/title>\n<meta name=\"robots\" content=\"index, follow, max-snippet:-1, max-image-preview:large, max-video-preview:-1\" \/>\n<link rel=\"canonical\" href=\"https:\/\/www.swiftcupeurope.com\/en\/2016\/uncategorized\/a-racestar-2016-harminc-magyar-dontose\/\" \/>\n<meta property=\"og:locale\" content=\"en_US\" \/>\n<meta property=\"og:type\" content=\"article\" \/>\n<meta property=\"og:title\" content=\"A RaceStar 2016 harminc magyar d\u00f6nt\u0151se\" \/>\n<meta property=\"og:description\" content=\"Febru\u00e1r 27-t\u0151l M\u00e1rcius 13-ig tartott a RaceStar 2016 selejtez\u0151 k\u00f6re, \u00e9s ma bemutatjuk, kik azok a fiatal tehets\u00e9gek, akik haz\u00e1nkb\u00f3l jutottak ki a Szlov\u00e1kiai d\u00f6nt\u0151be. Nyolc helysz\u00ednr\u0151l 30 pil\u00f3ta indulni neki a nagy kalandnak, amelynek v\u00e9g\u00e9n valakib\u0151l igazi versenyz\u0151 v\u00e1lik. A f\u0151d\u00edj egy teljes szezon az FIA Swift Cup Europe-ban! D\u00f6nt\u0151s\u00f6k: Flashkart Fodor \u00c1rp\u00e1d R\u00e9bb [&hellip;]\" \/>\n<meta property=\"og:url\" content=\"https:\/\/www.swiftcupeurope.com\/en\/2016\/uncategorized\/a-racestar-2016-harminc-magyar-dontose\/\" \/>\n<meta property=\"og:site_name\" content=\"FIA Swift Cup Europe\" \/>\n<meta property=\"article:published_time\" content=\"2016-03-14T17:27:13+00:00\" \/>\n<meta property=\"og:image\" content=\"https:\/\/www.swiftcupeurope.com\/wp-content\/uploads\/2016\/03\/sup_fin.jpg\" \/>\n\t<meta property=\"og:image:width\" content=\"1591\" \/>\n\t<meta property=\"og:image:height\" content=\"632\" \/>\n\t<meta property=\"og:image:type\" content=\"image\/jpeg\" \/>\n<meta name=\"author\" content=\"swiftcupeurope\" \/>\n<meta name=\"twitter:card\" content=\"summary_large_image\" \/>\n<meta name=\"twitter:label1\" content=\"Written by\" \/>\n\t<meta name=\"twitter:data1\" content=\"swiftcupeurope\" \/>\n\t<meta name=\"twitter:label2\" content=\"Est. reading time\" \/>\n\t<meta name=\"twitter:data2\" content=\"1 minute\" \/>\n<script type=\"application\/ld+json\" class=\"yoast-schema-graph\">{\"@context\":\"https:\/\/schema.org\",\"@graph\":[{\"@type\":\"Article\",\"@id\":\"https:\/\/www.swiftcupeurope.com\/en\/2016\/uncategorized\/a-racestar-2016-harminc-magyar-dontose\/#article\",\"isPartOf\":{\"@id\":\"https:\/\/www.swiftcupeurope.com\/en\/2016\/uncategorized\/a-racestar-2016-harminc-magyar-dontose\/\"},\"author\":{\"name\":\"swiftcupeurope\",\"@id\":\"https:\/\/www.swiftcupeurope.com\/#\/schema\/person\/03cb2427aeeeeac4a49a03160d04e8fe\"},\"headline\":\"A RaceStar 2016 harminc magyar d\u00f6nt\u0151se\",\"datePublished\":\"2016-03-14T17:27:13+00:00\",\"dateModified\":\"2016-03-14T17:27:13+00:00\",\"mainEntityOfPage\":{\"@id\":\"https:\/\/www.swiftcupeurope.com\/en\/2016\/uncategorized\/a-racestar-2016-harminc-magyar-dontose\/\"},\"wordCount\":197,\"commentCount\":0,\"publisher\":{\"@id\":\"https:\/\/www.swiftcupeurope.com\/#organization\"},\"inLanguage\":\"en-US\",\"potentialAction\":[{\"@type\":\"CommentAction\",\"name\":\"Comment\",\"target\":[\"https:\/\/www.swiftcupeurope.com\/en\/2016\/uncategorized\/a-racestar-2016-harminc-magyar-dontose\/#respond\"]}]},{\"@type\":\"WebPage\",\"@id\":\"https:\/\/www.swiftcupeurope.com\/en\/2016\/uncategorized\/a-racestar-2016-harminc-magyar-dontose\/\",\"url\":\"https:\/\/www.swiftcupeurope.com\/en\/2016\/uncategorized\/a-racestar-2016-harminc-magyar-dontose\/\",\"name\":\"A RaceStar 2016 harminc magyar d\u00f6nt\u0151se - FIA Swift Cup Europe\",\"isPartOf\":{\"@id\":\"https:\/\/www.swiftcupeurope.com\/#website\"},\"datePublished\":\"2016-03-14T17:27:13+00:00\",\"dateModified\":\"2016-03-14T17:27:13+00:00\",\"breadcrumb\":{\"@id\":\"https:\/\/www.swiftcupeurope.com\/en\/2016\/uncategorized\/a-racestar-2016-harminc-magyar-dontose\/#breadcrumb\"},\"inLanguage\":\"en-US\",\"potentialAction\":[{\"@type\":\"ReadAction\",\"target\":[\"https:\/\/www.swiftcupeurope.com\/en\/2016\/uncategorized\/a-racestar-2016-harminc-magyar-dontose\/\"]}]},{\"@type\":\"BreadcrumbList\",\"@id\":\"https:\/\/www.swiftcupeurope.com\/en\/2016\/uncategorized\/a-racestar-2016-harminc-magyar-dontose\/#breadcrumb\",\"itemListElement\":[{\"@type\":\"ListItem\",\"position\":1,\"name\":\"Kezd\u0151lap\",\"item\":\"https:\/\/www.swiftcupeurope.com\/\"},{\"@type\":\"ListItem\",\"position\":2,\"name\":\"A RaceStar 2016 harminc magyar d\u00f6nt\u0151se\"}]},{\"@type\":\"WebSite\",\"@id\":\"https:\/\/www.swiftcupeurope.com\/#website\",\"url\":\"https:\/\/www.swiftcupeurope.com\/\",\"name\":\"FIA Swift Cup Europe\",\"description\":\"FIA Swift Cup Europe \/ Official Website\",\"publisher\":{\"@id\":\"https:\/\/www.swiftcupeurope.com\/#organization\"},\"potentialAction\":[{\"@type\":\"SearchAction\",\"target\":{\"@type\":\"EntryPoint\",\"urlTemplate\":\"https:\/\/www.swiftcupeurope.com\/?s={search_term_string}\"},\"query-input\":\"required name=search_term_string\"}],\"inLanguage\":\"en-US\"},{\"@type\":\"Organization\",\"@id\":\"https:\/\/www.swiftcupeurope.com\/#organization\",\"name\":\"FIA Swift Cup Europe\",\"url\":\"https:\/\/www.swiftcupeurope.com\/\",\"logo\":{\"@type\":\"ImageObject\",\"inLanguage\":\"en-US\",\"@id\":\"https:\/\/www.swiftcupeurope.com\/#\/schema\/logo\/image\/\",\"url\":\"https:\/\/www.swiftcupeurope.com\/wp-content\/uploads\/2021\/04\/cropped-sce_logo_2021inv.png\",\"contentUrl\":\"https:\/\/www.swiftcupeurope.com\/wp-content\/uploads\/2021\/04\/cropped-sce_logo_2021inv.png\",\"width\":600,\"height\":120,\"caption\":\"FIA Swift Cup Europe\"},\"image\":{\"@id\":\"https:\/\/www.swiftcupeurope.com\/#\/schema\/logo\/image\/\"}},{\"@type\":\"Person\",\"@id\":\"https:\/\/www.swiftcupeurope.com\/#\/schema\/person\/03cb2427aeeeeac4a49a03160d04e8fe\",\"name\":\"swiftcupeurope\",\"url\":\"https:\/\/www.swiftcupeurope.com\/en\/author\/swiftcupeurope\/\"}]}<\/script>\n<!-- \/ Yoast SEO Premium plugin. -->","yoast_head_json":{"title":"A RaceStar 2016 harminc magyar d\u00f6nt\u0151se - FIA Swift Cup Europe","robots":{"index":"index","follow":"follow","max-snippet":"max-snippet:-1","max-image-preview":"max-image-preview:large","max-video-preview":"max-video-preview:-1"},"canonical":"https:\/\/www.swiftcupeurope.com\/en\/2016\/uncategorized\/a-racestar-2016-harminc-magyar-dontose\/","og_locale":"en_US","og_type":"article","og_title":"A RaceStar 2016 harminc magyar d\u00f6nt\u0151se","og_description":"Febru\u00e1r 27-t\u0151l M\u00e1rcius 13-ig tartott a RaceStar 2016 selejtez\u0151 k\u00f6re, \u00e9s ma bemutatjuk, kik azok a fiatal tehets\u00e9gek, akik haz\u00e1nkb\u00f3l jutottak ki a Szlov\u00e1kiai d\u00f6nt\u0151be. Nyolc helysz\u00ednr\u0151l 30 pil\u00f3ta indulni neki a nagy kalandnak, amelynek v\u00e9g\u00e9n valakib\u0151l igazi versenyz\u0151 v\u00e1lik. A f\u0151d\u00edj egy teljes szezon az FIA Swift Cup Europe-ban! D\u00f6nt\u0151s\u00f6k: Flashkart Fodor \u00c1rp\u00e1d R\u00e9bb [&hellip;]","og_url":"https:\/\/www.swiftcupeurope.com\/en\/2016\/uncategorized\/a-racestar-2016-harminc-magyar-dontose\/","og_site_name":"FIA Swift Cup Europe","article_published_time":"2016-03-14T17:27:13+00:00","og_image":[{"width":1591,"height":632,"url":"https:\/\/www.swiftcupeurope.com\/wp-content\/uploads\/2016\/03\/sup_fin.jpg","type":"image\/jpeg"}],"author":"swiftcupeurope","twitter_card":"summary_large_image","twitter_misc":{"Written by":"swiftcupeurope","Est. reading time":"1 minute"},"schema":{"@context":"https:\/\/schema.org","@graph":[{"@type":"Article","@id":"https:\/\/www.swiftcupeurope.com\/en\/2016\/uncategorized\/a-racestar-2016-harminc-magyar-dontose\/#article","isPartOf":{"@id":"https:\/\/www.swiftcupeurope.com\/en\/2016\/uncategorized\/a-racestar-2016-harminc-magyar-dontose\/"},"author":{"name":"swiftcupeurope","@id":"https:\/\/www.swiftcupeurope.com\/#\/schema\/person\/03cb2427aeeeeac4a49a03160d04e8fe"},"headline":"A RaceStar 2016 harminc magyar d\u00f6nt\u0151se","datePublished":"2016-03-14T17:27:13+00:00","dateModified":"2016-03-14T17:27:13+00:00","mainEntityOfPage":{"@id":"https:\/\/www.swiftcupeurope.com\/en\/2016\/uncategorized\/a-racestar-2016-harminc-magyar-dontose\/"},"wordCount":197,"commentCount":0,"publisher":{"@id":"https:\/\/www.swiftcupeurope.com\/#organization"},"inLanguage":"en-US","potentialAction":[{"@type":"CommentAction","name":"Comment","target":["https:\/\/www.swiftcupeurope.com\/en\/2016\/uncategorized\/a-racestar-2016-harminc-magyar-dontose\/#respond"]}]},{"@type":"WebPage","@id":"https:\/\/www.swiftcupeurope.com\/en\/2016\/uncategorized\/a-racestar-2016-harminc-magyar-dontose\/","url":"https:\/\/www.swiftcupeurope.com\/en\/2016\/uncategorized\/a-racestar-2016-harminc-magyar-dontose\/","name":"A RaceStar 2016 harminc magyar d\u00f6nt\u0151se - FIA Swift Cup Europe","isPartOf":{"@id":"https:\/\/www.swiftcupeurope.com\/#website"},"datePublished":"2016-03-14T17:27:13+00:00","dateModified":"2016-03-14T17:27:13+00:00","breadcrumb":{"@id":"https:\/\/www.swiftcupeurope.com\/en\/2016\/uncategorized\/a-racestar-2016-harminc-magyar-dontose\/#breadcrumb"},"inLanguage":"en-US","potentialAction":[{"@type":"ReadAction","target":["https:\/\/www.swiftcupeurope.com\/en\/2016\/uncategorized\/a-racestar-2016-harminc-magyar-dontose\/"]}]},{"@type":"BreadcrumbList","@id":"https:\/\/www.swiftcupeurope.com\/en\/2016\/uncategorized\/a-racestar-2016-harminc-magyar-dontose\/#breadcrumb","itemListElement":[{"@type":"ListItem","position":1,"name":"Kezd\u0151lap","item":"https:\/\/www.swiftcupeurope.com\/"},{"@type":"ListItem","position":2,"name":"A RaceStar 2016 harminc magyar d\u00f6nt\u0151se"}]},{"@type":"WebSite","@id":"https:\/\/www.swiftcupeurope.com\/#website","url":"https:\/\/www.swiftcupeurope.com\/","name":"FIA Swift Cup Europe","description":"FIA Swift Cup Europe \/ Official Website","publisher":{"@id":"https:\/\/www.swiftcupeurope.com\/#organization"},"potentialAction":[{"@type":"SearchAction","target":{"@type":"EntryPoint","urlTemplate":"https:\/\/www.swiftcupeurope.com\/?s={search_term_string}"},"query-input":"required name=search_term_string"}],"inLanguage":"en-US"},{"@type":"Organization","@id":"https:\/\/www.swiftcupeurope.com\/#organization","name":"FIA Swift Cup Europe","url":"https:\/\/www.swiftcupeurope.com\/","logo":{"@type":"ImageObject","inLanguage":"en-US","@id":"https:\/\/www.swiftcupeurope.com\/#\/schema\/logo\/image\/","url":"https:\/\/www.swiftcupeurope.com\/wp-content\/uploads\/2021\/04\/cropped-sce_logo_2021inv.png","contentUrl":"https:\/\/www.swiftcupeurope.com\/wp-content\/uploads\/2021\/04\/cropped-sce_logo_2021inv.png","width":600,"height":120,"caption":"FIA Swift Cup Europe"},"image":{"@id":"https:\/\/www.swiftcupeurope.com\/#\/schema\/logo\/image\/"}},{"@type":"Person","@id":"https:\/\/www.swiftcupeurope.com\/#\/schema\/person\/03cb2427aeeeeac4a49a03160d04e8fe","name":"swiftcupeurope","url":"https:\/\/www.swiftcupeurope.com\/en\/author\/swiftcupeurope\/"}]}},"_links":{"self":[{"href":"https:\/\/www.swiftcupeurope.com\/en\/wp-json\/wp\/v2\/posts\/2603"}],"collection":[{"href":"https:\/\/www.swiftcupeurope.com\/en\/wp-json\/wp\/v2\/posts"}],"about":[{"href":"https:\/\/www.swiftcupeurope.com\/en\/wp-json\/wp\/v2\/types\/post"}],"author":[{"embeddable":true,"href":"https:\/\/www.swiftcupeurope.com\/en\/wp-json\/wp\/v2\/users\/2"}],"replies":[{"embeddable":true,"href":"https:\/\/www.swiftcupeurope.com\/en\/wp-json\/wp\/v2\/comments?post=2603"}],"version-history":[{"count":0,"href":"https:\/\/www.swiftcupeurope.com\/en\/wp-json\/wp\/v2\/posts\/2603\/revisions"}],"wp:featuredmedia":[{"embeddable":true,"href":"https:\/\/www.swiftcupeurope.com\/en\/wp-json\/wp\/v2\/media\/2604"}],"wp:attachment":[{"href":"https:\/\/www.swiftcupeurope.com\/en\/wp-json\/wp\/v2\/media?parent=2603"}],"wp:term":[{"taxonomy":"category","embeddable":true,"href":"https:\/\/www.swiftcupeurope.com\/en\/wp-json\/wp\/v2\/categories?post=2603"},{"taxonomy":"post_tag","embeddable":true,"href":"https:\/\/www.swiftcupeurope.com\/en\/wp-json\/wp\/v2\/tags?post=2603"}],"curies":[{"name":"wp","href":"https:\/\/api.w.org\/{rel}","templated":true}]}}