{"id":2586,"date":"2016-03-07T13:00:36","date_gmt":"2016-03-07T13:00:36","guid":{"rendered":"http:\/\/swiftcupeurope.com\/?p=2586"},"modified":"2016-03-07T13:00:36","modified_gmt":"2016-03-07T13:00:36","slug":"ket-csapat-is-a-pannonia-ringen-tesztelt","status":"publish","type":"post","link":"https:\/\/www.swiftcupeurope.com\/en\/2016\/uncategorized\/ket-csapat-is-a-pannonia-ringen-tesztelt\/","title":{"rendered":"K\u00e9t csapat is a Pannonia-Ringen tesztelt"},"content":{"rendered":"<p>Meg\u00e9rkezett a tavasz, ami azt jelenti, hogy a csapatok megkezdt\u00e9k a felk\u00e9sz\u00fcl\u00e9st a szezonra. Els\u0151k\u00e9nt az Apex Racing l\u00e1togatott el a S\u00e1rv\u00e1r melletti Pannonia-Ring-re. Szeles, de sz\u00e1raz id\u0151ben kezdhette a felk\u00e9sz\u00fcl\u00e9st a csapat k\u00e9t idei versenyz\u0151je.<\/p>\n<p><img fetchpriority=\"high\" decoding=\"async\" class=\"alignleft size-medium wp-image-2589\" src=\"http:\/\/swiftcupeurope.com\/wp-content\/uploads\/2016\/03\/DSC_0029-300x169.jpg\" alt=\"DSC_0029\" width=\"300\" height=\"169\" \/>Forrai G\u00e1bor 2015-ben m\u00e1r teljes\u00edtett n\u00e9h\u00e1ny h\u00e9tv\u00e9g\u00e9t, s\u0151t futamot is nyert a Hungaroring-en. Id\u00e9n Tim G\u00e1bor seg\u00edti a felk\u00e9sz\u00fcl\u00e9s\u00e9t, aki 2015-ben 6 futamgy\u0151zelemmel mutatkozott a be a sorozatban, \u00e9s id\u00e9n egy \u00faj m\u00e1rkakup\u00e1ban fog versengeni.<\/p>\n<p><img decoding=\"async\" class=\"alignleft size-medium wp-image-2587\" src=\"http:\/\/swiftcupeurope.com\/wp-content\/uploads\/2016\/03\/DSC_0051-300x169.jpg\" alt=\"DSC_0051\" width=\"300\" height=\"169\" \/>Forrai \u00faj aut\u00f3j\u00e1val edzett, \u00e9s a nap v\u00e9g\u00e9re rendk\u00edv\u00fcl versenyk\u00e9pes id\u0151ket aut\u00f3zott. \u00dagy t\u0171nik, vele az \u00e9lmez\u0151nynek sz\u00e1molnia kell id\u00e9n.<\/p>\n<p>T\u00f6bb be\u00e1ll\u00edt\u00e1st is kipr\u00f3b\u00e1lt a csapata, \u00e9s egyre jobb k\u00f6rid\u0151ket produk\u00e1lt a nap folyam\u00e1n.<\/p>\n<p><img decoding=\"async\" class=\"alignleft size-medium wp-image-2590\" src=\"http:\/\/swiftcupeurope.com\/wp-content\/uploads\/2016\/03\/DSC_0009-300x169.jpg\" alt=\"DSC_0009\" width=\"300\" height=\"169\" \/>Csapatt\u00e1rsa, Merk J\u00f3zsef most indul el\u0151sz\u00f6r m\u00e1rkakup\u00e1ban, de nem kezd\u0151 versenyz\u0151. 2015-ben megnyerte a Magyar Bajnoks\u00e1got az F-1600-as kateg\u00f3ri\u00e1ban, \u00e9s az FIA K\u00f6z\u00e9p-Eur\u00f3pa Kupa bajnoka lett a D4-1600-as kateg\u00f3ri\u00e1ban.<\/p>\n<p>M\u00e1r vezette a Swift Cup Europe aut\u00f3t, de most volt az els\u0151 \u00e9les tesztje. Fokozatosan gyorsult, de m\u00e9g gyakorl\u00e1sra lesz sz\u00fcks\u00e9ge, amire m\u00e9g lesz lehet\u0151s\u00e9ge a szezon kezdete el\u0151tt. Term\u00e9szetesen az \u0150 felk\u00e9sz\u00fcl\u00e9s\u00e9t is Tim seg\u00edti.<\/p>\n<p><img loading=\"lazy\" decoding=\"async\" class=\"alignleft size-medium wp-image-2592\" src=\"http:\/\/swiftcupeurope.com\/wp-content\/uploads\/2016\/03\/12809967_996681720418397_1573883539_o-225x300.jpg\" alt=\"12809967_996681720418397_1573883539_o\" width=\"225\" height=\"300\" \/><span class=\"_5yl5\">Az Apex Racing-et a GFS Racing Team v\u00e1ltotta a p\u00e1ly\u00e1n, akik t\u00f6bb tapasztalt versenyz\u0151vel, \u00faj \u00e9s r\u00e9gi aut\u00f3kkal \u00e9rkeztek a m\u00e1r ismer\u0151snek sz\u00e1m\u00edt\u00f3 Pann\u00f3nia-Ringre. <\/span><\/p>\n<p><span class=\"_5yl5\">A t\u00e9li h\u00f3napok pihen\u00e9s\u00e9t k\u00f6vet\u0151en a k\u00e9t kup\u00e1s Swiftet M\u00e9sz\u00e1ros G\u00e1bor \u00e9s Egy\u00fcd G\u00e1bor tette pr\u00f3b\u00e1ra, amely sor\u00e1n az \u00e1tmozgat\u00e1s, \u00e9s a gyakorl\u00e1s volt a legf\u0151bb szempont. <\/span><\/p>\n<p><span class=\"_5yl5\">M\u00e9sz\u00e1ros G\u00e1bor aut\u00f3ja m\u00e9g \u00e9p\u00edt\u00e9s alatt \u00e1ll, \u00edgy a GFS a 2015-\u00f6s szezon egyik bajnoki aut\u00f3j\u00e1t biztos\u00edtotta sz\u00e1m\u00e1ra. G\u00e1bor, aki a nyolcadik lett a bajnoks\u00e1gban, kiv\u00e1l\u00f3 k\u00f6rid\u0151kkel kezdte meg a felk\u00e9sz\u00fcl\u00e9si id\u0151szakot, \u00edgy jelent\u0151s el\u0151rel\u00e9p\u00e9sre lehet sz\u00e1m\u00edtani a GFS versenyz\u0151j\u00e9t\u0151l.<br \/>\n<\/span><\/p>\n<p><span class=\"_5yl5\"><img loading=\"lazy\" decoding=\"async\" class=\"alignleft size-medium wp-image-2593\" src=\"http:\/\/swiftcupeurope.com\/wp-content\/uploads\/2016\/03\/12822958_996695187083717_779264538_o-300x259.jpg\" alt=\"12822958_996695187083717_779264538_o\" width=\"300\" height=\"259\" \/>A GFS m\u00e1sik pil\u00f3t\u00e1ja, Egy\u00fcd G\u00e1bor szint\u00e9n a gyakorl\u00e1snak szentelte m\u00e1rcius els\u0151 vas\u00e1rnapj\u00e1t. G\u00e1bor, b\u00e1r sz\u00fclet\u00e9si d\u00e1tuma alapj\u00e1n az egyik legid\u0151sebb pil\u00f3t\u00e1nk, a p\u00e1ly\u00e1n fiatalos lend\u00fcletes \u00e9s sportos temp\u00f3t dikt\u00e1lva g\u0151zer\u0151vel k\u00e9sz\u00fcl a bajnoks\u00e1g futamaira. <\/span><\/p>\n<p><span class=\"_5yl5\">Az FIA Swift Cup Europe pil\u00f3t\u00e1i nem \u00e1llnak meg, hiszen az \u00e1prilisi szezonnyit\u00f3 el\u0151tt m\u00e9g t\u00f6bb gyakorl\u00e1s \u00e9s teszt v\u00e1r r\u00e1juk: az els\u0151 mindj\u00e1rt m\u00e1rcius 22-23-\u00e1n a Slovakiaringen.<\/span><\/p>","protected":false},"excerpt":{"rendered":"<p>Meg\u00e9rkezett a tavasz, ami azt jelenti, hogy a csapatok megkezdt\u00e9k a felk\u00e9sz\u00fcl\u00e9st a szezonra. Els\u0151k\u00e9nt az Apex Racing l\u00e1togatott el a S\u00e1rv\u00e1r melletti Pannonia-Ring-re. Szeles, de sz\u00e1raz id\u0151ben kezdhette a felk\u00e9sz\u00fcl\u00e9st a csapat k\u00e9t idei versenyz\u0151je. Forrai G\u00e1bor 2015-ben m\u00e1r teljes\u00edtett n\u00e9h\u00e1ny h\u00e9tv\u00e9g\u00e9t, s\u0151t futamot is nyert a Hungaroring-en. Id\u00e9n Tim G\u00e1bor seg\u00edti a felk\u00e9sz\u00fcl\u00e9s\u00e9t, [&hellip;]<\/p>","protected":false},"author":2,"featured_media":2591,"comment_status":"open","ping_status":"open","sticky":false,"template":"","format":"standard","meta":{"footnotes":""},"categories":[1],"tags":[],"yoast_head":"<!-- This site is optimized with the Yoast SEO Premium plugin v21.1 (Yoast SEO v21.7) - https:\/\/yoast.com\/wordpress\/plugins\/seo\/ -->\n<title>K\u00e9t csapat is a Pannonia-Ringen tesztelt - FIA Swift Cup Europe<\/title>\n<meta name=\"robots\" content=\"index, follow, max-snippet:-1, max-image-preview:large, max-video-preview:-1\" \/>\n<link rel=\"canonical\" href=\"https:\/\/www.swiftcupeurope.com\/en\/2016\/uncategorized\/ket-csapat-is-a-pannonia-ringen-tesztelt\/\" \/>\n<meta property=\"og:locale\" content=\"en_US\" \/>\n<meta property=\"og:type\" content=\"article\" \/>\n<meta property=\"og:title\" content=\"K\u00e9t csapat is a Pannonia-Ringen tesztelt\" \/>\n<meta property=\"og:description\" content=\"Meg\u00e9rkezett a tavasz, ami azt jelenti, hogy a csapatok megkezdt\u00e9k a felk\u00e9sz\u00fcl\u00e9st a szezonra. Els\u0151k\u00e9nt az Apex Racing l\u00e1togatott el a S\u00e1rv\u00e1r melletti Pannonia-Ring-re. Szeles, de sz\u00e1raz id\u0151ben kezdhette a felk\u00e9sz\u00fcl\u00e9st a csapat k\u00e9t idei versenyz\u0151je. Forrai G\u00e1bor 2015-ben m\u00e1r teljes\u00edtett n\u00e9h\u00e1ny h\u00e9tv\u00e9g\u00e9t, s\u0151t futamot is nyert a Hungaroring-en. Id\u00e9n Tim G\u00e1bor seg\u00edti a felk\u00e9sz\u00fcl\u00e9s\u00e9t, [&hellip;]\" \/>\n<meta property=\"og:url\" content=\"https:\/\/www.swiftcupeurope.com\/en\/2016\/uncategorized\/ket-csapat-is-a-pannonia-ringen-tesztelt\/\" \/>\n<meta property=\"og:site_name\" content=\"FIA Swift Cup Europe\" \/>\n<meta property=\"article:published_time\" content=\"2016-03-07T13:00:36+00:00\" \/>\n<meta property=\"og:image\" content=\"https:\/\/www.swiftcupeurope.com\/wp-content\/uploads\/2016\/03\/DSC_0210.jpg\" \/>\n\t<meta property=\"og:image:width\" content=\"1280\" \/>\n\t<meta property=\"og:image:height\" content=\"720\" \/>\n\t<meta property=\"og:image:type\" content=\"image\/jpeg\" \/>\n<meta name=\"author\" content=\"swiftcupeurope\" \/>\n<meta name=\"twitter:card\" content=\"summary_large_image\" \/>\n<meta name=\"twitter:label1\" content=\"Written by\" \/>\n\t<meta name=\"twitter:data1\" content=\"swiftcupeurope\" \/>\n\t<meta name=\"twitter:label2\" content=\"Est. reading time\" \/>\n\t<meta name=\"twitter:data2\" content=\"3 minutes\" \/>\n<script type=\"application\/ld+json\" class=\"yoast-schema-graph\">{\"@context\":\"https:\/\/schema.org\",\"@graph\":[{\"@type\":\"Article\",\"@id\":\"https:\/\/www.swiftcupeurope.com\/en\/2016\/uncategorized\/ket-csapat-is-a-pannonia-ringen-tesztelt\/#article\",\"isPartOf\":{\"@id\":\"https:\/\/www.swiftcupeurope.com\/en\/2016\/uncategorized\/ket-csapat-is-a-pannonia-ringen-tesztelt\/\"},\"author\":{\"name\":\"swiftcupeurope\",\"@id\":\"https:\/\/www.swiftcupeurope.com\/#\/schema\/person\/03cb2427aeeeeac4a49a03160d04e8fe\"},\"headline\":\"K\u00e9t csapat is a Pannonia-Ringen tesztelt\",\"datePublished\":\"2016-03-07T13:00:36+00:00\",\"dateModified\":\"2016-03-07T13:00:36+00:00\",\"mainEntityOfPage\":{\"@id\":\"https:\/\/www.swiftcupeurope.com\/en\/2016\/uncategorized\/ket-csapat-is-a-pannonia-ringen-tesztelt\/\"},\"wordCount\":525,\"commentCount\":1,\"publisher\":{\"@id\":\"https:\/\/www.swiftcupeurope.com\/#organization\"},\"inLanguage\":\"en-US\",\"potentialAction\":[{\"@type\":\"CommentAction\",\"name\":\"Comment\",\"target\":[\"https:\/\/www.swiftcupeurope.com\/en\/2016\/uncategorized\/ket-csapat-is-a-pannonia-ringen-tesztelt\/#respond\"]}]},{\"@type\":\"WebPage\",\"@id\":\"https:\/\/www.swiftcupeurope.com\/en\/2016\/uncategorized\/ket-csapat-is-a-pannonia-ringen-tesztelt\/\",\"url\":\"https:\/\/www.swiftcupeurope.com\/en\/2016\/uncategorized\/ket-csapat-is-a-pannonia-ringen-tesztelt\/\",\"name\":\"K\u00e9t csapat is a Pannonia-Ringen tesztelt - FIA Swift Cup Europe\",\"isPartOf\":{\"@id\":\"https:\/\/www.swiftcupeurope.com\/#website\"},\"datePublished\":\"2016-03-07T13:00:36+00:00\",\"dateModified\":\"2016-03-07T13:00:36+00:00\",\"breadcrumb\":{\"@id\":\"https:\/\/www.swiftcupeurope.com\/en\/2016\/uncategorized\/ket-csapat-is-a-pannonia-ringen-tesztelt\/#breadcrumb\"},\"inLanguage\":\"en-US\",\"potentialAction\":[{\"@type\":\"ReadAction\",\"target\":[\"https:\/\/www.swiftcupeurope.com\/en\/2016\/uncategorized\/ket-csapat-is-a-pannonia-ringen-tesztelt\/\"]}]},{\"@type\":\"BreadcrumbList\",\"@id\":\"https:\/\/www.swiftcupeurope.com\/en\/2016\/uncategorized\/ket-csapat-is-a-pannonia-ringen-tesztelt\/#breadcrumb\",\"itemListElement\":[{\"@type\":\"ListItem\",\"position\":1,\"name\":\"Kezd\u0151lap\",\"item\":\"https:\/\/www.swiftcupeurope.com\/\"},{\"@type\":\"ListItem\",\"position\":2,\"name\":\"K\u00e9t csapat is a Pannonia-Ringen tesztelt\"}]},{\"@type\":\"WebSite\",\"@id\":\"https:\/\/www.swiftcupeurope.com\/#website\",\"url\":\"https:\/\/www.swiftcupeurope.com\/\",\"name\":\"FIA Swift Cup Europe\",\"description\":\"FIA Swift Cup Europe \/ Official Website\",\"publisher\":{\"@id\":\"https:\/\/www.swiftcupeurope.com\/#organization\"},\"potentialAction\":[{\"@type\":\"SearchAction\",\"target\":{\"@type\":\"EntryPoint\",\"urlTemplate\":\"https:\/\/www.swiftcupeurope.com\/?s={search_term_string}\"},\"query-input\":\"required name=search_term_string\"}],\"inLanguage\":\"en-US\"},{\"@type\":\"Organization\",\"@id\":\"https:\/\/www.swiftcupeurope.com\/#organization\",\"name\":\"FIA Swift Cup Europe\",\"url\":\"https:\/\/www.swiftcupeurope.com\/\",\"logo\":{\"@type\":\"ImageObject\",\"inLanguage\":\"en-US\",\"@id\":\"https:\/\/www.swiftcupeurope.com\/#\/schema\/logo\/image\/\",\"url\":\"https:\/\/www.swiftcupeurope.com\/wp-content\/uploads\/2021\/04\/cropped-sce_logo_2021inv.png\",\"contentUrl\":\"https:\/\/www.swiftcupeurope.com\/wp-content\/uploads\/2021\/04\/cropped-sce_logo_2021inv.png\",\"width\":600,\"height\":120,\"caption\":\"FIA Swift Cup Europe\"},\"image\":{\"@id\":\"https:\/\/www.swiftcupeurope.com\/#\/schema\/logo\/image\/\"}},{\"@type\":\"Person\",\"@id\":\"https:\/\/www.swiftcupeurope.com\/#\/schema\/person\/03cb2427aeeeeac4a49a03160d04e8fe\",\"name\":\"swiftcupeurope\",\"url\":\"https:\/\/www.swiftcupeurope.com\/en\/author\/swiftcupeurope\/\"}]}<\/script>\n<!-- \/ Yoast SEO Premium plugin. -->","yoast_head_json":{"title":"K\u00e9t csapat is a Pannonia-Ringen tesztelt - FIA Swift Cup Europe","robots":{"index":"index","follow":"follow","max-snippet":"max-snippet:-1","max-image-preview":"max-image-preview:large","max-video-preview":"max-video-preview:-1"},"canonical":"https:\/\/www.swiftcupeurope.com\/en\/2016\/uncategorized\/ket-csapat-is-a-pannonia-ringen-tesztelt\/","og_locale":"en_US","og_type":"article","og_title":"K\u00e9t csapat is a Pannonia-Ringen tesztelt","og_description":"Meg\u00e9rkezett a tavasz, ami azt jelenti, hogy a csapatok megkezdt\u00e9k a felk\u00e9sz\u00fcl\u00e9st a szezonra. Els\u0151k\u00e9nt az Apex Racing l\u00e1togatott el a S\u00e1rv\u00e1r melletti Pannonia-Ring-re. Szeles, de sz\u00e1raz id\u0151ben kezdhette a felk\u00e9sz\u00fcl\u00e9st a csapat k\u00e9t idei versenyz\u0151je. Forrai G\u00e1bor 2015-ben m\u00e1r teljes\u00edtett n\u00e9h\u00e1ny h\u00e9tv\u00e9g\u00e9t, s\u0151t futamot is nyert a Hungaroring-en. Id\u00e9n Tim G\u00e1bor seg\u00edti a felk\u00e9sz\u00fcl\u00e9s\u00e9t, [&hellip;]","og_url":"https:\/\/www.swiftcupeurope.com\/en\/2016\/uncategorized\/ket-csapat-is-a-pannonia-ringen-tesztelt\/","og_site_name":"FIA Swift Cup Europe","article_published_time":"2016-03-07T13:00:36+00:00","og_image":[{"width":1280,"height":720,"url":"https:\/\/www.swiftcupeurope.com\/wp-content\/uploads\/2016\/03\/DSC_0210.jpg","type":"image\/jpeg"}],"author":"swiftcupeurope","twitter_card":"summary_large_image","twitter_misc":{"Written by":"swiftcupeurope","Est. reading time":"3 minutes"},"schema":{"@context":"https:\/\/schema.org","@graph":[{"@type":"Article","@id":"https:\/\/www.swiftcupeurope.com\/en\/2016\/uncategorized\/ket-csapat-is-a-pannonia-ringen-tesztelt\/#article","isPartOf":{"@id":"https:\/\/www.swiftcupeurope.com\/en\/2016\/uncategorized\/ket-csapat-is-a-pannonia-ringen-tesztelt\/"},"author":{"name":"swiftcupeurope","@id":"https:\/\/www.swiftcupeurope.com\/#\/schema\/person\/03cb2427aeeeeac4a49a03160d04e8fe"},"headline":"K\u00e9t csapat is a Pannonia-Ringen tesztelt","datePublished":"2016-03-07T13:00:36+00:00","dateModified":"2016-03-07T13:00:36+00:00","mainEntityOfPage":{"@id":"https:\/\/www.swiftcupeurope.com\/en\/2016\/uncategorized\/ket-csapat-is-a-pannonia-ringen-tesztelt\/"},"wordCount":525,"commentCount":1,"publisher":{"@id":"https:\/\/www.swiftcupeurope.com\/#organization"},"inLanguage":"en-US","potentialAction":[{"@type":"CommentAction","name":"Comment","target":["https:\/\/www.swiftcupeurope.com\/en\/2016\/uncategorized\/ket-csapat-is-a-pannonia-ringen-tesztelt\/#respond"]}]},{"@type":"WebPage","@id":"https:\/\/www.swiftcupeurope.com\/en\/2016\/uncategorized\/ket-csapat-is-a-pannonia-ringen-tesztelt\/","url":"https:\/\/www.swiftcupeurope.com\/en\/2016\/uncategorized\/ket-csapat-is-a-pannonia-ringen-tesztelt\/","name":"K\u00e9t csapat is a Pannonia-Ringen tesztelt - FIA Swift Cup Europe","isPartOf":{"@id":"https:\/\/www.swiftcupeurope.com\/#website"},"datePublished":"2016-03-07T13:00:36+00:00","dateModified":"2016-03-07T13:00:36+00:00","breadcrumb":{"@id":"https:\/\/www.swiftcupeurope.com\/en\/2016\/uncategorized\/ket-csapat-is-a-pannonia-ringen-tesztelt\/#breadcrumb"},"inLanguage":"en-US","potentialAction":[{"@type":"ReadAction","target":["https:\/\/www.swiftcupeurope.com\/en\/2016\/uncategorized\/ket-csapat-is-a-pannonia-ringen-tesztelt\/"]}]},{"@type":"BreadcrumbList","@id":"https:\/\/www.swiftcupeurope.com\/en\/2016\/uncategorized\/ket-csapat-is-a-pannonia-ringen-tesztelt\/#breadcrumb","itemListElement":[{"@type":"ListItem","position":1,"name":"Kezd\u0151lap","item":"https:\/\/www.swiftcupeurope.com\/"},{"@type":"ListItem","position":2,"name":"K\u00e9t csapat is a Pannonia-Ringen tesztelt"}]},{"@type":"WebSite","@id":"https:\/\/www.swiftcupeurope.com\/#website","url":"https:\/\/www.swiftcupeurope.com\/","name":"FIA Swift Cup Europe","description":"FIA Swift Cup Europe \/ Official Website","publisher":{"@id":"https:\/\/www.swiftcupeurope.com\/#organization"},"potentialAction":[{"@type":"SearchAction","target":{"@type":"EntryPoint","urlTemplate":"https:\/\/www.swiftcupeurope.com\/?s={search_term_string}"},"query-input":"required name=search_term_string"}],"inLanguage":"en-US"},{"@type":"Organization","@id":"https:\/\/www.swiftcupeurope.com\/#organization","name":"FIA Swift Cup Europe","url":"https:\/\/www.swiftcupeurope.com\/","logo":{"@type":"ImageObject","inLanguage":"en-US","@id":"https:\/\/www.swiftcupeurope.com\/#\/schema\/logo\/image\/","url":"https:\/\/www.swiftcupeurope.com\/wp-content\/uploads\/2021\/04\/cropped-sce_logo_2021inv.png","contentUrl":"https:\/\/www.swiftcupeurope.com\/wp-content\/uploads\/2021\/04\/cropped-sce_logo_2021inv.png","width":600,"height":120,"caption":"FIA Swift Cup Europe"},"image":{"@id":"https:\/\/www.swiftcupeurope.com\/#\/schema\/logo\/image\/"}},{"@type":"Person","@id":"https:\/\/www.swiftcupeurope.com\/#\/schema\/person\/03cb2427aeeeeac4a49a03160d04e8fe","name":"swiftcupeurope","url":"https:\/\/www.swiftcupeurope.com\/en\/author\/swiftcupeurope\/"}]}},"_links":{"self":[{"href":"https:\/\/www.swiftcupeurope.com\/en\/wp-json\/wp\/v2\/posts\/2586"}],"collection":[{"href":"https:\/\/www.swiftcupeurope.com\/en\/wp-json\/wp\/v2\/posts"}],"about":[{"href":"https:\/\/www.swiftcupeurope.com\/en\/wp-json\/wp\/v2\/types\/post"}],"author":[{"embeddable":true,"href":"https:\/\/www.swiftcupeurope.com\/en\/wp-json\/wp\/v2\/users\/2"}],"replies":[{"embeddable":true,"href":"https:\/\/www.swiftcupeurope.com\/en\/wp-json\/wp\/v2\/comments?post=2586"}],"version-history":[{"count":0,"href":"https:\/\/www.swiftcupeurope.com\/en\/wp-json\/wp\/v2\/posts\/2586\/revisions"}],"wp:featuredmedia":[{"embeddable":true,"href":"https:\/\/www.swiftcupeurope.com\/en\/wp-json\/wp\/v2\/media\/2591"}],"wp:attachment":[{"href":"https:\/\/www.swiftcupeurope.com\/en\/wp-json\/wp\/v2\/media?parent=2586"}],"wp:term":[{"taxonomy":"category","embeddable":true,"href":"https:\/\/www.swiftcupeurope.com\/en\/wp-json\/wp\/v2\/categories?post=2586"},{"taxonomy":"post_tag","embeddable":true,"href":"https:\/\/www.swiftcupeurope.com\/en\/wp-json\/wp\/v2\/tags?post=2586"}],"curies":[{"name":"wp","href":"https:\/\/api.w.org\/{rel}","templated":true}]}}