{"id":2573,"date":"2016-02-18T13:31:02","date_gmt":"2016-02-18T13:31:02","guid":{"rendered":"http:\/\/swiftcupeurope.com\/?p=2573"},"modified":"2016-02-18T13:31:02","modified_gmt":"2016-02-18T13:31:02","slug":"racestar-2016-ban-is-fodij-egy-teljes-szezon","status":"publish","type":"post","link":"https:\/\/www.swiftcupeurope.com\/en\/2016\/uncategorized\/racestar-2016-ban-is-fodij-egy-teljes-szezon\/","title":{"rendered":"RaceStar 2016-ban is! F\u0151d\u00edj egy teljes szezon"},"content":{"rendered":"<p>A RaceStar tehets\u00e9gkutat\u00f3 program 2015-ben indult, \u00e9s a nemzetk\u00f6zi \u00f6sszefog\u00e1ssal lebonyol\u00edtott rendezv\u00e9ny fantasztikus sikert aratott. Az FIA Swift Cup Europe mez\u0151ny\u00e9be \u00edgy jutott be Tomas Bizub, aki megnyerte az eg\u00e9sz \u00e9ves szerepl\u00e9s jog\u00e1t. Maxim\u00e1lisan \u00e9lt a lehet\u0151s\u00e9ggel, hisz Bernula Istv\u00e1nnal holtversenyben, \u0150 lett a 2015-\u00f6s bajnok!<\/p>\n<p><img fetchpriority=\"high\" decoding=\"async\" class=\"alignleft size-medium wp-image-2559\" src=\"http:\/\/swiftcupeurope.com\/wp-content\/uploads\/2016\/02\/11082177_1458646081092829_7929456520164195279_o-300x200.jpg\" alt=\"11082177_1458646081092829_7929456520164195279_o\" width=\"300\" height=\"200\" \/>Most itt a lehet\u0151s\u00e9g mindenkit el\u0151tt, hogy k\u00f6vesse p\u00e9ld\u00e1j\u00e1t, \u00e9s beteljes\u00edtse \u00e1lmait \u00e9s val\u00f3di versenyz\u0151v\u00e9 v\u00e1ljon.<\/p>\n<p>Van benned tehets\u00e9g? V\u00e1llalod a kih\u00edv\u00e1sokat? Akkor jelentkezz \u00e9s l\u00e9pj olyan elismert versenyz\u0151k nyomdokaiba, mint Tomas Bizub aki a tavalyi RaceSTAR-t k\u00f6vet\u0151en Bernula Istv\u00e1nnal holtversenyben els\u0151 helyen v\u00e9gzett a nemzetk\u00f6zi FIA Swift Cup Europe bajnoki sorozatban.<\/p>\n<p><a href=\"https:\/\/www.swiftcupeurope.com\/en\/racestar-2016\/\">Minden inform\u00e1ci\u00f3t ezen az oldalon megtal\u00e1lsz \u00bb<\/a><\/p>","protected":false},"excerpt":{"rendered":"<p>A RaceStar tehets\u00e9gkutat\u00f3 program 2015-ben indult, \u00e9s a nemzetk\u00f6zi \u00f6sszefog\u00e1ssal lebonyol\u00edtott rendezv\u00e9ny fantasztikus sikert aratott. Az FIA Swift Cup Europe mez\u0151ny\u00e9be \u00edgy jutott be Tomas Bizub, aki megnyerte az eg\u00e9sz \u00e9ves szerepl\u00e9s jog\u00e1t. Maxim\u00e1lisan \u00e9lt a lehet\u0151s\u00e9ggel, hisz Bernula Istv\u00e1nnal holtversenyben, \u0150 lett a 2015-\u00f6s bajnok! Most itt a lehet\u0151s\u00e9g mindenkit el\u0151tt, hogy k\u00f6vesse p\u00e9ld\u00e1j\u00e1t, [&hellip;]<\/p>","protected":false},"author":2,"featured_media":2574,"comment_status":"open","ping_status":"open","sticky":false,"template":"","format":"standard","meta":{"footnotes":""},"categories":[1],"tags":[],"yoast_head":"<!-- This site is optimized with the Yoast SEO Premium plugin v21.1 (Yoast SEO v21.7) - https:\/\/yoast.com\/wordpress\/plugins\/seo\/ -->\n<title>RaceStar 2016-ban is! F\u0151d\u00edj egy teljes szezon - FIA Swift Cup Europe<\/title>\n<meta name=\"robots\" content=\"index, follow, max-snippet:-1, max-image-preview:large, max-video-preview:-1\" \/>\n<link rel=\"canonical\" href=\"https:\/\/www.swiftcupeurope.com\/en\/2016\/uncategorized\/racestar-2016-ban-is-fodij-egy-teljes-szezon\/\" \/>\n<meta property=\"og:locale\" content=\"en_US\" \/>\n<meta property=\"og:type\" content=\"article\" \/>\n<meta property=\"og:title\" content=\"RaceStar 2016-ban is! F\u0151d\u00edj egy teljes szezon\" \/>\n<meta property=\"og:description\" content=\"A RaceStar tehets\u00e9gkutat\u00f3 program 2015-ben indult, \u00e9s a nemzetk\u00f6zi \u00f6sszefog\u00e1ssal lebonyol\u00edtott rendezv\u00e9ny fantasztikus sikert aratott. Az FIA Swift Cup Europe mez\u0151ny\u00e9be \u00edgy jutott be Tomas Bizub, aki megnyerte az eg\u00e9sz \u00e9ves szerepl\u00e9s jog\u00e1t. Maxim\u00e1lisan \u00e9lt a lehet\u0151s\u00e9ggel, hisz Bernula Istv\u00e1nnal holtversenyben, \u0150 lett a 2015-\u00f6s bajnok! Most itt a lehet\u0151s\u00e9g mindenkit el\u0151tt, hogy k\u00f6vesse p\u00e9ld\u00e1j\u00e1t, [&hellip;]\" \/>\n<meta property=\"og:url\" content=\"https:\/\/www.swiftcupeurope.com\/en\/2016\/uncategorized\/racestar-2016-ban-is-fodij-egy-teljes-szezon\/\" \/>\n<meta property=\"og:site_name\" content=\"FIA Swift Cup Europe\" \/>\n<meta property=\"article:published_time\" content=\"2016-02-18T13:31:02+00:00\" \/>\n<meta property=\"og:image\" content=\"https:\/\/www.swiftcupeurope.com\/wp-content\/uploads\/2016\/02\/10497282_1458604241097013_332520702035113934_o-1.jpg\" \/>\n\t<meta property=\"og:image:width\" content=\"2048\" \/>\n\t<meta property=\"og:image:height\" content=\"1365\" \/>\n\t<meta property=\"og:image:type\" content=\"image\/jpeg\" \/>\n<meta name=\"author\" content=\"swiftcupeurope\" \/>\n<meta name=\"twitter:card\" content=\"summary_large_image\" \/>\n<meta name=\"twitter:label1\" content=\"Written by\" \/>\n\t<meta name=\"twitter:data1\" content=\"swiftcupeurope\" \/>\n\t<meta name=\"twitter:label2\" content=\"Est. reading time\" \/>\n\t<meta name=\"twitter:data2\" content=\"1 minute\" \/>\n<script type=\"application\/ld+json\" class=\"yoast-schema-graph\">{\"@context\":\"https:\/\/schema.org\",\"@graph\":[{\"@type\":\"Article\",\"@id\":\"https:\/\/www.swiftcupeurope.com\/en\/2016\/uncategorized\/racestar-2016-ban-is-fodij-egy-teljes-szezon\/#article\",\"isPartOf\":{\"@id\":\"https:\/\/www.swiftcupeurope.com\/en\/2016\/uncategorized\/racestar-2016-ban-is-fodij-egy-teljes-szezon\/\"},\"author\":{\"name\":\"swiftcupeurope\",\"@id\":\"https:\/\/www.swiftcupeurope.com\/#\/schema\/person\/03cb2427aeeeeac4a49a03160d04e8fe\"},\"headline\":\"RaceStar 2016-ban is! F\u0151d\u00edj egy teljes szezon\",\"datePublished\":\"2016-02-18T13:31:02+00:00\",\"dateModified\":\"2016-02-18T13:31:02+00:00\",\"mainEntityOfPage\":{\"@id\":\"https:\/\/www.swiftcupeurope.com\/en\/2016\/uncategorized\/racestar-2016-ban-is-fodij-egy-teljes-szezon\/\"},\"wordCount\":152,\"commentCount\":0,\"publisher\":{\"@id\":\"https:\/\/www.swiftcupeurope.com\/#organization\"},\"inLanguage\":\"en-US\",\"potentialAction\":[{\"@type\":\"CommentAction\",\"name\":\"Comment\",\"target\":[\"https:\/\/www.swiftcupeurope.com\/en\/2016\/uncategorized\/racestar-2016-ban-is-fodij-egy-teljes-szezon\/#respond\"]}]},{\"@type\":\"WebPage\",\"@id\":\"https:\/\/www.swiftcupeurope.com\/en\/2016\/uncategorized\/racestar-2016-ban-is-fodij-egy-teljes-szezon\/\",\"url\":\"https:\/\/www.swiftcupeurope.com\/en\/2016\/uncategorized\/racestar-2016-ban-is-fodij-egy-teljes-szezon\/\",\"name\":\"RaceStar 2016-ban is! F\u0151d\u00edj egy teljes szezon - FIA Swift Cup Europe\",\"isPartOf\":{\"@id\":\"https:\/\/www.swiftcupeurope.com\/#website\"},\"datePublished\":\"2016-02-18T13:31:02+00:00\",\"dateModified\":\"2016-02-18T13:31:02+00:00\",\"breadcrumb\":{\"@id\":\"https:\/\/www.swiftcupeurope.com\/en\/2016\/uncategorized\/racestar-2016-ban-is-fodij-egy-teljes-szezon\/#breadcrumb\"},\"inLanguage\":\"en-US\",\"potentialAction\":[{\"@type\":\"ReadAction\",\"target\":[\"https:\/\/www.swiftcupeurope.com\/en\/2016\/uncategorized\/racestar-2016-ban-is-fodij-egy-teljes-szezon\/\"]}]},{\"@type\":\"BreadcrumbList\",\"@id\":\"https:\/\/www.swiftcupeurope.com\/en\/2016\/uncategorized\/racestar-2016-ban-is-fodij-egy-teljes-szezon\/#breadcrumb\",\"itemListElement\":[{\"@type\":\"ListItem\",\"position\":1,\"name\":\"Kezd\u0151lap\",\"item\":\"https:\/\/www.swiftcupeurope.com\/\"},{\"@type\":\"ListItem\",\"position\":2,\"name\":\"RaceStar 2016-ban is! F\u0151d\u00edj egy teljes szezon\"}]},{\"@type\":\"WebSite\",\"@id\":\"https:\/\/www.swiftcupeurope.com\/#website\",\"url\":\"https:\/\/www.swiftcupeurope.com\/\",\"name\":\"FIA Swift Cup Europe\",\"description\":\"FIA Swift Cup Europe \/ Official Website\",\"publisher\":{\"@id\":\"https:\/\/www.swiftcupeurope.com\/#organization\"},\"potentialAction\":[{\"@type\":\"SearchAction\",\"target\":{\"@type\":\"EntryPoint\",\"urlTemplate\":\"https:\/\/www.swiftcupeurope.com\/?s={search_term_string}\"},\"query-input\":\"required name=search_term_string\"}],\"inLanguage\":\"en-US\"},{\"@type\":\"Organization\",\"@id\":\"https:\/\/www.swiftcupeurope.com\/#organization\",\"name\":\"FIA Swift Cup Europe\",\"url\":\"https:\/\/www.swiftcupeurope.com\/\",\"logo\":{\"@type\":\"ImageObject\",\"inLanguage\":\"en-US\",\"@id\":\"https:\/\/www.swiftcupeurope.com\/#\/schema\/logo\/image\/\",\"url\":\"https:\/\/www.swiftcupeurope.com\/wp-content\/uploads\/2021\/04\/cropped-sce_logo_2021inv.png\",\"contentUrl\":\"https:\/\/www.swiftcupeurope.com\/wp-content\/uploads\/2021\/04\/cropped-sce_logo_2021inv.png\",\"width\":600,\"height\":120,\"caption\":\"FIA Swift Cup Europe\"},\"image\":{\"@id\":\"https:\/\/www.swiftcupeurope.com\/#\/schema\/logo\/image\/\"}},{\"@type\":\"Person\",\"@id\":\"https:\/\/www.swiftcupeurope.com\/#\/schema\/person\/03cb2427aeeeeac4a49a03160d04e8fe\",\"name\":\"swiftcupeurope\",\"url\":\"https:\/\/www.swiftcupeurope.com\/en\/author\/swiftcupeurope\/\"}]}<\/script>\n<!-- \/ Yoast SEO Premium plugin. -->","yoast_head_json":{"title":"RaceStar 2016-ban is! F\u0151d\u00edj egy teljes szezon - FIA Swift Cup Europe","robots":{"index":"index","follow":"follow","max-snippet":"max-snippet:-1","max-image-preview":"max-image-preview:large","max-video-preview":"max-video-preview:-1"},"canonical":"https:\/\/www.swiftcupeurope.com\/en\/2016\/uncategorized\/racestar-2016-ban-is-fodij-egy-teljes-szezon\/","og_locale":"en_US","og_type":"article","og_title":"RaceStar 2016-ban is! F\u0151d\u00edj egy teljes szezon","og_description":"A RaceStar tehets\u00e9gkutat\u00f3 program 2015-ben indult, \u00e9s a nemzetk\u00f6zi \u00f6sszefog\u00e1ssal lebonyol\u00edtott rendezv\u00e9ny fantasztikus sikert aratott. Az FIA Swift Cup Europe mez\u0151ny\u00e9be \u00edgy jutott be Tomas Bizub, aki megnyerte az eg\u00e9sz \u00e9ves szerepl\u00e9s jog\u00e1t. Maxim\u00e1lisan \u00e9lt a lehet\u0151s\u00e9ggel, hisz Bernula Istv\u00e1nnal holtversenyben, \u0150 lett a 2015-\u00f6s bajnok! Most itt a lehet\u0151s\u00e9g mindenkit el\u0151tt, hogy k\u00f6vesse p\u00e9ld\u00e1j\u00e1t, [&hellip;]","og_url":"https:\/\/www.swiftcupeurope.com\/en\/2016\/uncategorized\/racestar-2016-ban-is-fodij-egy-teljes-szezon\/","og_site_name":"FIA Swift Cup Europe","article_published_time":"2016-02-18T13:31:02+00:00","og_image":[{"width":2048,"height":1365,"url":"https:\/\/www.swiftcupeurope.com\/wp-content\/uploads\/2016\/02\/10497282_1458604241097013_332520702035113934_o-1.jpg","type":"image\/jpeg"}],"author":"swiftcupeurope","twitter_card":"summary_large_image","twitter_misc":{"Written by":"swiftcupeurope","Est. reading time":"1 minute"},"schema":{"@context":"https:\/\/schema.org","@graph":[{"@type":"Article","@id":"https:\/\/www.swiftcupeurope.com\/en\/2016\/uncategorized\/racestar-2016-ban-is-fodij-egy-teljes-szezon\/#article","isPartOf":{"@id":"https:\/\/www.swiftcupeurope.com\/en\/2016\/uncategorized\/racestar-2016-ban-is-fodij-egy-teljes-szezon\/"},"author":{"name":"swiftcupeurope","@id":"https:\/\/www.swiftcupeurope.com\/#\/schema\/person\/03cb2427aeeeeac4a49a03160d04e8fe"},"headline":"RaceStar 2016-ban is! F\u0151d\u00edj egy teljes szezon","datePublished":"2016-02-18T13:31:02+00:00","dateModified":"2016-02-18T13:31:02+00:00","mainEntityOfPage":{"@id":"https:\/\/www.swiftcupeurope.com\/en\/2016\/uncategorized\/racestar-2016-ban-is-fodij-egy-teljes-szezon\/"},"wordCount":152,"commentCount":0,"publisher":{"@id":"https:\/\/www.swiftcupeurope.com\/#organization"},"inLanguage":"en-US","potentialAction":[{"@type":"CommentAction","name":"Comment","target":["https:\/\/www.swiftcupeurope.com\/en\/2016\/uncategorized\/racestar-2016-ban-is-fodij-egy-teljes-szezon\/#respond"]}]},{"@type":"WebPage","@id":"https:\/\/www.swiftcupeurope.com\/en\/2016\/uncategorized\/racestar-2016-ban-is-fodij-egy-teljes-szezon\/","url":"https:\/\/www.swiftcupeurope.com\/en\/2016\/uncategorized\/racestar-2016-ban-is-fodij-egy-teljes-szezon\/","name":"RaceStar 2016-ban is! F\u0151d\u00edj egy teljes szezon - FIA Swift Cup Europe","isPartOf":{"@id":"https:\/\/www.swiftcupeurope.com\/#website"},"datePublished":"2016-02-18T13:31:02+00:00","dateModified":"2016-02-18T13:31:02+00:00","breadcrumb":{"@id":"https:\/\/www.swiftcupeurope.com\/en\/2016\/uncategorized\/racestar-2016-ban-is-fodij-egy-teljes-szezon\/#breadcrumb"},"inLanguage":"en-US","potentialAction":[{"@type":"ReadAction","target":["https:\/\/www.swiftcupeurope.com\/en\/2016\/uncategorized\/racestar-2016-ban-is-fodij-egy-teljes-szezon\/"]}]},{"@type":"BreadcrumbList","@id":"https:\/\/www.swiftcupeurope.com\/en\/2016\/uncategorized\/racestar-2016-ban-is-fodij-egy-teljes-szezon\/#breadcrumb","itemListElement":[{"@type":"ListItem","position":1,"name":"Kezd\u0151lap","item":"https:\/\/www.swiftcupeurope.com\/"},{"@type":"ListItem","position":2,"name":"RaceStar 2016-ban is! F\u0151d\u00edj egy teljes szezon"}]},{"@type":"WebSite","@id":"https:\/\/www.swiftcupeurope.com\/#website","url":"https:\/\/www.swiftcupeurope.com\/","name":"FIA Swift Cup Europe","description":"FIA Swift Cup Europe \/ Official Website","publisher":{"@id":"https:\/\/www.swiftcupeurope.com\/#organization"},"potentialAction":[{"@type":"SearchAction","target":{"@type":"EntryPoint","urlTemplate":"https:\/\/www.swiftcupeurope.com\/?s={search_term_string}"},"query-input":"required name=search_term_string"}],"inLanguage":"en-US"},{"@type":"Organization","@id":"https:\/\/www.swiftcupeurope.com\/#organization","name":"FIA Swift Cup Europe","url":"https:\/\/www.swiftcupeurope.com\/","logo":{"@type":"ImageObject","inLanguage":"en-US","@id":"https:\/\/www.swiftcupeurope.com\/#\/schema\/logo\/image\/","url":"https:\/\/www.swiftcupeurope.com\/wp-content\/uploads\/2021\/04\/cropped-sce_logo_2021inv.png","contentUrl":"https:\/\/www.swiftcupeurope.com\/wp-content\/uploads\/2021\/04\/cropped-sce_logo_2021inv.png","width":600,"height":120,"caption":"FIA Swift Cup Europe"},"image":{"@id":"https:\/\/www.swiftcupeurope.com\/#\/schema\/logo\/image\/"}},{"@type":"Person","@id":"https:\/\/www.swiftcupeurope.com\/#\/schema\/person\/03cb2427aeeeeac4a49a03160d04e8fe","name":"swiftcupeurope","url":"https:\/\/www.swiftcupeurope.com\/en\/author\/swiftcupeurope\/"}]}},"_links":{"self":[{"href":"https:\/\/www.swiftcupeurope.com\/en\/wp-json\/wp\/v2\/posts\/2573"}],"collection":[{"href":"https:\/\/www.swiftcupeurope.com\/en\/wp-json\/wp\/v2\/posts"}],"about":[{"href":"https:\/\/www.swiftcupeurope.com\/en\/wp-json\/wp\/v2\/types\/post"}],"author":[{"embeddable":true,"href":"https:\/\/www.swiftcupeurope.com\/en\/wp-json\/wp\/v2\/users\/2"}],"replies":[{"embeddable":true,"href":"https:\/\/www.swiftcupeurope.com\/en\/wp-json\/wp\/v2\/comments?post=2573"}],"version-history":[{"count":0,"href":"https:\/\/www.swiftcupeurope.com\/en\/wp-json\/wp\/v2\/posts\/2573\/revisions"}],"wp:featuredmedia":[{"embeddable":true,"href":"https:\/\/www.swiftcupeurope.com\/en\/wp-json\/wp\/v2\/media\/2574"}],"wp:attachment":[{"href":"https:\/\/www.swiftcupeurope.com\/en\/wp-json\/wp\/v2\/media?parent=2573"}],"wp:term":[{"taxonomy":"category","embeddable":true,"href":"https:\/\/www.swiftcupeurope.com\/en\/wp-json\/wp\/v2\/categories?post=2573"},{"taxonomy":"post_tag","embeddable":true,"href":"https:\/\/www.swiftcupeurope.com\/en\/wp-json\/wp\/v2\/tags?post=2573"}],"curies":[{"name":"wp","href":"https:\/\/api.w.org\/{rel}","templated":true}]}}