{"id":2398,"date":"2016-02-05T13:10:53","date_gmt":"2016-02-05T13:10:53","guid":{"rendered":"http:\/\/swiftcupeurope.com\/?p=2398"},"modified":"2016-02-05T13:10:53","modified_gmt":"2016-02-05T13:10:53","slug":"suzuki-team-austria","status":"publish","type":"post","link":"https:\/\/www.swiftcupeurope.com\/en\/2016\/uncategorized\/suzuki-team-austria\/","title":{"rendered":"Suzuki Team Austria"},"content":{"rendered":"<div class=\"td-post-content\">\n<p>Csapat neve: <strong>SUZUKI TEAM AUSTRIA \/ ZELHOFFER MOTORSPORT<\/strong><br \/>\nAlap\u00edt\u00e1s: 1984<br \/>\nSz\u00e9khely: St. Georgen<br \/>\n<img decoding=\"async\" class=\"aligncenter size-full wp-image-2399\" src=\"http:\/\/swiftcupeurope.com\/wp-content\/uploads\/2016\/02\/top_sm.png\" alt=\"top_sm\" width=\"226\" height=\"48\" \/><img decoding=\"async\" class=\"aligncenter size-medium wp-image-2400\" src=\"http:\/\/swiftcupeurope.com\/wp-content\/uploads\/2016\/02\/toplogozmr-300x48.png\" alt=\"toplogozmr\" width=\"300\" height=\"48\" \/><\/p>\n<p>Web: <a href=\"http:\/\/www.suzuki-cup.at\" target=\"_blank\">http:\/\/www.suzuki-cup.at<\/a> <a href=\"http:\/\/www.zmracing.at\" target=\"_blank\">http:\/\/www.zmracing.at<\/a><br \/>\nFacebook: <a href=\"https:\/\/www.facebook.com\/suzukimotorsportcup\" target=\"_blank\">https:\/\/www.facebook.com\/suzukimotorsportcup<\/a><\/p>\n<p>Email: <a href=\"mailto:office@zellhofer.at\">office@zellhofer.at<\/a><br \/>\nTelefon: +43 (0) 7472 \/ 66 841 &#8211; 0<br \/>\nTwitter: \u2013<br \/>\nInstagram: \u2013<br \/>\nYoutube: \u2013<\/p>\n<\/div>","protected":false},"excerpt":{"rendered":"<p>Csapat neve: SUZUKI TEAM AUSTRIA \/ ZELHOFFER MOTORSPORT Alap\u00edt\u00e1s: 1984 Sz\u00e9khely: St. Georgen Web: http:\/\/www.suzuki-cup.at http:\/\/www.zmracing.at Facebook: https:\/\/www.facebook.com\/suzukimotorsportcup Email: office@zellhofer.at Telefon: +43 (0) 7472 \/ 66 841 &#8211; 0 Twitter: \u2013 Instagram: \u2013 Youtube: \u2013<\/p>","protected":false},"author":2,"featured_media":2148,"comment_status":"open","ping_status":"open","sticky":false,"template":"","format":"standard","meta":{"footnotes":""},"categories":[1],"tags":[],"yoast_head":"<!-- This site is optimized with the Yoast SEO Premium plugin v21.1 (Yoast SEO v21.7) - https:\/\/yoast.com\/wordpress\/plugins\/seo\/ -->\n<title>Suzuki Team Austria - FIA Swift Cup Europe<\/title>\n<meta name=\"robots\" content=\"index, follow, max-snippet:-1, max-image-preview:large, max-video-preview:-1\" \/>\n<link rel=\"canonical\" href=\"https:\/\/www.swiftcupeurope.com\/en\/2016\/uncategorized\/suzuki-team-austria\/\" \/>\n<meta property=\"og:locale\" content=\"en_US\" \/>\n<meta property=\"og:type\" content=\"article\" \/>\n<meta property=\"og:title\" content=\"Suzuki Team Austria\" \/>\n<meta property=\"og:description\" content=\"Csapat neve: SUZUKI TEAM AUSTRIA \/ ZELHOFFER MOTORSPORT Alap\u00edt\u00e1s: 1984 Sz\u00e9khely: St. Georgen Web: http:\/\/www.suzuki-cup.at http:\/\/www.zmracing.at Facebook: https:\/\/www.facebook.com\/suzukimotorsportcup Email: office@zellhofer.at Telefon: +43 (0) 7472 \/ 66 841 &#8211; 0 Twitter: \u2013 Instagram: \u2013 Youtube: \u2013\" \/>\n<meta property=\"og:url\" content=\"https:\/\/www.swiftcupeurope.com\/en\/2016\/uncategorized\/suzuki-team-austria\/\" \/>\n<meta property=\"og:site_name\" content=\"FIA Swift Cup Europe\" \/>\n<meta property=\"article:published_time\" content=\"2016-02-05T13:10:53+00:00\" \/>\n<meta property=\"og:image\" content=\"https:\/\/www.swiftcupeurope.com\/wp-content\/uploads\/2014\/05\/salz018.jpg\" \/>\n\t<meta property=\"og:image:width\" content=\"1280\" \/>\n\t<meta property=\"og:image:height\" content=\"720\" \/>\n\t<meta property=\"og:image:type\" content=\"image\/jpeg\" \/>\n<meta name=\"author\" content=\"swiftcupeurope\" \/>\n<meta name=\"twitter:card\" content=\"summary_large_image\" \/>\n<meta name=\"twitter:label1\" content=\"Written by\" \/>\n\t<meta name=\"twitter:data1\" content=\"swiftcupeurope\" \/>\n<script type=\"application\/ld+json\" class=\"yoast-schema-graph\">{\"@context\":\"https:\/\/schema.org\",\"@graph\":[{\"@type\":\"Article\",\"@id\":\"https:\/\/www.swiftcupeurope.com\/en\/2016\/uncategorized\/suzuki-team-austria\/#article\",\"isPartOf\":{\"@id\":\"https:\/\/www.swiftcupeurope.com\/en\/2016\/uncategorized\/suzuki-team-austria\/\"},\"author\":{\"name\":\"swiftcupeurope\",\"@id\":\"https:\/\/www.swiftcupeurope.com\/#\/schema\/person\/03cb2427aeeeeac4a49a03160d04e8fe\"},\"headline\":\"Suzuki Team Austria\",\"datePublished\":\"2016-02-05T13:10:53+00:00\",\"dateModified\":\"2016-02-05T13:10:53+00:00\",\"mainEntityOfPage\":{\"@id\":\"https:\/\/www.swiftcupeurope.com\/en\/2016\/uncategorized\/suzuki-team-austria\/\"},\"wordCount\":41,\"commentCount\":0,\"publisher\":{\"@id\":\"https:\/\/www.swiftcupeurope.com\/#organization\"},\"inLanguage\":\"en-US\",\"potentialAction\":[{\"@type\":\"CommentAction\",\"name\":\"Comment\",\"target\":[\"https:\/\/www.swiftcupeurope.com\/en\/2016\/uncategorized\/suzuki-team-austria\/#respond\"]}]},{\"@type\":\"WebPage\",\"@id\":\"https:\/\/www.swiftcupeurope.com\/en\/2016\/uncategorized\/suzuki-team-austria\/\",\"url\":\"https:\/\/www.swiftcupeurope.com\/en\/2016\/uncategorized\/suzuki-team-austria\/\",\"name\":\"Suzuki Team Austria - FIA Swift Cup Europe\",\"isPartOf\":{\"@id\":\"https:\/\/www.swiftcupeurope.com\/#website\"},\"datePublished\":\"2016-02-05T13:10:53+00:00\",\"dateModified\":\"2016-02-05T13:10:53+00:00\",\"breadcrumb\":{\"@id\":\"https:\/\/www.swiftcupeurope.com\/en\/2016\/uncategorized\/suzuki-team-austria\/#breadcrumb\"},\"inLanguage\":\"en-US\",\"potentialAction\":[{\"@type\":\"ReadAction\",\"target\":[\"https:\/\/www.swiftcupeurope.com\/en\/2016\/uncategorized\/suzuki-team-austria\/\"]}]},{\"@type\":\"BreadcrumbList\",\"@id\":\"https:\/\/www.swiftcupeurope.com\/en\/2016\/uncategorized\/suzuki-team-austria\/#breadcrumb\",\"itemListElement\":[{\"@type\":\"ListItem\",\"position\":1,\"name\":\"Kezd\u0151lap\",\"item\":\"https:\/\/www.swiftcupeurope.com\/\"},{\"@type\":\"ListItem\",\"position\":2,\"name\":\"Suzuki Team Austria\"}]},{\"@type\":\"WebSite\",\"@id\":\"https:\/\/www.swiftcupeurope.com\/#website\",\"url\":\"https:\/\/www.swiftcupeurope.com\/\",\"name\":\"FIA Swift Cup Europe\",\"description\":\"FIA Swift Cup Europe \/ Official Website\",\"publisher\":{\"@id\":\"https:\/\/www.swiftcupeurope.com\/#organization\"},\"potentialAction\":[{\"@type\":\"SearchAction\",\"target\":{\"@type\":\"EntryPoint\",\"urlTemplate\":\"https:\/\/www.swiftcupeurope.com\/?s={search_term_string}\"},\"query-input\":\"required name=search_term_string\"}],\"inLanguage\":\"en-US\"},{\"@type\":\"Organization\",\"@id\":\"https:\/\/www.swiftcupeurope.com\/#organization\",\"name\":\"FIA Swift Cup Europe\",\"url\":\"https:\/\/www.swiftcupeurope.com\/\",\"logo\":{\"@type\":\"ImageObject\",\"inLanguage\":\"en-US\",\"@id\":\"https:\/\/www.swiftcupeurope.com\/#\/schema\/logo\/image\/\",\"url\":\"https:\/\/www.swiftcupeurope.com\/wp-content\/uploads\/2021\/04\/cropped-sce_logo_2021inv.png\",\"contentUrl\":\"https:\/\/www.swiftcupeurope.com\/wp-content\/uploads\/2021\/04\/cropped-sce_logo_2021inv.png\",\"width\":600,\"height\":120,\"caption\":\"FIA Swift Cup Europe\"},\"image\":{\"@id\":\"https:\/\/www.swiftcupeurope.com\/#\/schema\/logo\/image\/\"}},{\"@type\":\"Person\",\"@id\":\"https:\/\/www.swiftcupeurope.com\/#\/schema\/person\/03cb2427aeeeeac4a49a03160d04e8fe\",\"name\":\"swiftcupeurope\",\"url\":\"https:\/\/www.swiftcupeurope.com\/en\/author\/swiftcupeurope\/\"}]}<\/script>\n<!-- \/ Yoast SEO Premium plugin. -->","yoast_head_json":{"title":"Suzuki Team Austria - FIA Swift Cup Europe","robots":{"index":"index","follow":"follow","max-snippet":"max-snippet:-1","max-image-preview":"max-image-preview:large","max-video-preview":"max-video-preview:-1"},"canonical":"https:\/\/www.swiftcupeurope.com\/en\/2016\/uncategorized\/suzuki-team-austria\/","og_locale":"en_US","og_type":"article","og_title":"Suzuki Team Austria","og_description":"Csapat neve: SUZUKI TEAM AUSTRIA \/ ZELHOFFER MOTORSPORT Alap\u00edt\u00e1s: 1984 Sz\u00e9khely: St. Georgen Web: http:\/\/www.suzuki-cup.at http:\/\/www.zmracing.at Facebook: https:\/\/www.facebook.com\/suzukimotorsportcup Email: office@zellhofer.at Telefon: +43 (0) 7472 \/ 66 841 &#8211; 0 Twitter: \u2013 Instagram: \u2013 Youtube: \u2013","og_url":"https:\/\/www.swiftcupeurope.com\/en\/2016\/uncategorized\/suzuki-team-austria\/","og_site_name":"FIA Swift Cup Europe","article_published_time":"2016-02-05T13:10:53+00:00","og_image":[{"width":1280,"height":720,"url":"https:\/\/www.swiftcupeurope.com\/wp-content\/uploads\/2014\/05\/salz018.jpg","type":"image\/jpeg"}],"author":"swiftcupeurope","twitter_card":"summary_large_image","twitter_misc":{"Written by":"swiftcupeurope"},"schema":{"@context":"https:\/\/schema.org","@graph":[{"@type":"Article","@id":"https:\/\/www.swiftcupeurope.com\/en\/2016\/uncategorized\/suzuki-team-austria\/#article","isPartOf":{"@id":"https:\/\/www.swiftcupeurope.com\/en\/2016\/uncategorized\/suzuki-team-austria\/"},"author":{"name":"swiftcupeurope","@id":"https:\/\/www.swiftcupeurope.com\/#\/schema\/person\/03cb2427aeeeeac4a49a03160d04e8fe"},"headline":"Suzuki Team Austria","datePublished":"2016-02-05T13:10:53+00:00","dateModified":"2016-02-05T13:10:53+00:00","mainEntityOfPage":{"@id":"https:\/\/www.swiftcupeurope.com\/en\/2016\/uncategorized\/suzuki-team-austria\/"},"wordCount":41,"commentCount":0,"publisher":{"@id":"https:\/\/www.swiftcupeurope.com\/#organization"},"inLanguage":"en-US","potentialAction":[{"@type":"CommentAction","name":"Comment","target":["https:\/\/www.swiftcupeurope.com\/en\/2016\/uncategorized\/suzuki-team-austria\/#respond"]}]},{"@type":"WebPage","@id":"https:\/\/www.swiftcupeurope.com\/en\/2016\/uncategorized\/suzuki-team-austria\/","url":"https:\/\/www.swiftcupeurope.com\/en\/2016\/uncategorized\/suzuki-team-austria\/","name":"Suzuki Team Austria - FIA Swift Cup Europe","isPartOf":{"@id":"https:\/\/www.swiftcupeurope.com\/#website"},"datePublished":"2016-02-05T13:10:53+00:00","dateModified":"2016-02-05T13:10:53+00:00","breadcrumb":{"@id":"https:\/\/www.swiftcupeurope.com\/en\/2016\/uncategorized\/suzuki-team-austria\/#breadcrumb"},"inLanguage":"en-US","potentialAction":[{"@type":"ReadAction","target":["https:\/\/www.swiftcupeurope.com\/en\/2016\/uncategorized\/suzuki-team-austria\/"]}]},{"@type":"BreadcrumbList","@id":"https:\/\/www.swiftcupeurope.com\/en\/2016\/uncategorized\/suzuki-team-austria\/#breadcrumb","itemListElement":[{"@type":"ListItem","position":1,"name":"Kezd\u0151lap","item":"https:\/\/www.swiftcupeurope.com\/"},{"@type":"ListItem","position":2,"name":"Suzuki Team Austria"}]},{"@type":"WebSite","@id":"https:\/\/www.swiftcupeurope.com\/#website","url":"https:\/\/www.swiftcupeurope.com\/","name":"FIA Swift Cup Europe","description":"FIA Swift Cup Europe \/ Official Website","publisher":{"@id":"https:\/\/www.swiftcupeurope.com\/#organization"},"potentialAction":[{"@type":"SearchAction","target":{"@type":"EntryPoint","urlTemplate":"https:\/\/www.swiftcupeurope.com\/?s={search_term_string}"},"query-input":"required name=search_term_string"}],"inLanguage":"en-US"},{"@type":"Organization","@id":"https:\/\/www.swiftcupeurope.com\/#organization","name":"FIA Swift Cup Europe","url":"https:\/\/www.swiftcupeurope.com\/","logo":{"@type":"ImageObject","inLanguage":"en-US","@id":"https:\/\/www.swiftcupeurope.com\/#\/schema\/logo\/image\/","url":"https:\/\/www.swiftcupeurope.com\/wp-content\/uploads\/2021\/04\/cropped-sce_logo_2021inv.png","contentUrl":"https:\/\/www.swiftcupeurope.com\/wp-content\/uploads\/2021\/04\/cropped-sce_logo_2021inv.png","width":600,"height":120,"caption":"FIA Swift Cup Europe"},"image":{"@id":"https:\/\/www.swiftcupeurope.com\/#\/schema\/logo\/image\/"}},{"@type":"Person","@id":"https:\/\/www.swiftcupeurope.com\/#\/schema\/person\/03cb2427aeeeeac4a49a03160d04e8fe","name":"swiftcupeurope","url":"https:\/\/www.swiftcupeurope.com\/en\/author\/swiftcupeurope\/"}]}},"_links":{"self":[{"href":"https:\/\/www.swiftcupeurope.com\/en\/wp-json\/wp\/v2\/posts\/2398"}],"collection":[{"href":"https:\/\/www.swiftcupeurope.com\/en\/wp-json\/wp\/v2\/posts"}],"about":[{"href":"https:\/\/www.swiftcupeurope.com\/en\/wp-json\/wp\/v2\/types\/post"}],"author":[{"embeddable":true,"href":"https:\/\/www.swiftcupeurope.com\/en\/wp-json\/wp\/v2\/users\/2"}],"replies":[{"embeddable":true,"href":"https:\/\/www.swiftcupeurope.com\/en\/wp-json\/wp\/v2\/comments?post=2398"}],"version-history":[{"count":0,"href":"https:\/\/www.swiftcupeurope.com\/en\/wp-json\/wp\/v2\/posts\/2398\/revisions"}],"wp:featuredmedia":[{"embeddable":true,"href":"https:\/\/www.swiftcupeurope.com\/en\/wp-json\/wp\/v2\/media\/2148"}],"wp:attachment":[{"href":"https:\/\/www.swiftcupeurope.com\/en\/wp-json\/wp\/v2\/media?parent=2398"}],"wp:term":[{"taxonomy":"category","embeddable":true,"href":"https:\/\/www.swiftcupeurope.com\/en\/wp-json\/wp\/v2\/categories?post=2398"},{"taxonomy":"post_tag","embeddable":true,"href":"https:\/\/www.swiftcupeurope.com\/en\/wp-json\/wp\/v2\/tags?post=2398"}],"curies":[{"name":"wp","href":"https:\/\/api.w.org\/{rel}","templated":true}]}}