{"id":1282,"date":"2016-01-09T14:02:06","date_gmt":"2016-01-09T14:02:06","guid":{"rendered":"http:\/\/bedooo.com\/?p=1282"},"modified":"2016-01-09T14:02:06","modified_gmt":"2016-01-09T14:02:06","slug":"2016-augusztus-5-7-salzburgring","status":"publish","type":"post","link":"https:\/\/www.swiftcupeurope.com\/en\/2016\/uncategorized\/2016-augusztus-5-7-salzburgring\/","title":{"rendered":"2016 augusztus 5-7. SALZBURGRING"},"content":{"rendered":"<p style=\"text-align: center;\"><strong>2016 augusztus 5-7.<\/strong><br \/>\n<strong>P9 Challenge<\/strong><br \/>\n<strong>Salzbugring<\/strong><br \/>\nAustria<br \/>\n<a href=\"http:\/\/www.salzburgring.com\" target=\"_blank\">www.salzburgring.com<\/a><\/p>\n<p style=\"text-align: center;\"><img fetchpriority=\"high\" decoding=\"async\" class=\"aligncenter size-medium wp-image-1102\" src=\"http:\/\/swiftcupeurope.com\/wp-content\/uploads\/2016\/02\/salzburg-300x180.png\" alt=\"salzburg\" width=\"300\" height=\"180\" \/>Id\u0151m\u00e9r\u00e9s \u2022 Verseny 11. \u2022 Verseny 12.<\/p>","protected":false},"excerpt":{"rendered":"<p>2016 augusztus 5-7. P9 Challenge Salzbugring Ausztria www.salzburgring.com Id\u0151m\u00e9r\u00e9s \u2022 Verseny 11. \u2022 Verseny 12.<\/p>","protected":false},"author":2,"featured_media":1614,"comment_status":"open","ping_status":"open","sticky":false,"template":"","format":"standard","meta":{"footnotes":""},"categories":[1],"tags":[],"yoast_head":"<!-- This site is optimized with the Yoast SEO Premium plugin v21.1 (Yoast SEO v21.7) - https:\/\/yoast.com\/wordpress\/plugins\/seo\/ -->\n<title>2016 augusztus 5-7. SALZBURGRING - FIA Swift Cup Europe<\/title>\n<meta name=\"robots\" content=\"index, follow, max-snippet:-1, max-image-preview:large, max-video-preview:-1\" \/>\n<link rel=\"canonical\" href=\"https:\/\/www.swiftcupeurope.com\/en\/2016\/uncategorized\/2016-augusztus-5-7-salzburgring\/\" \/>\n<meta property=\"og:locale\" content=\"en_US\" \/>\n<meta property=\"og:type\" content=\"article\" \/>\n<meta property=\"og:title\" content=\"2016 augusztus 5-7. SALZBURGRING\" \/>\n<meta property=\"og:description\" content=\"2016 augusztus 5-7. P9 Challenge Salzbugring Ausztria www.salzburgring.com Id\u0151m\u00e9r\u00e9s \u2022 Verseny 11. \u2022 Verseny 12.\" \/>\n<meta property=\"og:url\" content=\"https:\/\/www.swiftcupeurope.com\/en\/2016\/uncategorized\/2016-augusztus-5-7-salzburgring\/\" \/>\n<meta property=\"og:site_name\" content=\"FIA Swift Cup Europe\" \/>\n<meta property=\"article:published_time\" content=\"2016-01-09T14:02:06+00:00\" \/>\n<meta property=\"og:image\" content=\"https:\/\/www.swiftcupeurope.com\/wp-content\/uploads\/2016\/01\/salzburgring.jpg\" \/>\n\t<meta property=\"og:image:width\" content=\"1200\" \/>\n\t<meta property=\"og:image:height\" content=\"600\" \/>\n\t<meta property=\"og:image:type\" content=\"image\/jpeg\" \/>\n<meta name=\"author\" content=\"swiftcupeurope\" \/>\n<meta name=\"twitter:card\" content=\"summary_large_image\" \/>\n<meta name=\"twitter:label1\" content=\"Written by\" \/>\n\t<meta name=\"twitter:data1\" content=\"swiftcupeurope\" \/>\n<script type=\"application\/ld+json\" class=\"yoast-schema-graph\">{\"@context\":\"https:\/\/schema.org\",\"@graph\":[{\"@type\":\"Article\",\"@id\":\"https:\/\/www.swiftcupeurope.com\/2016\/uncategorized\/2016-augusztus-5-7-salzburgring\/#article\",\"isPartOf\":{\"@id\":\"https:\/\/www.swiftcupeurope.com\/2016\/uncategorized\/2016-augusztus-5-7-salzburgring\/\"},\"author\":{\"name\":\"swiftcupeurope\",\"@id\":\"https:\/\/www.swiftcupeurope.com\/#\/schema\/person\/03cb2427aeeeeac4a49a03160d04e8fe\"},\"headline\":\"2016 augusztus 5-7. SALZBURGRING\",\"datePublished\":\"2016-01-09T14:02:06+00:00\",\"dateModified\":\"2016-01-09T14:02:06+00:00\",\"mainEntityOfPage\":{\"@id\":\"https:\/\/www.swiftcupeurope.com\/2016\/uncategorized\/2016-augusztus-5-7-salzburgring\/\"},\"wordCount\":18,\"commentCount\":0,\"publisher\":{\"@id\":\"https:\/\/www.swiftcupeurope.com\/#organization\"},\"inLanguage\":\"en-US\",\"potentialAction\":[{\"@type\":\"CommentAction\",\"name\":\"Comment\",\"target\":[\"https:\/\/www.swiftcupeurope.com\/2016\/uncategorized\/2016-augusztus-5-7-salzburgring\/#respond\"]}]},{\"@type\":\"WebPage\",\"@id\":\"https:\/\/www.swiftcupeurope.com\/2016\/uncategorized\/2016-augusztus-5-7-salzburgring\/\",\"url\":\"https:\/\/www.swiftcupeurope.com\/2016\/uncategorized\/2016-augusztus-5-7-salzburgring\/\",\"name\":\"2016 augusztus 5-7. SALZBURGRING - FIA Swift Cup Europe\",\"isPartOf\":{\"@id\":\"https:\/\/www.swiftcupeurope.com\/#website\"},\"datePublished\":\"2016-01-09T14:02:06+00:00\",\"dateModified\":\"2016-01-09T14:02:06+00:00\",\"breadcrumb\":{\"@id\":\"https:\/\/www.swiftcupeurope.com\/2016\/uncategorized\/2016-augusztus-5-7-salzburgring\/#breadcrumb\"},\"inLanguage\":\"en-US\",\"potentialAction\":[{\"@type\":\"ReadAction\",\"target\":[\"https:\/\/www.swiftcupeurope.com\/2016\/uncategorized\/2016-augusztus-5-7-salzburgring\/\"]}]},{\"@type\":\"BreadcrumbList\",\"@id\":\"https:\/\/www.swiftcupeurope.com\/2016\/uncategorized\/2016-augusztus-5-7-salzburgring\/#breadcrumb\",\"itemListElement\":[{\"@type\":\"ListItem\",\"position\":1,\"name\":\"Kezd\u0151lap\",\"item\":\"https:\/\/www.swiftcupeurope.com\/\"},{\"@type\":\"ListItem\",\"position\":2,\"name\":\"2016 augusztus 5-7. SALZBURGRING\"}]},{\"@type\":\"WebSite\",\"@id\":\"https:\/\/www.swiftcupeurope.com\/#website\",\"url\":\"https:\/\/www.swiftcupeurope.com\/\",\"name\":\"FIA Swift Cup Europe\",\"description\":\"FIA Swift Cup Europe \/ Official Website\",\"publisher\":{\"@id\":\"https:\/\/www.swiftcupeurope.com\/#organization\"},\"potentialAction\":[{\"@type\":\"SearchAction\",\"target\":{\"@type\":\"EntryPoint\",\"urlTemplate\":\"https:\/\/www.swiftcupeurope.com\/?s={search_term_string}\"},\"query-input\":\"required name=search_term_string\"}],\"inLanguage\":\"en-US\"},{\"@type\":\"Organization\",\"@id\":\"https:\/\/www.swiftcupeurope.com\/#organization\",\"name\":\"FIA Swift Cup Europe\",\"url\":\"https:\/\/www.swiftcupeurope.com\/\",\"logo\":{\"@type\":\"ImageObject\",\"inLanguage\":\"en-US\",\"@id\":\"https:\/\/www.swiftcupeurope.com\/#\/schema\/logo\/image\/\",\"url\":\"https:\/\/www.swiftcupeurope.com\/wp-content\/uploads\/2021\/04\/cropped-sce_logo_2021inv.png\",\"contentUrl\":\"https:\/\/www.swiftcupeurope.com\/wp-content\/uploads\/2021\/04\/cropped-sce_logo_2021inv.png\",\"width\":600,\"height\":120,\"caption\":\"FIA Swift Cup Europe\"},\"image\":{\"@id\":\"https:\/\/www.swiftcupeurope.com\/#\/schema\/logo\/image\/\"}},{\"@type\":\"Person\",\"@id\":\"https:\/\/www.swiftcupeurope.com\/#\/schema\/person\/03cb2427aeeeeac4a49a03160d04e8fe\",\"name\":\"swiftcupeurope\",\"url\":\"https:\/\/www.swiftcupeurope.com\/en\/author\/swiftcupeurope\/\"}]}<\/script>\n<!-- \/ Yoast SEO Premium plugin. -->","yoast_head_json":{"title":"2016 augusztus 5-7. SALZBURGRING - FIA Swift Cup Europe","robots":{"index":"index","follow":"follow","max-snippet":"max-snippet:-1","max-image-preview":"max-image-preview:large","max-video-preview":"max-video-preview:-1"},"canonical":"https:\/\/www.swiftcupeurope.com\/en\/2016\/uncategorized\/2016-augusztus-5-7-salzburgring\/","og_locale":"en_US","og_type":"article","og_title":"2016 augusztus 5-7. SALZBURGRING","og_description":"2016 augusztus 5-7. P9 Challenge Salzbugring Ausztria www.salzburgring.com Id\u0151m\u00e9r\u00e9s \u2022 Verseny 11. \u2022 Verseny 12.","og_url":"https:\/\/www.swiftcupeurope.com\/en\/2016\/uncategorized\/2016-augusztus-5-7-salzburgring\/","og_site_name":"FIA Swift Cup Europe","article_published_time":"2016-01-09T14:02:06+00:00","og_image":[{"width":1200,"height":600,"url":"https:\/\/www.swiftcupeurope.com\/wp-content\/uploads\/2016\/01\/salzburgring.jpg","type":"image\/jpeg"}],"author":"swiftcupeurope","twitter_card":"summary_large_image","twitter_misc":{"Written by":"swiftcupeurope"},"schema":{"@context":"https:\/\/schema.org","@graph":[{"@type":"Article","@id":"https:\/\/www.swiftcupeurope.com\/2016\/uncategorized\/2016-augusztus-5-7-salzburgring\/#article","isPartOf":{"@id":"https:\/\/www.swiftcupeurope.com\/2016\/uncategorized\/2016-augusztus-5-7-salzburgring\/"},"author":{"name":"swiftcupeurope","@id":"https:\/\/www.swiftcupeurope.com\/#\/schema\/person\/03cb2427aeeeeac4a49a03160d04e8fe"},"headline":"2016 augusztus 5-7. SALZBURGRING","datePublished":"2016-01-09T14:02:06+00:00","dateModified":"2016-01-09T14:02:06+00:00","mainEntityOfPage":{"@id":"https:\/\/www.swiftcupeurope.com\/2016\/uncategorized\/2016-augusztus-5-7-salzburgring\/"},"wordCount":18,"commentCount":0,"publisher":{"@id":"https:\/\/www.swiftcupeurope.com\/#organization"},"inLanguage":"en-US","potentialAction":[{"@type":"CommentAction","name":"Comment","target":["https:\/\/www.swiftcupeurope.com\/2016\/uncategorized\/2016-augusztus-5-7-salzburgring\/#respond"]}]},{"@type":"WebPage","@id":"https:\/\/www.swiftcupeurope.com\/2016\/uncategorized\/2016-augusztus-5-7-salzburgring\/","url":"https:\/\/www.swiftcupeurope.com\/2016\/uncategorized\/2016-augusztus-5-7-salzburgring\/","name":"2016 augusztus 5-7. SALZBURGRING - FIA Swift Cup Europe","isPartOf":{"@id":"https:\/\/www.swiftcupeurope.com\/#website"},"datePublished":"2016-01-09T14:02:06+00:00","dateModified":"2016-01-09T14:02:06+00:00","breadcrumb":{"@id":"https:\/\/www.swiftcupeurope.com\/2016\/uncategorized\/2016-augusztus-5-7-salzburgring\/#breadcrumb"},"inLanguage":"en-US","potentialAction":[{"@type":"ReadAction","target":["https:\/\/www.swiftcupeurope.com\/2016\/uncategorized\/2016-augusztus-5-7-salzburgring\/"]}]},{"@type":"BreadcrumbList","@id":"https:\/\/www.swiftcupeurope.com\/2016\/uncategorized\/2016-augusztus-5-7-salzburgring\/#breadcrumb","itemListElement":[{"@type":"ListItem","position":1,"name":"Kezd\u0151lap","item":"https:\/\/www.swiftcupeurope.com\/"},{"@type":"ListItem","position":2,"name":"2016 augusztus 5-7. SALZBURGRING"}]},{"@type":"WebSite","@id":"https:\/\/www.swiftcupeurope.com\/#website","url":"https:\/\/www.swiftcupeurope.com\/","name":"FIA Swift Cup Europe","description":"FIA Swift Cup Europe \/ Official Website","publisher":{"@id":"https:\/\/www.swiftcupeurope.com\/#organization"},"potentialAction":[{"@type":"SearchAction","target":{"@type":"EntryPoint","urlTemplate":"https:\/\/www.swiftcupeurope.com\/?s={search_term_string}"},"query-input":"required name=search_term_string"}],"inLanguage":"en-US"},{"@type":"Organization","@id":"https:\/\/www.swiftcupeurope.com\/#organization","name":"FIA Swift Cup Europe","url":"https:\/\/www.swiftcupeurope.com\/","logo":{"@type":"ImageObject","inLanguage":"en-US","@id":"https:\/\/www.swiftcupeurope.com\/#\/schema\/logo\/image\/","url":"https:\/\/www.swiftcupeurope.com\/wp-content\/uploads\/2021\/04\/cropped-sce_logo_2021inv.png","contentUrl":"https:\/\/www.swiftcupeurope.com\/wp-content\/uploads\/2021\/04\/cropped-sce_logo_2021inv.png","width":600,"height":120,"caption":"FIA Swift Cup Europe"},"image":{"@id":"https:\/\/www.swiftcupeurope.com\/#\/schema\/logo\/image\/"}},{"@type":"Person","@id":"https:\/\/www.swiftcupeurope.com\/#\/schema\/person\/03cb2427aeeeeac4a49a03160d04e8fe","name":"swiftcupeurope","url":"https:\/\/www.swiftcupeurope.com\/en\/author\/swiftcupeurope\/"}]}},"_links":{"self":[{"href":"https:\/\/www.swiftcupeurope.com\/en\/wp-json\/wp\/v2\/posts\/1282"}],"collection":[{"href":"https:\/\/www.swiftcupeurope.com\/en\/wp-json\/wp\/v2\/posts"}],"about":[{"href":"https:\/\/www.swiftcupeurope.com\/en\/wp-json\/wp\/v2\/types\/post"}],"author":[{"embeddable":true,"href":"https:\/\/www.swiftcupeurope.com\/en\/wp-json\/wp\/v2\/users\/2"}],"replies":[{"embeddable":true,"href":"https:\/\/www.swiftcupeurope.com\/en\/wp-json\/wp\/v2\/comments?post=1282"}],"version-history":[{"count":0,"href":"https:\/\/www.swiftcupeurope.com\/en\/wp-json\/wp\/v2\/posts\/1282\/revisions"}],"wp:featuredmedia":[{"embeddable":true,"href":"https:\/\/www.swiftcupeurope.com\/en\/wp-json\/wp\/v2\/media\/1614"}],"wp:attachment":[{"href":"https:\/\/www.swiftcupeurope.com\/en\/wp-json\/wp\/v2\/media?parent=1282"}],"wp:term":[{"taxonomy":"category","embeddable":true,"href":"https:\/\/www.swiftcupeurope.com\/en\/wp-json\/wp\/v2\/categories?post=1282"},{"taxonomy":"post_tag","embeddable":true,"href":"https:\/\/www.swiftcupeurope.com\/en\/wp-json\/wp\/v2\/tags?post=1282"}],"curies":[{"name":"wp","href":"https:\/\/api.w.org\/{rel}","templated":true}]}}